{"id":55646,"date":"2017-06-06T04:31:56","date_gmt":"2017-06-06T02:31:56","guid":{"rendered":"https:\/\/www.docuteam.ch\/journee-des-archives-09-06-2017\/"},"modified":"2025-07-16T13:44:42","modified_gmt":"2025-07-16T11:44:42","slug":"journee-des-archives-09-06-2017","status":"publish","type":"post","link":"https:\/\/www.docuteam.ch\/en\/journee-des-archives-09-06-2017\/","title":{"rendered":"Journ\u00e9e des archives (09.06.2017)"},"content":{"rendered":"<div class=\"wpb-content-wrapper\">[vc_row][vc_column][vc_column_text]Vendredi 9 juin 2017, les archivistes du monde entier c\u00e9l\u00e8brent la <a href=\"https:\/\/www.ica.org\/fr\/\" target=\"_blank\" rel=\"noopener noreferrer\">journ\u00e9e internationale des archives<\/a>. Sous le titre de \u00ab\u00a0Archives \u221e connecter\u00a0\u00bb, des manifestations se tiendront dans toute la Suisse pour montrer \u00e0 la fois le travail et le savoir des archivistes, faire revivre l\u2019Histoire (les histoires) qui repose dans les archives et \u00e9changer avec le public.<\/p>\n<p>Communiqu\u00e9 de presse de l\u2019Association des archivistes suisses (AAS) \u2013 mai 2017<\/p>\n<p>docuteam participera \u00e0 cette journ\u00e9e de plusieurs mani\u00e8res\u00a0:<\/p>\n<ul>\n<li><a href=\"https:\/\/www.stadt-solothurn.ch\/solothurnaktuell\">Les Archives de la Ville de Soleure<\/a> pr\u00e9senteront leurs d\u00e9p\u00f4ts, leurs inventaires en ligne et plein de trucs utiles pour une recherche en archives fructueuse.<\/li>\n<li>Trois communes neuch\u00e2teloises membres du Service intercommunal d\u2019archivage (<a href=\"http:\/\/www.siar.ch\/\" target=\"_blank\" rel=\"noopener noreferrer\">SIAr<\/a>) \u2013 Corcelles-Cormondr\u00e8che, Cornaux et Val-de-Ruz \u2013 <a href=\"http:\/\/www.siar.ch\/?p=458\" target=\"_blank\" rel=\"noopener noreferrer\">publieront en ligne leurs inventaires d\u2019archives<\/a>.<\/li>\n<li>Plusieurs collaborateurs romands participeront \u00e0 l\u2019atelier <a href=\"https:\/\/fr.wikipedia.org\/wiki\/Projet:Journ%C3%A9e_suisse_des_archives_2017\/D%C3%A9bat\" target=\"_blank\" rel=\"noopener noreferrer\">\u00ab\u00a0Les archives cantonales de Suisse romande investissent Wikip\u00e9dia\u00a0! Nos apports \u00e0 la connaissance en ligne\u00a0\u00bb<\/a>. \u00c0 cette occasion, un <a href=\"https:\/\/fr.wikipedia.org\/wiki\/Mod%C3%A8le:Cite_archive\" target=\"_top\" rel=\"noopener\">mod\u00e8le de citation d\u2019archives<\/a> a \u00e9t\u00e9 cr\u00e9\u00e9 par la communaut\u00e9 Wikip\u00e9dia et test\u00e9 par nous.<\/li>\n<\/ul>\n<p>Venez nous rejoindre \u00e0 l\u2019un ou l\u2019autre de ces \u00e9v\u00e9nements\u00a0![\/vc_column_text][\/vc_column][\/vc_row]\n<\/div>","protected":false},"excerpt":{"rendered":"<p>[vc_row][vc_column][vc_column_text]Vendredi 9 juin 2017, les archivistes du monde entier c\u00e9l\u00e8brent la journ\u00e9e internationale des archives. Sous le titre de \u00ab\u00a0Archives \u221e connecter\u00a0\u00bb, des manifestations se tiendront dans toute la Suisse pour montrer \u00e0 la fois le travail et le savoir des archivistes, faire revivre l\u2019Histoire (les histoires) qui repose dans les archives et \u00e9changer avec&hellip;<\/p>\n","protected":false},"author":2,"featured_media":0,"comment_status":"open","ping_status":"open","sticky":false,"template":"","format":"standard","meta":{"footnotes":""},"categories":[102,64],"tags":[],"post_series":[],"class_list":["post-55646","post","type-post","status-publish","format-standard","hentry","category-latest-news","category-trainings","entry","no-media"],"yoast_head":"<!-- This site is optimized with the Yoast SEO plugin v27.5 - https:\/\/yoast.com\/product\/yoast-seo-wordpress\/ -->\n<title>docuteam - Journ\u00e9e des archives (09.06.2017)<\/title>\n<meta name=\"robots\" content=\"index, follow, max-snippet:-1, max-image-preview:large, max-video-preview:-1\" \/>\n<link rel=\"canonical\" href=\"https:\/\/www.docuteam.ch\/en\/journee-des-archives-09-06-2017\/\" \/>\n<meta property=\"og:locale\" content=\"en_US\" \/>\n<meta property=\"og:type\" content=\"article\" \/>\n<meta property=\"og:title\" content=\"docuteam - Journ\u00e9e des archives (09.06.2017)\" \/>\n<meta property=\"og:description\" content=\"[vc_row][vc_column][vc_column_text]Vendredi 9 juin 2017, les archivistes du monde entier c\u00e9l\u00e8brent la journ\u00e9e internationale des archives. Sous le titre de \u00ab\u00a0Archives \u221e connecter\u00a0\u00bb, des manifestations se tiendront dans toute la Suisse pour montrer \u00e0 la fois le travail et le savoir des archivistes, faire revivre l\u2019Histoire (les histoires) qui repose dans les archives et \u00e9changer avec&hellip;\" \/>\n<meta property=\"og:url\" content=\"https:\/\/www.docuteam.ch\/en\/journee-des-archives-09-06-2017\/\" \/>\n<meta property=\"og:site_name\" content=\"docuteam\" \/>\n<meta property=\"article:published_time\" content=\"2017-06-06T02:31:56+00:00\" \/>\n<meta property=\"article:modified_time\" content=\"2025-07-16T11:44:42+00:00\" \/>\n<meta property=\"og:image\" content=\"https:\/\/www.docuteam.ch\/wp-content\/uploads\/2021\/04\/docuteam_ueberuns_UltraHD-scaled.jpg\" \/>\n\t<meta property=\"og:image:width\" content=\"2560\" \/>\n\t<meta property=\"og:image:height\" content=\"1440\" \/>\n\t<meta property=\"og:image:type\" content=\"image\/jpeg\" \/>\n<meta name=\"author\" content=\"Julie Baumberger\" \/>\n<meta name=\"twitter:card\" content=\"summary_large_image\" \/>\n<meta name=\"twitter:creator\" content=\"@DocuteamCH\" \/>\n<meta name=\"twitter:site\" content=\"@DocuteamCH\" \/>\n<script type=\"application\/ld+json\" class=\"yoast-schema-graph\">{\"@context\":\"https:\\\/\\\/schema.org\",\"@graph\":[{\"@type\":\"Article\",\"@id\":\"https:\\\/\\\/www.docuteam.ch\\\/en\\\/journee-des-archives-09-06-2017\\\/#article\",\"isPartOf\":{\"@id\":\"https:\\\/\\\/www.docuteam.ch\\\/en\\\/journee-des-archives-09-06-2017\\\/\"},\"author\":{\"name\":\"Julie Baumberger\",\"@id\":\"https:\\\/\\\/www.docuteam.ch\\\/en\\\/#\\\/schema\\\/person\\\/d4f8bdbdf0c6af49ca07455bcf1b02ff\"},\"headline\":\"Journ\u00e9e des archives (09.06.2017)\",\"datePublished\":\"2017-06-06T02:31:56+00:00\",\"dateModified\":\"2025-07-16T11:44:42+00:00\",\"mainEntityOfPage\":{\"@id\":\"https:\\\/\\\/www.docuteam.ch\\\/en\\\/journee-des-archives-09-06-2017\\\/\"},\"wordCount\":200,\"commentCount\":0,\"publisher\":{\"@id\":\"https:\\\/\\\/www.docuteam.ch\\\/en\\\/#organization\"},\"articleSection\":[\"Latest news\",\"Trainings\"],\"inLanguage\":\"en-US\",\"potentialAction\":[{\"@type\":\"CommentAction\",\"name\":\"Comment\",\"target\":[\"https:\\\/\\\/www.docuteam.ch\\\/en\\\/journee-des-archives-09-06-2017\\\/#respond\"]}]},{\"@type\":\"WebPage\",\"@id\":\"https:\\\/\\\/www.docuteam.ch\\\/en\\\/journee-des-archives-09-06-2017\\\/\",\"url\":\"https:\\\/\\\/www.docuteam.ch\\\/en\\\/journee-des-archives-09-06-2017\\\/\",\"name\":\"docuteam - Journ\u00e9e des archives (09.06.2017)\",\"isPartOf\":{\"@id\":\"https:\\\/\\\/www.docuteam.ch\\\/en\\\/#website\"},\"datePublished\":\"2017-06-06T02:31:56+00:00\",\"dateModified\":\"2025-07-16T11:44:42+00:00\",\"breadcrumb\":{\"@id\":\"https:\\\/\\\/www.docuteam.ch\\\/en\\\/journee-des-archives-09-06-2017\\\/#breadcrumb\"},\"inLanguage\":\"en-US\",\"potentialAction\":[{\"@type\":\"ReadAction\",\"target\":[\"https:\\\/\\\/www.docuteam.ch\\\/en\\\/journee-des-archives-09-06-2017\\\/\"]}]},{\"@type\":\"BreadcrumbList\",\"@id\":\"https:\\\/\\\/www.docuteam.ch\\\/en\\\/journee-des-archives-09-06-2017\\\/#breadcrumb\",\"itemListElement\":[{\"@type\":\"ListItem\",\"position\":1,\"name\":\"Accueil\",\"item\":\"https:\\\/\\\/www.docuteam.ch\\\/en\\\/\"},{\"@type\":\"ListItem\",\"position\":2,\"name\":\"Journ\u00e9e des archives (09.06.2017)\"}]},{\"@type\":\"WebSite\",\"@id\":\"https:\\\/\\\/www.docuteam.ch\\\/en\\\/#website\",\"url\":\"https:\\\/\\\/www.docuteam.ch\\\/en\\\/\",\"name\":\"docuteam\",\"description\":\"Informationen sind Ihr langfristiges Kapital\",\"publisher\":{\"@id\":\"https:\\\/\\\/www.docuteam.ch\\\/en\\\/#organization\"},\"potentialAction\":[{\"@type\":\"SearchAction\",\"target\":{\"@type\":\"EntryPoint\",\"urlTemplate\":\"https:\\\/\\\/www.docuteam.ch\\\/en\\\/?s={search_term_string}\"},\"query-input\":{\"@type\":\"PropertyValueSpecification\",\"valueRequired\":true,\"valueName\":\"search_term_string\"}}],\"inLanguage\":\"en-US\"},{\"@type\":\"Organization\",\"@id\":\"https:\\\/\\\/www.docuteam.ch\\\/en\\\/#organization\",\"name\":\"docuteam\",\"url\":\"https:\\\/\\\/www.docuteam.ch\\\/en\\\/\",\"logo\":{\"@type\":\"ImageObject\",\"inLanguage\":\"en-US\",\"@id\":\"https:\\\/\\\/www.docuteam.ch\\\/en\\\/#\\\/schema\\\/logo\\\/image\\\/\",\"url\":\"https:\\\/\\\/www.docuteam.ch\\\/wp-content\\\/uploads\\\/2021\\\/03\\\/docuteam_big.png\",\"contentUrl\":\"https:\\\/\\\/www.docuteam.ch\\\/wp-content\\\/uploads\\\/2021\\\/03\\\/docuteam_big.png\",\"width\":200,\"height\":45,\"caption\":\"docuteam\"},\"image\":{\"@id\":\"https:\\\/\\\/www.docuteam.ch\\\/en\\\/#\\\/schema\\\/logo\\\/image\\\/\"},\"sameAs\":[\"https:\\\/\\\/x.com\\\/DocuteamCH\",\"https:\\\/\\\/www.linkedin.com\\\/company\\\/docuteam-ag\\\/mycompany\\\/\"]},{\"@type\":\"Person\",\"@id\":\"https:\\\/\\\/www.docuteam.ch\\\/en\\\/#\\\/schema\\\/person\\\/d4f8bdbdf0c6af49ca07455bcf1b02ff\",\"name\":\"Julie Baumberger\",\"image\":{\"@type\":\"ImageObject\",\"inLanguage\":\"en-US\",\"@id\":\"https:\\\/\\\/secure.gravatar.com\\\/avatar\\\/dec439982d586cb460b3a04a83a48877770ea3fa74f35ef84475a5996eeb88e5?s=96&d=mm&r=g\",\"url\":\"https:\\\/\\\/secure.gravatar.com\\\/avatar\\\/dec439982d586cb460b3a04a83a48877770ea3fa74f35ef84475a5996eeb88e5?s=96&d=mm&r=g\",\"contentUrl\":\"https:\\\/\\\/secure.gravatar.com\\\/avatar\\\/dec439982d586cb460b3a04a83a48877770ea3fa74f35ef84475a5996eeb88e5?s=96&d=mm&r=g\",\"caption\":\"Julie Baumberger\"},\"url\":\"https:\\\/\\\/www.docuteam.ch\\\/en\\\/author\\\/julie\\\/\"}]}<\/script>\n<!-- \/ Yoast SEO plugin. -->","yoast_head_json":{"title":"docuteam - Journ\u00e9e des archives (09.06.2017)","robots":{"index":"index","follow":"follow","max-snippet":"max-snippet:-1","max-image-preview":"max-image-preview:large","max-video-preview":"max-video-preview:-1"},"canonical":"https:\/\/www.docuteam.ch\/en\/journee-des-archives-09-06-2017\/","og_locale":"en_US","og_type":"article","og_title":"docuteam - Journ\u00e9e des archives (09.06.2017)","og_description":"[vc_row][vc_column][vc_column_text]Vendredi 9 juin 2017, les archivistes du monde entier c\u00e9l\u00e8brent la journ\u00e9e internationale des archives. Sous le titre de \u00ab\u00a0Archives \u221e connecter\u00a0\u00bb, des manifestations se tiendront dans toute la Suisse pour montrer \u00e0 la fois le travail et le savoir des archivistes, faire revivre l\u2019Histoire (les histoires) qui repose dans les archives et \u00e9changer avec&hellip;","og_url":"https:\/\/www.docuteam.ch\/en\/journee-des-archives-09-06-2017\/","og_site_name":"docuteam","article_published_time":"2017-06-06T02:31:56+00:00","article_modified_time":"2025-07-16T11:44:42+00:00","og_image":[{"width":2560,"height":1440,"url":"https:\/\/www.docuteam.ch\/wp-content\/uploads\/2021\/04\/docuteam_ueberuns_UltraHD-scaled.jpg","type":"image\/jpeg"}],"author":"Julie Baumberger","twitter_card":"summary_large_image","twitter_creator":"@DocuteamCH","twitter_site":"@DocuteamCH","schema":{"@context":"https:\/\/schema.org","@graph":[{"@type":"Article","@id":"https:\/\/www.docuteam.ch\/en\/journee-des-archives-09-06-2017\/#article","isPartOf":{"@id":"https:\/\/www.docuteam.ch\/en\/journee-des-archives-09-06-2017\/"},"author":{"name":"Julie Baumberger","@id":"https:\/\/www.docuteam.ch\/en\/#\/schema\/person\/d4f8bdbdf0c6af49ca07455bcf1b02ff"},"headline":"Journ\u00e9e des archives (09.06.2017)","datePublished":"2017-06-06T02:31:56+00:00","dateModified":"2025-07-16T11:44:42+00:00","mainEntityOfPage":{"@id":"https:\/\/www.docuteam.ch\/en\/journee-des-archives-09-06-2017\/"},"wordCount":200,"commentCount":0,"publisher":{"@id":"https:\/\/www.docuteam.ch\/en\/#organization"},"articleSection":["Latest news","Trainings"],"inLanguage":"en-US","potentialAction":[{"@type":"CommentAction","name":"Comment","target":["https:\/\/www.docuteam.ch\/en\/journee-des-archives-09-06-2017\/#respond"]}]},{"@type":"WebPage","@id":"https:\/\/www.docuteam.ch\/en\/journee-des-archives-09-06-2017\/","url":"https:\/\/www.docuteam.ch\/en\/journee-des-archives-09-06-2017\/","name":"docuteam - Journ\u00e9e des archives (09.06.2017)","isPartOf":{"@id":"https:\/\/www.docuteam.ch\/en\/#website"},"datePublished":"2017-06-06T02:31:56+00:00","dateModified":"2025-07-16T11:44:42+00:00","breadcrumb":{"@id":"https:\/\/www.docuteam.ch\/en\/journee-des-archives-09-06-2017\/#breadcrumb"},"inLanguage":"en-US","potentialAction":[{"@type":"ReadAction","target":["https:\/\/www.docuteam.ch\/en\/journee-des-archives-09-06-2017\/"]}]},{"@type":"BreadcrumbList","@id":"https:\/\/www.docuteam.ch\/en\/journee-des-archives-09-06-2017\/#breadcrumb","itemListElement":[{"@type":"ListItem","position":1,"name":"Accueil","item":"https:\/\/www.docuteam.ch\/en\/"},{"@type":"ListItem","position":2,"name":"Journ\u00e9e des archives (09.06.2017)"}]},{"@type":"WebSite","@id":"https:\/\/www.docuteam.ch\/en\/#website","url":"https:\/\/www.docuteam.ch\/en\/","name":"docuteam","description":"Informationen sind Ihr langfristiges Kapital","publisher":{"@id":"https:\/\/www.docuteam.ch\/en\/#organization"},"potentialAction":[{"@type":"SearchAction","target":{"@type":"EntryPoint","urlTemplate":"https:\/\/www.docuteam.ch\/en\/?s={search_term_string}"},"query-input":{"@type":"PropertyValueSpecification","valueRequired":true,"valueName":"search_term_string"}}],"inLanguage":"en-US"},{"@type":"Organization","@id":"https:\/\/www.docuteam.ch\/en\/#organization","name":"docuteam","url":"https:\/\/www.docuteam.ch\/en\/","logo":{"@type":"ImageObject","inLanguage":"en-US","@id":"https:\/\/www.docuteam.ch\/en\/#\/schema\/logo\/image\/","url":"https:\/\/www.docuteam.ch\/wp-content\/uploads\/2021\/03\/docuteam_big.png","contentUrl":"https:\/\/www.docuteam.ch\/wp-content\/uploads\/2021\/03\/docuteam_big.png","width":200,"height":45,"caption":"docuteam"},"image":{"@id":"https:\/\/www.docuteam.ch\/en\/#\/schema\/logo\/image\/"},"sameAs":["https:\/\/x.com\/DocuteamCH","https:\/\/www.linkedin.com\/company\/docuteam-ag\/mycompany\/"]},{"@type":"Person","@id":"https:\/\/www.docuteam.ch\/en\/#\/schema\/person\/d4f8bdbdf0c6af49ca07455bcf1b02ff","name":"Julie Baumberger","image":{"@type":"ImageObject","inLanguage":"en-US","@id":"https:\/\/secure.gravatar.com\/avatar\/dec439982d586cb460b3a04a83a48877770ea3fa74f35ef84475a5996eeb88e5?s=96&d=mm&r=g","url":"https:\/\/secure.gravatar.com\/avatar\/dec439982d586cb460b3a04a83a48877770ea3fa74f35ef84475a5996eeb88e5?s=96&d=mm&r=g","contentUrl":"https:\/\/secure.gravatar.com\/avatar\/dec439982d586cb460b3a04a83a48877770ea3fa74f35ef84475a5996eeb88e5?s=96&d=mm&r=g","caption":"Julie Baumberger"},"url":"https:\/\/www.docuteam.ch\/en\/author\/julie\/"}]}},"_links":{"self":[{"href":"https:\/\/www.docuteam.ch\/en\/wp-json\/wp\/v2\/posts\/55646","targetHints":{"allow":["GET"]}}],"collection":[{"href":"https:\/\/www.docuteam.ch\/en\/wp-json\/wp\/v2\/posts"}],"about":[{"href":"https:\/\/www.docuteam.ch\/en\/wp-json\/wp\/v2\/types\/post"}],"author":[{"embeddable":true,"href":"https:\/\/www.docuteam.ch\/en\/wp-json\/wp\/v2\/users\/2"}],"replies":[{"embeddable":true,"href":"https:\/\/www.docuteam.ch\/en\/wp-json\/wp\/v2\/comments?post=55646"}],"version-history":[{"count":1,"href":"https:\/\/www.docuteam.ch\/en\/wp-json\/wp\/v2\/posts\/55646\/revisions"}],"predecessor-version":[{"id":55647,"href":"https:\/\/www.docuteam.ch\/en\/wp-json\/wp\/v2\/posts\/55646\/revisions\/55647"}],"wp:attachment":[{"href":"https:\/\/www.docuteam.ch\/en\/wp-json\/wp\/v2\/media?parent=55646"}],"wp:term":[{"taxonomy":"category","embeddable":true,"href":"https:\/\/www.docuteam.ch\/en\/wp-json\/wp\/v2\/categories?post=55646"},{"taxonomy":"post_tag","embeddable":true,"href":"https:\/\/www.docuteam.ch\/en\/wp-json\/wp\/v2\/tags?post=55646"},{"taxonomy":"post_series","embeddable":true,"href":"https:\/\/www.docuteam.ch\/en\/wp-json\/wp\/v2\/post_series?post=55646"}],"curies":[{"name":"wp","href":"https:\/\/api.w.org\/{rel}","templated":true}]}}