{"id":55678,"date":"2019-12-12T00:40:09","date_gmt":"2019-12-11T22:40:09","guid":{"rendered":"https:\/\/www.docuteam.ch\/docuteam-community-day-2019\/"},"modified":"2025-02-18T16:07:12","modified_gmt":"2025-02-18T14:07:12","slug":"docuteam-community-day-2019","status":"publish","type":"post","link":"https:\/\/www.docuteam.ch\/en\/docuteam-community-day-2019\/","title":{"rendered":"docuteam Community Day 2019"},"content":{"rendered":"<p>Der bereits zum dritten Mal durchgef\u00fchrte docuteam Community Day fand am 30. Oktober 2019 wie letztes Jahr an der FHNW in Olten statt. Das hat sich bew\u00e4hrt, erstens ist Olten aus der ganzen Schweiz gut erreichbar und zweitens sind die R\u00e4ume an der Fachhochschule bestens ausgestattet. F\u00fcr den Tag hatten sich total 60 Teilnehmer*innen angemeldet, wir waren ausgebucht. Die Teilnehmenden stammten aus Archiven, Forschungsbibliotheken und Museen, die Durchmischung und die Mehrsprachigkeit haben sich bew\u00e4hrt und es kommt so zum Austausch \u00fcber die Institutions- und Dom\u00e4nengrenze hinweg.<\/p>\n<p>Wir haben den Tag neu in drei Tracks unterteilt und es wurde uns auch bewusst, dass etliche Personen unsere Werkzeuge noch gar nicht kannten, so war Track A sowohl am Morgen wie auch am Nachmittag sehr gut besucht. In Track B zeigte sich die Wichtigkeit von Schnittstellen, dieses Thema wird uns auch in n\u00e4chster Zeit begleiten. Wenn wir in der Cloud archivieren wollen, dann sind gute Maschinenschnittstellen eine wichtige Voraussetzung daf\u00fcr. Im Track C konnten wir am Morgen \u00fcber den Stand von Fedora 6 informieren und am Nachmittag an der Konzeption des neuen webbasierten Ablieferungswerkzeugs weiterarbeiten.<\/p>\n<p><img loading=\"lazy\" decoding=\"async\" class=\"aligncenter wp-image-2870 size-large\" src=\"http:\/\/www.docuteam.ch\/wp-content\/uploads\/2019\/12\/2019-10-30-15.13.07-1024x768.jpg\" alt=\"\" width=\"980\" height=\"735\" \/><\/p>\n<p>Der Tag wurde mit einem Bier oder einem Glas Weisswein beschlossen. Wir danken allen f\u00fcr das Interesse und die Zeit, die sie in diesen Tag investiert haben. Unseren n\u00e4chsten Community Day werden wir am 21. Oktober 2020 durchf\u00fchren. Die R\u00e4ume an der FHNW sind bereits wieder reserviert!<\/p>\n<h2 id=\"programme_programm\" class=\"sectionedit4\"><\/h2>\n<div class=\"level2\">\n<div class=\"table sectionedit5\">\n<table class=\"inline\">\n<thead>\n<tr class=\"row0\">\n<th class=\"col0 leftalign\">Zeit<\/th>\n<th class=\"col1\" colspan=\"3\">Programme \/ Programm<\/th>\n<\/tr>\n<\/thead>\n<tbody>\n<tr class=\"row1\">\n<td class=\"col0\">D\u00e8s\/Ab 9.45<\/td>\n<td class=\"col1\" colspan=\"3\"><strong>Accueil<\/strong>\/<strong>Eintreffen,<\/strong>\u00a0Registrierung, Kaffee<\/td>\n<\/tr>\n<tr class=\"row2\">\n<td class=\"col0\">10.15-10.30<\/td>\n<td class=\"col1\" colspan=\"3\"><strong>Introduction<\/strong>\/<strong>Einf\u00fchrung<\/strong>\u00a0in den Tag<\/td>\n<\/tr>\n<tr class=\"row3\">\n<td class=\"col0\">10.30-11.00<\/td>\n<td class=\"col1\" colspan=\"3\"><strong>Pr\u00e9sentation<\/strong>\/<strong>Einf\u00fchrungsreferat:<\/strong>\u00a0<a class=\"urlextern\" title=\"https:\/\/wiki.docuteam.ch\/lib\/exe\/fetch.php?media=docuteam:praes_docuteam_trends_20191030_wi.pdf\" href=\"https:\/\/wiki.docuteam.ch\/lib\/exe\/fetch.php?media=docuteam:praes_docuteam_trends_20191030_wi.pdf\" rel=\"nofollow\">Aktuelle Trends in der digitalen Archivierung (Tobias Wildi)<\/a><\/td>\n<\/tr>\n<tr class=\"row4\">\n<td class=\"col0\"><\/td>\n<td class=\"col1\"><strong>Track A:<br \/>\nGrundlagen und praktische Anwendung<\/strong><\/td>\n<td class=\"col2\"><strong>Track B:<br \/>\nModularit\u00e4t und Schnittstellen<\/strong><\/td>\n<td class=\"col3\"><strong>Track C:<br \/>\nNeuentwicklungen<\/strong><\/td>\n<\/tr>\n<tr class=\"row5\">\n<td class=\"col0\">11.00-12.30<\/td>\n<td class=\"col1 leftalign\"><strong>Workshop A1:<\/strong>\u00a0Das Big Picture: \u00dcbersicht \u00fcber die docuteam-Werkzeuge. docuteam packer, docuteam feeder, AtoM, Fedora (Leitung: Christian Moser, Tobias Wildi)<\/td>\n<td class=\"col2 leftalign\"><strong>Workshop B1:<\/strong>\u00a0<a class=\"urlextern\" title=\"https:\/\/wiki.docuteam.ch\/lib\/exe\/fetch.php?media=docuteam:praes_modularitaetundschnittstellen_20191030_kr_schu_weg.pdf\" href=\"https:\/\/wiki.docuteam.ch\/lib\/exe\/fetch.php?media=docuteam:praes_modularitaetundschnittstellen_20191030_kr_schu_weg.pdf\" rel=\"nofollow\">docuteam bridge und docuteam ginger. Schnittstellen und Automatisierung f\u00fcr die Ablieferung und Nutzung. Web- und Twitter-Archivierung. (Leitung: Jan Krause, Irina Schubert, Florian Wegelin)<\/a><\/td>\n<td class=\"col3 leftalign\"><strong>Workshop C1:<\/strong>\u00a0<a class=\"urlextern\" title=\"https:\/\/wiki.docuteam.ch\/lib\/exe\/fetch.php?media=docuteam:praes_fedora-6-und-linked-data_20191030_be-nf.pdf\" href=\"https:\/\/wiki.docuteam.ch\/lib\/exe\/fetch.php?media=docuteam:praes_fedora-6-und-linked-data_20191030_be-nf.pdf\" rel=\"nofollow\">Stand Fedora 6 und Linked Data (Leitung: Thomas Bernhart, Andreas Nef)<\/a><\/td>\n<\/tr>\n<tr class=\"row6\">\n<td class=\"col0\">12.30-13.45<\/td>\n<td class=\"col1\" colspan=\"3\"><strong>Mittagessen<\/strong><\/td>\n<\/tr>\n<tr class=\"row7\">\n<td class=\"col0\">13.45-15.15<\/td>\n<td class=\"col1\"><strong>Workshop A2:<\/strong>\u00a0Praktische \u00dcbungen mit docuteam packer. Bildung und Vorbereitung von digitalen Ablieferungen. (Leitung: Irina Schubert, Christian Moser)<\/td>\n<td class=\"col2\"><strong>Workshop B2:<\/strong>\u00a0<a class=\"urlextern\" title=\"https:\/\/wiki.docuteam.ch\/lib\/exe\/fetch.php?media=docuteam:praes_workshopb2atom_20191030_no.pdf\" href=\"https:\/\/wiki.docuteam.ch\/lib\/exe\/fetch.php?media=docuteam:praes_workshopb2atom_20191030_no.pdf\" rel=\"nofollow\">AtoM als Archivinformationssystem f\u00fcr Verbundsl\u00f6sungen (Leitung: Fr\u00e9d\u00e9ric Noyer, Roger Rutishauser)<\/a><\/td>\n<td class=\"col3\"><strong>Workshop C2:<\/strong>\u00a0Konzept f\u00fcr ein neues webbasiertes Ablieferungswerkzeug, welches wir zusammen mit der Usergroup entwickeln. (Leitung: Andreas Nef, Tobias Wildi)<\/td>\n<\/tr>\n<tr class=\"row8\">\n<td class=\"col0\">15.15-15.30<\/td>\n<td class=\"col1\" colspan=\"3\"><strong>Synth\u00e8ses<\/strong>, avons-nous r\u00e9pondu \u00e0 vos attentes?\u00a0<strong>Wrap-Up,<\/strong>\u00a0sind die Erwartungen an den Tag erf\u00fcllt worden? (Fr\u00e9d\u00e9ric Noyer)<\/td>\n<\/tr>\n<tr class=\"row9\">\n<td class=\"col0\">D\u00e8s\/Ab 15.30<\/td>\n<td class=\"col1\" colspan=\"3\">Suite des \u00e9changes par groupes autour d&#8217;une bi\u00e8re. Weitere Diskussion in verschiedenen Themengruppen bei einem Bier.<\/td>\n<\/tr>\n<\/tbody>\n<\/table>\n<\/div>\n<\/div>\n<h2 id=\"kurzprortrait_der_personen\" class=\"sectionedit6\"><\/h2>\n<p>&nbsp;<\/p>\n","protected":false},"excerpt":{"rendered":"<p>Der bereits zum dritten Mal durchgef\u00fchrte docuteam Community Day fand am 30. Oktober 2019 wie letztes Jahr an der FHNW in Olten statt. Das hat sich bew\u00e4hrt, erstens ist Olten aus der ganzen Schweiz gut erreichbar und zweitens sind die R\u00e4ume an der Fachhochschule bestens ausgestattet. F\u00fcr den Tag hatten sich total 60 Teilnehmer*innen angemeldet,&hellip;<\/p>\n","protected":false},"author":2,"featured_media":0,"comment_status":"open","ping_status":"open","sticky":false,"template":"","format":"standard","meta":{"footnotes":""},"categories":[102,64],"tags":[],"post_series":[],"class_list":["post-55678","post","type-post","status-publish","format-standard","hentry","category-latest-news","category-trainings","entry","no-media"],"yoast_head":"<!-- This site is optimized with the Yoast SEO plugin v27.5 - https:\/\/yoast.com\/product\/yoast-seo-wordpress\/ -->\n<title>docuteam - docuteam Community Day 2019<\/title>\n<meta name=\"robots\" content=\"index, follow, max-snippet:-1, max-image-preview:large, max-video-preview:-1\" \/>\n<link rel=\"canonical\" href=\"https:\/\/www.docuteam.ch\/en\/docuteam-community-day-2019\/\" \/>\n<meta property=\"og:locale\" content=\"en_US\" \/>\n<meta property=\"og:type\" content=\"article\" \/>\n<meta property=\"og:title\" content=\"docuteam - docuteam Community Day 2019\" \/>\n<meta property=\"og:description\" content=\"Der bereits zum dritten Mal durchgef\u00fchrte docuteam Community Day fand am 30. Oktober 2019 wie letztes Jahr an der FHNW in Olten statt. Das hat sich bew\u00e4hrt, erstens ist Olten aus der ganzen Schweiz gut erreichbar und zweitens sind die R\u00e4ume an der Fachhochschule bestens ausgestattet. F\u00fcr den Tag hatten sich total 60 Teilnehmer*innen angemeldet,&hellip;\" \/>\n<meta property=\"og:url\" content=\"https:\/\/www.docuteam.ch\/en\/docuteam-community-day-2019\/\" \/>\n<meta property=\"og:site_name\" content=\"docuteam\" \/>\n<meta property=\"article:published_time\" content=\"2019-12-11T22:40:09+00:00\" \/>\n<meta property=\"article:modified_time\" content=\"2025-02-18T14:07:12+00:00\" \/>\n<meta property=\"og:image\" content=\"https:\/\/www.docuteam.ch\/wp-content\/uploads\/2021\/04\/docuteam_ueberuns_UltraHD-scaled.jpg\" \/>\n\t<meta property=\"og:image:width\" content=\"2560\" \/>\n\t<meta property=\"og:image:height\" content=\"1440\" \/>\n\t<meta property=\"og:image:type\" content=\"image\/jpeg\" \/>\n<meta name=\"author\" content=\"Julie Baumberger\" \/>\n<meta name=\"twitter:card\" content=\"summary_large_image\" \/>\n<meta name=\"twitter:creator\" content=\"@DocuteamCH\" \/>\n<meta name=\"twitter:site\" content=\"@DocuteamCH\" \/>\n<script type=\"application\/ld+json\" class=\"yoast-schema-graph\">{\"@context\":\"https:\\\/\\\/schema.org\",\"@graph\":[{\"@type\":\"Article\",\"@id\":\"https:\\\/\\\/www.docuteam.ch\\\/en\\\/docuteam-community-day-2019\\\/#article\",\"isPartOf\":{\"@id\":\"https:\\\/\\\/www.docuteam.ch\\\/en\\\/docuteam-community-day-2019\\\/\"},\"author\":{\"name\":\"Julie Baumberger\",\"@id\":\"https:\\\/\\\/www.docuteam.ch\\\/en\\\/#\\\/schema\\\/person\\\/d4f8bdbdf0c6af49ca07455bcf1b02ff\"},\"headline\":\"docuteam Community Day 2019\",\"datePublished\":\"2019-12-11T22:40:09+00:00\",\"dateModified\":\"2025-02-18T14:07:12+00:00\",\"mainEntityOfPage\":{\"@id\":\"https:\\\/\\\/www.docuteam.ch\\\/en\\\/docuteam-community-day-2019\\\/\"},\"wordCount\":444,\"commentCount\":0,\"publisher\":{\"@id\":\"https:\\\/\\\/www.docuteam.ch\\\/en\\\/#organization\"},\"image\":{\"@id\":\"https:\\\/\\\/www.docuteam.ch\\\/en\\\/docuteam-community-day-2019\\\/#primaryimage\"},\"thumbnailUrl\":\"http:\\\/\\\/www.docuteam.ch\\\/wp-content\\\/uploads\\\/2019\\\/12\\\/2019-10-30-15.13.07-1024x768.jpg\",\"articleSection\":[\"Latest news\",\"Trainings\"],\"inLanguage\":\"en-US\",\"potentialAction\":[{\"@type\":\"CommentAction\",\"name\":\"Comment\",\"target\":[\"https:\\\/\\\/www.docuteam.ch\\\/en\\\/docuteam-community-day-2019\\\/#respond\"]}]},{\"@type\":\"WebPage\",\"@id\":\"https:\\\/\\\/www.docuteam.ch\\\/en\\\/docuteam-community-day-2019\\\/\",\"url\":\"https:\\\/\\\/www.docuteam.ch\\\/en\\\/docuteam-community-day-2019\\\/\",\"name\":\"docuteam - docuteam Community Day 2019\",\"isPartOf\":{\"@id\":\"https:\\\/\\\/www.docuteam.ch\\\/en\\\/#website\"},\"primaryImageOfPage\":{\"@id\":\"https:\\\/\\\/www.docuteam.ch\\\/en\\\/docuteam-community-day-2019\\\/#primaryimage\"},\"image\":{\"@id\":\"https:\\\/\\\/www.docuteam.ch\\\/en\\\/docuteam-community-day-2019\\\/#primaryimage\"},\"thumbnailUrl\":\"http:\\\/\\\/www.docuteam.ch\\\/wp-content\\\/uploads\\\/2019\\\/12\\\/2019-10-30-15.13.07-1024x768.jpg\",\"datePublished\":\"2019-12-11T22:40:09+00:00\",\"dateModified\":\"2025-02-18T14:07:12+00:00\",\"breadcrumb\":{\"@id\":\"https:\\\/\\\/www.docuteam.ch\\\/en\\\/docuteam-community-day-2019\\\/#breadcrumb\"},\"inLanguage\":\"en-US\",\"potentialAction\":[{\"@type\":\"ReadAction\",\"target\":[\"https:\\\/\\\/www.docuteam.ch\\\/en\\\/docuteam-community-day-2019\\\/\"]}]},{\"@type\":\"ImageObject\",\"inLanguage\":\"en-US\",\"@id\":\"https:\\\/\\\/www.docuteam.ch\\\/en\\\/docuteam-community-day-2019\\\/#primaryimage\",\"url\":\"http:\\\/\\\/www.docuteam.ch\\\/wp-content\\\/uploads\\\/2019\\\/12\\\/2019-10-30-15.13.07-1024x768.jpg\",\"contentUrl\":\"http:\\\/\\\/www.docuteam.ch\\\/wp-content\\\/uploads\\\/2019\\\/12\\\/2019-10-30-15.13.07-1024x768.jpg\"},{\"@type\":\"BreadcrumbList\",\"@id\":\"https:\\\/\\\/www.docuteam.ch\\\/en\\\/docuteam-community-day-2019\\\/#breadcrumb\",\"itemListElement\":[{\"@type\":\"ListItem\",\"position\":1,\"name\":\"Accueil\",\"item\":\"https:\\\/\\\/www.docuteam.ch\\\/en\\\/\"},{\"@type\":\"ListItem\",\"position\":2,\"name\":\"docuteam Community Day 2019\"}]},{\"@type\":\"WebSite\",\"@id\":\"https:\\\/\\\/www.docuteam.ch\\\/en\\\/#website\",\"url\":\"https:\\\/\\\/www.docuteam.ch\\\/en\\\/\",\"name\":\"docuteam\",\"description\":\"Informationen sind Ihr langfristiges Kapital\",\"publisher\":{\"@id\":\"https:\\\/\\\/www.docuteam.ch\\\/en\\\/#organization\"},\"potentialAction\":[{\"@type\":\"SearchAction\",\"target\":{\"@type\":\"EntryPoint\",\"urlTemplate\":\"https:\\\/\\\/www.docuteam.ch\\\/en\\\/?s={search_term_string}\"},\"query-input\":{\"@type\":\"PropertyValueSpecification\",\"valueRequired\":true,\"valueName\":\"search_term_string\"}}],\"inLanguage\":\"en-US\"},{\"@type\":\"Organization\",\"@id\":\"https:\\\/\\\/www.docuteam.ch\\\/en\\\/#organization\",\"name\":\"docuteam\",\"url\":\"https:\\\/\\\/www.docuteam.ch\\\/en\\\/\",\"logo\":{\"@type\":\"ImageObject\",\"inLanguage\":\"en-US\",\"@id\":\"https:\\\/\\\/www.docuteam.ch\\\/en\\\/#\\\/schema\\\/logo\\\/image\\\/\",\"url\":\"https:\\\/\\\/www.docuteam.ch\\\/wp-content\\\/uploads\\\/2021\\\/03\\\/docuteam_big.png\",\"contentUrl\":\"https:\\\/\\\/www.docuteam.ch\\\/wp-content\\\/uploads\\\/2021\\\/03\\\/docuteam_big.png\",\"width\":200,\"height\":45,\"caption\":\"docuteam\"},\"image\":{\"@id\":\"https:\\\/\\\/www.docuteam.ch\\\/en\\\/#\\\/schema\\\/logo\\\/image\\\/\"},\"sameAs\":[\"https:\\\/\\\/x.com\\\/DocuteamCH\",\"https:\\\/\\\/www.linkedin.com\\\/company\\\/docuteam-ag\\\/mycompany\\\/\"]},{\"@type\":\"Person\",\"@id\":\"https:\\\/\\\/www.docuteam.ch\\\/en\\\/#\\\/schema\\\/person\\\/d4f8bdbdf0c6af49ca07455bcf1b02ff\",\"name\":\"Julie Baumberger\",\"image\":{\"@type\":\"ImageObject\",\"inLanguage\":\"en-US\",\"@id\":\"https:\\\/\\\/secure.gravatar.com\\\/avatar\\\/dec439982d586cb460b3a04a83a48877770ea3fa74f35ef84475a5996eeb88e5?s=96&d=mm&r=g\",\"url\":\"https:\\\/\\\/secure.gravatar.com\\\/avatar\\\/dec439982d586cb460b3a04a83a48877770ea3fa74f35ef84475a5996eeb88e5?s=96&d=mm&r=g\",\"contentUrl\":\"https:\\\/\\\/secure.gravatar.com\\\/avatar\\\/dec439982d586cb460b3a04a83a48877770ea3fa74f35ef84475a5996eeb88e5?s=96&d=mm&r=g\",\"caption\":\"Julie Baumberger\"},\"url\":\"https:\\\/\\\/www.docuteam.ch\\\/en\\\/author\\\/julie\\\/\"}]}<\/script>\n<!-- \/ Yoast SEO plugin. -->","yoast_head_json":{"title":"docuteam - docuteam Community Day 2019","robots":{"index":"index","follow":"follow","max-snippet":"max-snippet:-1","max-image-preview":"max-image-preview:large","max-video-preview":"max-video-preview:-1"},"canonical":"https:\/\/www.docuteam.ch\/en\/docuteam-community-day-2019\/","og_locale":"en_US","og_type":"article","og_title":"docuteam - docuteam Community Day 2019","og_description":"Der bereits zum dritten Mal durchgef\u00fchrte docuteam Community Day fand am 30. Oktober 2019 wie letztes Jahr an der FHNW in Olten statt. Das hat sich bew\u00e4hrt, erstens ist Olten aus der ganzen Schweiz gut erreichbar und zweitens sind die R\u00e4ume an der Fachhochschule bestens ausgestattet. F\u00fcr den Tag hatten sich total 60 Teilnehmer*innen angemeldet,&hellip;","og_url":"https:\/\/www.docuteam.ch\/en\/docuteam-community-day-2019\/","og_site_name":"docuteam","article_published_time":"2019-12-11T22:40:09+00:00","article_modified_time":"2025-02-18T14:07:12+00:00","og_image":[{"width":2560,"height":1440,"url":"https:\/\/www.docuteam.ch\/wp-content\/uploads\/2021\/04\/docuteam_ueberuns_UltraHD-scaled.jpg","type":"image\/jpeg"}],"author":"Julie Baumberger","twitter_card":"summary_large_image","twitter_creator":"@DocuteamCH","twitter_site":"@DocuteamCH","schema":{"@context":"https:\/\/schema.org","@graph":[{"@type":"Article","@id":"https:\/\/www.docuteam.ch\/en\/docuteam-community-day-2019\/#article","isPartOf":{"@id":"https:\/\/www.docuteam.ch\/en\/docuteam-community-day-2019\/"},"author":{"name":"Julie Baumberger","@id":"https:\/\/www.docuteam.ch\/en\/#\/schema\/person\/d4f8bdbdf0c6af49ca07455bcf1b02ff"},"headline":"docuteam Community Day 2019","datePublished":"2019-12-11T22:40:09+00:00","dateModified":"2025-02-18T14:07:12+00:00","mainEntityOfPage":{"@id":"https:\/\/www.docuteam.ch\/en\/docuteam-community-day-2019\/"},"wordCount":444,"commentCount":0,"publisher":{"@id":"https:\/\/www.docuteam.ch\/en\/#organization"},"image":{"@id":"https:\/\/www.docuteam.ch\/en\/docuteam-community-day-2019\/#primaryimage"},"thumbnailUrl":"http:\/\/www.docuteam.ch\/wp-content\/uploads\/2019\/12\/2019-10-30-15.13.07-1024x768.jpg","articleSection":["Latest news","Trainings"],"inLanguage":"en-US","potentialAction":[{"@type":"CommentAction","name":"Comment","target":["https:\/\/www.docuteam.ch\/en\/docuteam-community-day-2019\/#respond"]}]},{"@type":"WebPage","@id":"https:\/\/www.docuteam.ch\/en\/docuteam-community-day-2019\/","url":"https:\/\/www.docuteam.ch\/en\/docuteam-community-day-2019\/","name":"docuteam - docuteam Community Day 2019","isPartOf":{"@id":"https:\/\/www.docuteam.ch\/en\/#website"},"primaryImageOfPage":{"@id":"https:\/\/www.docuteam.ch\/en\/docuteam-community-day-2019\/#primaryimage"},"image":{"@id":"https:\/\/www.docuteam.ch\/en\/docuteam-community-day-2019\/#primaryimage"},"thumbnailUrl":"http:\/\/www.docuteam.ch\/wp-content\/uploads\/2019\/12\/2019-10-30-15.13.07-1024x768.jpg","datePublished":"2019-12-11T22:40:09+00:00","dateModified":"2025-02-18T14:07:12+00:00","breadcrumb":{"@id":"https:\/\/www.docuteam.ch\/en\/docuteam-community-day-2019\/#breadcrumb"},"inLanguage":"en-US","potentialAction":[{"@type":"ReadAction","target":["https:\/\/www.docuteam.ch\/en\/docuteam-community-day-2019\/"]}]},{"@type":"ImageObject","inLanguage":"en-US","@id":"https:\/\/www.docuteam.ch\/en\/docuteam-community-day-2019\/#primaryimage","url":"http:\/\/www.docuteam.ch\/wp-content\/uploads\/2019\/12\/2019-10-30-15.13.07-1024x768.jpg","contentUrl":"http:\/\/www.docuteam.ch\/wp-content\/uploads\/2019\/12\/2019-10-30-15.13.07-1024x768.jpg"},{"@type":"BreadcrumbList","@id":"https:\/\/www.docuteam.ch\/en\/docuteam-community-day-2019\/#breadcrumb","itemListElement":[{"@type":"ListItem","position":1,"name":"Accueil","item":"https:\/\/www.docuteam.ch\/en\/"},{"@type":"ListItem","position":2,"name":"docuteam Community Day 2019"}]},{"@type":"WebSite","@id":"https:\/\/www.docuteam.ch\/en\/#website","url":"https:\/\/www.docuteam.ch\/en\/","name":"docuteam","description":"Informationen sind Ihr langfristiges Kapital","publisher":{"@id":"https:\/\/www.docuteam.ch\/en\/#organization"},"potentialAction":[{"@type":"SearchAction","target":{"@type":"EntryPoint","urlTemplate":"https:\/\/www.docuteam.ch\/en\/?s={search_term_string}"},"query-input":{"@type":"PropertyValueSpecification","valueRequired":true,"valueName":"search_term_string"}}],"inLanguage":"en-US"},{"@type":"Organization","@id":"https:\/\/www.docuteam.ch\/en\/#organization","name":"docuteam","url":"https:\/\/www.docuteam.ch\/en\/","logo":{"@type":"ImageObject","inLanguage":"en-US","@id":"https:\/\/www.docuteam.ch\/en\/#\/schema\/logo\/image\/","url":"https:\/\/www.docuteam.ch\/wp-content\/uploads\/2021\/03\/docuteam_big.png","contentUrl":"https:\/\/www.docuteam.ch\/wp-content\/uploads\/2021\/03\/docuteam_big.png","width":200,"height":45,"caption":"docuteam"},"image":{"@id":"https:\/\/www.docuteam.ch\/en\/#\/schema\/logo\/image\/"},"sameAs":["https:\/\/x.com\/DocuteamCH","https:\/\/www.linkedin.com\/company\/docuteam-ag\/mycompany\/"]},{"@type":"Person","@id":"https:\/\/www.docuteam.ch\/en\/#\/schema\/person\/d4f8bdbdf0c6af49ca07455bcf1b02ff","name":"Julie Baumberger","image":{"@type":"ImageObject","inLanguage":"en-US","@id":"https:\/\/secure.gravatar.com\/avatar\/dec439982d586cb460b3a04a83a48877770ea3fa74f35ef84475a5996eeb88e5?s=96&d=mm&r=g","url":"https:\/\/secure.gravatar.com\/avatar\/dec439982d586cb460b3a04a83a48877770ea3fa74f35ef84475a5996eeb88e5?s=96&d=mm&r=g","contentUrl":"https:\/\/secure.gravatar.com\/avatar\/dec439982d586cb460b3a04a83a48877770ea3fa74f35ef84475a5996eeb88e5?s=96&d=mm&r=g","caption":"Julie Baumberger"},"url":"https:\/\/www.docuteam.ch\/en\/author\/julie\/"}]}},"_links":{"self":[{"href":"https:\/\/www.docuteam.ch\/en\/wp-json\/wp\/v2\/posts\/55678","targetHints":{"allow":["GET"]}}],"collection":[{"href":"https:\/\/www.docuteam.ch\/en\/wp-json\/wp\/v2\/posts"}],"about":[{"href":"https:\/\/www.docuteam.ch\/en\/wp-json\/wp\/v2\/types\/post"}],"author":[{"embeddable":true,"href":"https:\/\/www.docuteam.ch\/en\/wp-json\/wp\/v2\/users\/2"}],"replies":[{"embeddable":true,"href":"https:\/\/www.docuteam.ch\/en\/wp-json\/wp\/v2\/comments?post=55678"}],"version-history":[{"count":1,"href":"https:\/\/www.docuteam.ch\/en\/wp-json\/wp\/v2\/posts\/55678\/revisions"}],"predecessor-version":[{"id":55679,"href":"https:\/\/www.docuteam.ch\/en\/wp-json\/wp\/v2\/posts\/55678\/revisions\/55679"}],"wp:attachment":[{"href":"https:\/\/www.docuteam.ch\/en\/wp-json\/wp\/v2\/media?parent=55678"}],"wp:term":[{"taxonomy":"category","embeddable":true,"href":"https:\/\/www.docuteam.ch\/en\/wp-json\/wp\/v2\/categories?post=55678"},{"taxonomy":"post_tag","embeddable":true,"href":"https:\/\/www.docuteam.ch\/en\/wp-json\/wp\/v2\/tags?post=55678"},{"taxonomy":"post_series","embeddable":true,"href":"https:\/\/www.docuteam.ch\/en\/wp-json\/wp\/v2\/post_series?post=55678"}],"curies":[{"name":"wp","href":"https:\/\/api.w.org\/{rel}","templated":true}]}}