{"id":55682,"date":"2020-07-13T00:47:50","date_gmt":"2020-07-12T22:47:50","guid":{"rendered":"https:\/\/www.docuteam.ch\/archivage-pour-les-communes-presentation-en-ligne\/"},"modified":"2025-02-18T16:08:00","modified_gmt":"2025-02-18T14:08:00","slug":"archivage-pour-les-communes-presentation-en-ligne","status":"publish","type":"post","link":"https:\/\/www.docuteam.ch\/en\/archivage-pour-les-communes-presentation-en-ligne\/","title":{"rendered":"Archivage pour les communes &#8211; Pr\u00e9sentation en ligne"},"content":{"rendered":"<div class=\"wpb-content-wrapper\">[vc_row][vc_column][vc_column_text]\n<h2>Archivage pour les communes en Suisse romande<\/h2>\n<p>En raison de la situation sanitaire de ce printemps, docuteam a organis\u00e9 cette ann\u00e9e sa pr\u00e9sentation sur \u00abcomment organiser vos archives papier et num\u00e9riques\u00bb directement en ligne.<\/p>\n<p>La pr\u00e9sentation a \u00e9t\u00e9 enregistr\u00e9e pour ceux et celles qui souhaitent la (re)voir et (r\u00e9)\u00e9couter :<\/p>\n<p><iframe loading=\"lazy\" src=\"https:\/\/www.youtube.com\/embed\/818OFgsUeG4\" width=\"560\" height=\"315\" frameborder=\"0\" allowfullscreen=\"allowfullscreen\" data-mce-fragment=\"1\"><\/iframe><\/p>\n<ul>\n<li>\n<h3>Pr\u00e9sentation de l&#8217;entreprise<\/h3>\n<\/li>\n<li>\n<h3>La gestion de l&#8217;information et des archives aujourd&#8217;hui &#8211; papier et \u00e9lectronique<\/h3>\n<\/li>\n<li>\n<h3>Traitement de l&#8217;arri\u00e9r\u00e9 et des vracs : le travail de l&#8217;archiviste<\/h3>\n<\/li>\n<li>\n<h3>D\u00e9mat\u00e9rialisation de l&#8217;administration : les principes de la gestion documentaire<\/h3>\n<\/li>\n<li>\n<h3>Conclusion et discussion<\/h3>\n<\/li>\n<\/ul>\n<p>Le <a href=\"https:\/\/www.slideshare.net\/GillianeKern\/archivage-pour-les-communes-comment-organiser-vos-archives-papier-et-numriques-docuteamch\" target=\"_blank\" rel=\"noopener noreferrer\">support de la pr\u00e9sentation (avec les commentaires)<\/a> est \u00e9galement visionnable en ligne et t\u00e9l\u00e9chargeable.[\/vc_column_text][\/vc_column][\/vc_row]\n<\/div>","protected":false},"excerpt":{"rendered":"<p>[vc_row][vc_column][vc_column_text] Archivage pour les communes en Suisse romande En raison de la situation sanitaire de ce printemps, docuteam a organis\u00e9 cette ann\u00e9e sa pr\u00e9sentation sur \u00abcomment organiser vos archives papier et num\u00e9riques\u00bb directement en ligne. La pr\u00e9sentation a \u00e9t\u00e9 enregistr\u00e9e pour ceux et celles qui souhaitent la (re)voir et (r\u00e9)\u00e9couter : Pr\u00e9sentation de l&#8217;entreprise La&hellip;<\/p>\n","protected":false},"author":2,"featured_media":0,"comment_status":"open","ping_status":"open","sticky":false,"template":"","format":"standard","meta":{"footnotes":""},"categories":[104,103,105,64],"tags":[],"post_series":[],"class_list":["post-55682","post","type-post","status-publish","format-standard","hentry","category-archives-management","category-digital-archiving","category-records-management","category-trainings","entry","no-media"],"yoast_head":"<!-- This site is optimized with the Yoast SEO plugin v27.5 - https:\/\/yoast.com\/product\/yoast-seo-wordpress\/ -->\n<title>docuteam - Archivage pour les communes - Pr\u00e9sentation en ligne<\/title>\n<meta name=\"robots\" content=\"index, follow, max-snippet:-1, max-image-preview:large, max-video-preview:-1\" \/>\n<link rel=\"canonical\" href=\"https:\/\/www.docuteam.ch\/en\/archivage-pour-les-communes-presentation-en-ligne\/\" \/>\n<meta property=\"og:locale\" content=\"en_US\" \/>\n<meta property=\"og:type\" content=\"article\" \/>\n<meta property=\"og:title\" content=\"docuteam - Archivage pour les communes - Pr\u00e9sentation en ligne\" \/>\n<meta property=\"og:description\" content=\"[vc_row][vc_column][vc_column_text] Archivage pour les communes en Suisse romande En raison de la situation sanitaire de ce printemps, docuteam a organis\u00e9 cette ann\u00e9e sa pr\u00e9sentation sur \u00abcomment organiser vos archives papier et num\u00e9riques\u00bb directement en ligne. La pr\u00e9sentation a \u00e9t\u00e9 enregistr\u00e9e pour ceux et celles qui souhaitent la (re)voir et (r\u00e9)\u00e9couter : Pr\u00e9sentation de l&#8217;entreprise La&hellip;\" \/>\n<meta property=\"og:url\" content=\"https:\/\/www.docuteam.ch\/en\/archivage-pour-les-communes-presentation-en-ligne\/\" \/>\n<meta property=\"og:site_name\" content=\"docuteam\" \/>\n<meta property=\"article:published_time\" content=\"2020-07-12T22:47:50+00:00\" \/>\n<meta property=\"article:modified_time\" content=\"2025-02-18T14:08:00+00:00\" \/>\n<meta property=\"og:image\" content=\"https:\/\/www.docuteam.ch\/wp-content\/uploads\/2021\/04\/docuteam_ueberuns_UltraHD-scaled.jpg\" \/>\n\t<meta property=\"og:image:width\" content=\"2560\" \/>\n\t<meta property=\"og:image:height\" content=\"1440\" \/>\n\t<meta property=\"og:image:type\" content=\"image\/jpeg\" \/>\n<meta name=\"author\" content=\"Julie Baumberger\" \/>\n<meta name=\"twitter:card\" content=\"summary_large_image\" \/>\n<meta name=\"twitter:creator\" content=\"@DocuteamCH\" \/>\n<meta name=\"twitter:site\" content=\"@DocuteamCH\" \/>\n<script type=\"application\/ld+json\" class=\"yoast-schema-graph\">{\"@context\":\"https:\\\/\\\/schema.org\",\"@graph\":[{\"@type\":\"Article\",\"@id\":\"https:\\\/\\\/www.docuteam.ch\\\/en\\\/archivage-pour-les-communes-presentation-en-ligne\\\/#article\",\"isPartOf\":{\"@id\":\"https:\\\/\\\/www.docuteam.ch\\\/en\\\/archivage-pour-les-communes-presentation-en-ligne\\\/\"},\"author\":{\"name\":\"Julie Baumberger\",\"@id\":\"https:\\\/\\\/www.docuteam.ch\\\/en\\\/#\\\/schema\\\/person\\\/d4f8bdbdf0c6af49ca07455bcf1b02ff\"},\"headline\":\"Archivage pour les communes &#8211; Pr\u00e9sentation en ligne\",\"datePublished\":\"2020-07-12T22:47:50+00:00\",\"dateModified\":\"2025-02-18T14:08:00+00:00\",\"mainEntityOfPage\":{\"@id\":\"https:\\\/\\\/www.docuteam.ch\\\/en\\\/archivage-pour-les-communes-presentation-en-ligne\\\/\"},\"wordCount\":144,\"commentCount\":0,\"publisher\":{\"@id\":\"https:\\\/\\\/www.docuteam.ch\\\/en\\\/#organization\"},\"articleSection\":[\"Archives management\",\"Digital archiving\",\"Records management\",\"Trainings\"],\"inLanguage\":\"en-US\",\"potentialAction\":[{\"@type\":\"CommentAction\",\"name\":\"Comment\",\"target\":[\"https:\\\/\\\/www.docuteam.ch\\\/en\\\/archivage-pour-les-communes-presentation-en-ligne\\\/#respond\"]}]},{\"@type\":\"WebPage\",\"@id\":\"https:\\\/\\\/www.docuteam.ch\\\/en\\\/archivage-pour-les-communes-presentation-en-ligne\\\/\",\"url\":\"https:\\\/\\\/www.docuteam.ch\\\/en\\\/archivage-pour-les-communes-presentation-en-ligne\\\/\",\"name\":\"docuteam - Archivage pour les communes - Pr\u00e9sentation en ligne\",\"isPartOf\":{\"@id\":\"https:\\\/\\\/www.docuteam.ch\\\/en\\\/#website\"},\"datePublished\":\"2020-07-12T22:47:50+00:00\",\"dateModified\":\"2025-02-18T14:08:00+00:00\",\"breadcrumb\":{\"@id\":\"https:\\\/\\\/www.docuteam.ch\\\/en\\\/archivage-pour-les-communes-presentation-en-ligne\\\/#breadcrumb\"},\"inLanguage\":\"en-US\",\"potentialAction\":[{\"@type\":\"ReadAction\",\"target\":[\"https:\\\/\\\/www.docuteam.ch\\\/en\\\/archivage-pour-les-communes-presentation-en-ligne\\\/\"]}]},{\"@type\":\"BreadcrumbList\",\"@id\":\"https:\\\/\\\/www.docuteam.ch\\\/en\\\/archivage-pour-les-communes-presentation-en-ligne\\\/#breadcrumb\",\"itemListElement\":[{\"@type\":\"ListItem\",\"position\":1,\"name\":\"Accueil\",\"item\":\"https:\\\/\\\/www.docuteam.ch\\\/en\\\/\"},{\"@type\":\"ListItem\",\"position\":2,\"name\":\"Archivage pour les communes &#8211; Pr\u00e9sentation en ligne\"}]},{\"@type\":\"WebSite\",\"@id\":\"https:\\\/\\\/www.docuteam.ch\\\/en\\\/#website\",\"url\":\"https:\\\/\\\/www.docuteam.ch\\\/en\\\/\",\"name\":\"docuteam\",\"description\":\"Informationen sind Ihr langfristiges Kapital\",\"publisher\":{\"@id\":\"https:\\\/\\\/www.docuteam.ch\\\/en\\\/#organization\"},\"potentialAction\":[{\"@type\":\"SearchAction\",\"target\":{\"@type\":\"EntryPoint\",\"urlTemplate\":\"https:\\\/\\\/www.docuteam.ch\\\/en\\\/?s={search_term_string}\"},\"query-input\":{\"@type\":\"PropertyValueSpecification\",\"valueRequired\":true,\"valueName\":\"search_term_string\"}}],\"inLanguage\":\"en-US\"},{\"@type\":\"Organization\",\"@id\":\"https:\\\/\\\/www.docuteam.ch\\\/en\\\/#organization\",\"name\":\"docuteam\",\"url\":\"https:\\\/\\\/www.docuteam.ch\\\/en\\\/\",\"logo\":{\"@type\":\"ImageObject\",\"inLanguage\":\"en-US\",\"@id\":\"https:\\\/\\\/www.docuteam.ch\\\/en\\\/#\\\/schema\\\/logo\\\/image\\\/\",\"url\":\"https:\\\/\\\/www.docuteam.ch\\\/wp-content\\\/uploads\\\/2021\\\/03\\\/docuteam_big.png\",\"contentUrl\":\"https:\\\/\\\/www.docuteam.ch\\\/wp-content\\\/uploads\\\/2021\\\/03\\\/docuteam_big.png\",\"width\":200,\"height\":45,\"caption\":\"docuteam\"},\"image\":{\"@id\":\"https:\\\/\\\/www.docuteam.ch\\\/en\\\/#\\\/schema\\\/logo\\\/image\\\/\"},\"sameAs\":[\"https:\\\/\\\/x.com\\\/DocuteamCH\",\"https:\\\/\\\/www.linkedin.com\\\/company\\\/docuteam-ag\\\/mycompany\\\/\"]},{\"@type\":\"Person\",\"@id\":\"https:\\\/\\\/www.docuteam.ch\\\/en\\\/#\\\/schema\\\/person\\\/d4f8bdbdf0c6af49ca07455bcf1b02ff\",\"name\":\"Julie Baumberger\",\"image\":{\"@type\":\"ImageObject\",\"inLanguage\":\"en-US\",\"@id\":\"https:\\\/\\\/secure.gravatar.com\\\/avatar\\\/dec439982d586cb460b3a04a83a48877770ea3fa74f35ef84475a5996eeb88e5?s=96&d=mm&r=g\",\"url\":\"https:\\\/\\\/secure.gravatar.com\\\/avatar\\\/dec439982d586cb460b3a04a83a48877770ea3fa74f35ef84475a5996eeb88e5?s=96&d=mm&r=g\",\"contentUrl\":\"https:\\\/\\\/secure.gravatar.com\\\/avatar\\\/dec439982d586cb460b3a04a83a48877770ea3fa74f35ef84475a5996eeb88e5?s=96&d=mm&r=g\",\"caption\":\"Julie Baumberger\"},\"url\":\"https:\\\/\\\/www.docuteam.ch\\\/en\\\/author\\\/julie\\\/\"}]}<\/script>\n<!-- \/ Yoast SEO plugin. -->","yoast_head_json":{"title":"docuteam - Archivage pour les communes - Pr\u00e9sentation en ligne","robots":{"index":"index","follow":"follow","max-snippet":"max-snippet:-1","max-image-preview":"max-image-preview:large","max-video-preview":"max-video-preview:-1"},"canonical":"https:\/\/www.docuteam.ch\/en\/archivage-pour-les-communes-presentation-en-ligne\/","og_locale":"en_US","og_type":"article","og_title":"docuteam - Archivage pour les communes - Pr\u00e9sentation en ligne","og_description":"[vc_row][vc_column][vc_column_text] Archivage pour les communes en Suisse romande En raison de la situation sanitaire de ce printemps, docuteam a organis\u00e9 cette ann\u00e9e sa pr\u00e9sentation sur \u00abcomment organiser vos archives papier et num\u00e9riques\u00bb directement en ligne. La pr\u00e9sentation a \u00e9t\u00e9 enregistr\u00e9e pour ceux et celles qui souhaitent la (re)voir et (r\u00e9)\u00e9couter : Pr\u00e9sentation de l&#8217;entreprise La&hellip;","og_url":"https:\/\/www.docuteam.ch\/en\/archivage-pour-les-communes-presentation-en-ligne\/","og_site_name":"docuteam","article_published_time":"2020-07-12T22:47:50+00:00","article_modified_time":"2025-02-18T14:08:00+00:00","og_image":[{"width":2560,"height":1440,"url":"https:\/\/www.docuteam.ch\/wp-content\/uploads\/2021\/04\/docuteam_ueberuns_UltraHD-scaled.jpg","type":"image\/jpeg"}],"author":"Julie Baumberger","twitter_card":"summary_large_image","twitter_creator":"@DocuteamCH","twitter_site":"@DocuteamCH","schema":{"@context":"https:\/\/schema.org","@graph":[{"@type":"Article","@id":"https:\/\/www.docuteam.ch\/en\/archivage-pour-les-communes-presentation-en-ligne\/#article","isPartOf":{"@id":"https:\/\/www.docuteam.ch\/en\/archivage-pour-les-communes-presentation-en-ligne\/"},"author":{"name":"Julie Baumberger","@id":"https:\/\/www.docuteam.ch\/en\/#\/schema\/person\/d4f8bdbdf0c6af49ca07455bcf1b02ff"},"headline":"Archivage pour les communes &#8211; Pr\u00e9sentation en ligne","datePublished":"2020-07-12T22:47:50+00:00","dateModified":"2025-02-18T14:08:00+00:00","mainEntityOfPage":{"@id":"https:\/\/www.docuteam.ch\/en\/archivage-pour-les-communes-presentation-en-ligne\/"},"wordCount":144,"commentCount":0,"publisher":{"@id":"https:\/\/www.docuteam.ch\/en\/#organization"},"articleSection":["Archives management","Digital archiving","Records management","Trainings"],"inLanguage":"en-US","potentialAction":[{"@type":"CommentAction","name":"Comment","target":["https:\/\/www.docuteam.ch\/en\/archivage-pour-les-communes-presentation-en-ligne\/#respond"]}]},{"@type":"WebPage","@id":"https:\/\/www.docuteam.ch\/en\/archivage-pour-les-communes-presentation-en-ligne\/","url":"https:\/\/www.docuteam.ch\/en\/archivage-pour-les-communes-presentation-en-ligne\/","name":"docuteam - Archivage pour les communes - Pr\u00e9sentation en ligne","isPartOf":{"@id":"https:\/\/www.docuteam.ch\/en\/#website"},"datePublished":"2020-07-12T22:47:50+00:00","dateModified":"2025-02-18T14:08:00+00:00","breadcrumb":{"@id":"https:\/\/www.docuteam.ch\/en\/archivage-pour-les-communes-presentation-en-ligne\/#breadcrumb"},"inLanguage":"en-US","potentialAction":[{"@type":"ReadAction","target":["https:\/\/www.docuteam.ch\/en\/archivage-pour-les-communes-presentation-en-ligne\/"]}]},{"@type":"BreadcrumbList","@id":"https:\/\/www.docuteam.ch\/en\/archivage-pour-les-communes-presentation-en-ligne\/#breadcrumb","itemListElement":[{"@type":"ListItem","position":1,"name":"Accueil","item":"https:\/\/www.docuteam.ch\/en\/"},{"@type":"ListItem","position":2,"name":"Archivage pour les communes &#8211; Pr\u00e9sentation en ligne"}]},{"@type":"WebSite","@id":"https:\/\/www.docuteam.ch\/en\/#website","url":"https:\/\/www.docuteam.ch\/en\/","name":"docuteam","description":"Informationen sind Ihr langfristiges Kapital","publisher":{"@id":"https:\/\/www.docuteam.ch\/en\/#organization"},"potentialAction":[{"@type":"SearchAction","target":{"@type":"EntryPoint","urlTemplate":"https:\/\/www.docuteam.ch\/en\/?s={search_term_string}"},"query-input":{"@type":"PropertyValueSpecification","valueRequired":true,"valueName":"search_term_string"}}],"inLanguage":"en-US"},{"@type":"Organization","@id":"https:\/\/www.docuteam.ch\/en\/#organization","name":"docuteam","url":"https:\/\/www.docuteam.ch\/en\/","logo":{"@type":"ImageObject","inLanguage":"en-US","@id":"https:\/\/www.docuteam.ch\/en\/#\/schema\/logo\/image\/","url":"https:\/\/www.docuteam.ch\/wp-content\/uploads\/2021\/03\/docuteam_big.png","contentUrl":"https:\/\/www.docuteam.ch\/wp-content\/uploads\/2021\/03\/docuteam_big.png","width":200,"height":45,"caption":"docuteam"},"image":{"@id":"https:\/\/www.docuteam.ch\/en\/#\/schema\/logo\/image\/"},"sameAs":["https:\/\/x.com\/DocuteamCH","https:\/\/www.linkedin.com\/company\/docuteam-ag\/mycompany\/"]},{"@type":"Person","@id":"https:\/\/www.docuteam.ch\/en\/#\/schema\/person\/d4f8bdbdf0c6af49ca07455bcf1b02ff","name":"Julie Baumberger","image":{"@type":"ImageObject","inLanguage":"en-US","@id":"https:\/\/secure.gravatar.com\/avatar\/dec439982d586cb460b3a04a83a48877770ea3fa74f35ef84475a5996eeb88e5?s=96&d=mm&r=g","url":"https:\/\/secure.gravatar.com\/avatar\/dec439982d586cb460b3a04a83a48877770ea3fa74f35ef84475a5996eeb88e5?s=96&d=mm&r=g","contentUrl":"https:\/\/secure.gravatar.com\/avatar\/dec439982d586cb460b3a04a83a48877770ea3fa74f35ef84475a5996eeb88e5?s=96&d=mm&r=g","caption":"Julie Baumberger"},"url":"https:\/\/www.docuteam.ch\/en\/author\/julie\/"}]}},"_links":{"self":[{"href":"https:\/\/www.docuteam.ch\/en\/wp-json\/wp\/v2\/posts\/55682","targetHints":{"allow":["GET"]}}],"collection":[{"href":"https:\/\/www.docuteam.ch\/en\/wp-json\/wp\/v2\/posts"}],"about":[{"href":"https:\/\/www.docuteam.ch\/en\/wp-json\/wp\/v2\/types\/post"}],"author":[{"embeddable":true,"href":"https:\/\/www.docuteam.ch\/en\/wp-json\/wp\/v2\/users\/2"}],"replies":[{"embeddable":true,"href":"https:\/\/www.docuteam.ch\/en\/wp-json\/wp\/v2\/comments?post=55682"}],"version-history":[{"count":1,"href":"https:\/\/www.docuteam.ch\/en\/wp-json\/wp\/v2\/posts\/55682\/revisions"}],"predecessor-version":[{"id":55684,"href":"https:\/\/www.docuteam.ch\/en\/wp-json\/wp\/v2\/posts\/55682\/revisions\/55684"}],"wp:attachment":[{"href":"https:\/\/www.docuteam.ch\/en\/wp-json\/wp\/v2\/media?parent=55682"}],"wp:term":[{"taxonomy":"category","embeddable":true,"href":"https:\/\/www.docuteam.ch\/en\/wp-json\/wp\/v2\/categories?post=55682"},{"taxonomy":"post_tag","embeddable":true,"href":"https:\/\/www.docuteam.ch\/en\/wp-json\/wp\/v2\/tags?post=55682"},{"taxonomy":"post_series","embeddable":true,"href":"https:\/\/www.docuteam.ch\/en\/wp-json\/wp\/v2\/post_series?post=55682"}],"curies":[{"name":"wp","href":"https:\/\/api.w.org\/{rel}","templated":true}]}}