{"id":55686,"date":"2020-09-07T00:50:18","date_gmt":"2020-09-06T22:50:18","guid":{"rendered":"https:\/\/www.docuteam.ch\/docuteam-community-day-21-oktober-2020\/"},"modified":"2025-02-18T16:08:27","modified_gmt":"2025-02-18T14:08:27","slug":"docuteam-community-day-21-oktober-2020","status":"publish","type":"post","link":"https:\/\/www.docuteam.ch\/en\/docuteam-community-day-21-oktober-2020\/","title":{"rendered":"docuteam Community Day 21. Oktober 2020"},"content":{"rendered":"<div class=\"wpb-content-wrapper\">[vc_row][vc_column][vc_column_text]\n<h3><strong>Webinare statt pers\u00f6nliches Treffen<\/strong><\/h3>\n<p>Unser Community Day sollte am 21. Oktober 2020 wie in den letzten Jahren an der FHNW in Olten durchgef\u00fchrt werden. Aufgrund der anhaltenden Pandemie-Situation haben wir uns entschieden, auf ein pers\u00f6nliches Treffen zu verzichten und stattdessen an diesem Tag vier kostenlose Webinare zu verschiedenen Themen und f\u00fcr verschiedene Zielgruppen anzubieten.<\/p>\n<p>Die Nachfrage nach Pl\u00e4tzen an unserem Community Day ist Jahr f\u00fcr Jahr gestiegen, so dass wir letztes Jahr an Kapazit\u00e4tsgrenzen stiessen. Verst\u00e4rkt wurden wir auch um Referate und Workshops in franz\u00f6sischer Sprache angefragt. Dieser Nachfrage m\u00f6chten wir Rechnung tragen, wir planen deshalb f\u00fcr 2021 die Durchf\u00fchrung mehrerer Community-Veranstaltungen in beiden Sprachregionen.<\/p>\n<p><img loading=\"lazy\" decoding=\"async\" class=\" wp-image-3115 alignnone\" src=\"http:\/\/www.docuteam.ch\/wp-content\/uploads\/2020\/09\/IMG_2733-300x225.jpg\" alt=\"\" width=\"379\" height=\"284\" \/><\/p>\n<p>Die Webinare sind kostenlos. Bitte registrieren Sie sich f\u00fcr jedes Webinar einzeln.<\/p>\n<h3><strong>8.30\u20139.45 h: Digital archivieren mit docuteam cosmos f\u00fcr Gemeinden<\/strong><\/h3>\n<p><strong>Zielgruppe:<\/strong> Personen aus Gemeinde- und Stadtverwaltungen<br \/>\n<strong>Inhalt:<\/strong>\u00a0 Wir zeigen Ihnen, wie digitale Langzeitarchivierung f\u00fcr Gemeinden mit <a href=\"https:\/\/www.docuteam.ch\/en\/docuteam-cosmos\/\" target=\"_blank\" rel=\"noopener noreferrer\">docuteam cosmos<\/a> gel\u00f6st wird.<br \/>\n<strong>Referenten:<\/strong> Andreas Steigmeier, Tobias Wildi<br \/>\n<strong>Registrierung und Details:<\/strong> <a href=\"https:\/\/attendee.gotowebinar.com\/register\/6294093150020107278\" target=\"_blank\" rel=\"noopener noreferrer\">https:\/\/attendee.gotowebinar.com\/register\/6294093150020107278<\/a><\/p>\n<p>&nbsp;<\/p>\n<h3><strong>10.30\u201311.45 h: Digital archivieren mit docuteam cosmos f\u00fcr Ged\u00e4chtnisinstitutionen<\/strong><\/h3>\n<p><strong>Zielgruppe:<\/strong> Personen aus privaten und \u00f6ffentlichen Spezialarchiven, Sammlungen, Museen und Bibliotheken.<br \/>\n<strong>Inhalt:<\/strong>\u00a0 Wir zeigen an verschiedenen Beispielen, wie solche Institutionen mit <a href=\"https:\/\/www.docuteam.ch\/en\/docuteam-cosmos\/\" target=\"_blank\" rel=\"noopener noreferrer\">docuteam cosmos<\/a> ein digitales Langzeitarchiv aufgebaut haben.<br \/>\n<strong>Referenten:<\/strong> Christian Moser, Tobias Wildi<br \/>\n<strong>Registrierung und Details: <\/strong><a href=\"https:\/\/register.gotowebinar.com\/register\/4391156281201661200\" target=\"_blank\" rel=\"noopener noreferrer\">https:\/\/register.gotowebinar.com\/register\/4391156281201661200<\/a><\/p>\n<p>&nbsp;<\/p>\n<h3><strong>14.00\u201315.30 h: Trends in der digitalen Archivierung<\/strong><\/h3>\n<p><strong>Zielgruppe:<\/strong> Personen, die sich nicht nur f\u00fcr die docuteam-Werkzeuge, sondern dar\u00fcber hinaus allgemein f\u00fcr die Trends in der digitalen Langzeitarchivierung interessieren.<br \/>\n<strong>Inhalt:<\/strong>\u00a0 Wir zeigen die aus unserer Sicht wichtigsten Trends in den Bereichen digitale Archivierung und Informationsmanagement\/GEVER auf.<br \/>\n<strong>Referenten:<\/strong> verschiedene Fachexperten von docuteam<br \/>\n<strong>Registrierung:<\/strong> <a href=\"https:\/\/attendee.gotowebinar.com\/register\/711686798337898768\" target=\"_blank\" rel=\"noopener noreferrer\">https:\/\/attendee.gotowebinar.com\/register\/711686798337898768<\/a><\/p>\n<p>&nbsp;<\/p>\n<h3><strong>16.00\u201317.30 h: Das Archivinformationssystem AtoM (Access to Memory)<\/strong><\/h3>\n<p><strong>Zielgruppe:<\/strong> Personen und Institutionen, die die Abl\u00f6sung oder Neuanschaffung eines Archivinformationssystems (AIS) planen.<br \/>\n<strong>Inhalt:<\/strong>\u00a0 docuteam entwickelt selber kein AIS, sondern ist Systemintegrator und Hostingpartner f\u00fcr AtoM im deutschsprachigen Raum. Die Funktionalit\u00e4ten dieses Open Source-Systems werden in diesem Webinar durch eine Vertreterin von Artefactual vorgestellt.<br \/>\n<strong>Referenten:<\/strong> Kurzeinf\u00fchrung durch docuteam, Pr\u00e4sentation durch Artefactual in englischer Sprache.<br \/>\n<strong>Registrierung:<\/strong> <a href=\"https:\/\/register.gotowebinar.com\/register\/1565873192701423376\" target=\"_blank\" rel=\"noopener noreferrer\">https:\/\/register.gotowebinar.com\/register\/1565873192701423376<\/a>[\/vc_column_text][\/vc_column][\/vc_row]\n<\/div>","protected":false},"excerpt":{"rendered":"<p>[vc_row][vc_column][vc_column_text] Webinare statt pers\u00f6nliches Treffen Unser Community Day sollte am 21. Oktober 2020 wie in den letzten Jahren an der FHNW in Olten durchgef\u00fchrt werden. Aufgrund der anhaltenden Pandemie-Situation haben wir uns entschieden, auf ein pers\u00f6nliches Treffen zu verzichten und stattdessen an diesem Tag vier kostenlose Webinare zu verschiedenen Themen und f\u00fcr verschiedene Zielgruppen anzubieten.&hellip;<\/p>\n","protected":false},"author":2,"featured_media":0,"comment_status":"open","ping_status":"open","sticky":false,"template":"","format":"standard","meta":{"footnotes":""},"categories":[104,103,102,106],"tags":[],"post_series":[],"class_list":["post-55686","post","type-post","status-publish","format-standard","hentry","category-archives-management","category-digital-archiving","category-latest-news","category-network","entry","no-media"],"yoast_head":"<!-- This site is optimized with the Yoast SEO plugin v27.5 - https:\/\/yoast.com\/product\/yoast-seo-wordpress\/ -->\n<title>docuteam - docuteam Community Day 21. Oktober 2020<\/title>\n<meta name=\"robots\" content=\"index, follow, max-snippet:-1, max-image-preview:large, max-video-preview:-1\" \/>\n<link rel=\"canonical\" href=\"https:\/\/www.docuteam.ch\/en\/docuteam-community-day-21-oktober-2020\/\" \/>\n<meta property=\"og:locale\" content=\"en_US\" \/>\n<meta property=\"og:type\" content=\"article\" \/>\n<meta property=\"og:title\" content=\"docuteam - docuteam Community Day 21. Oktober 2020\" \/>\n<meta property=\"og:description\" content=\"[vc_row][vc_column][vc_column_text] Webinare statt pers\u00f6nliches Treffen Unser Community Day sollte am 21. Oktober 2020 wie in den letzten Jahren an der FHNW in Olten durchgef\u00fchrt werden. Aufgrund der anhaltenden Pandemie-Situation haben wir uns entschieden, auf ein pers\u00f6nliches Treffen zu verzichten und stattdessen an diesem Tag vier kostenlose Webinare zu verschiedenen Themen und f\u00fcr verschiedene Zielgruppen anzubieten.&hellip;\" \/>\n<meta property=\"og:url\" content=\"https:\/\/www.docuteam.ch\/en\/docuteam-community-day-21-oktober-2020\/\" \/>\n<meta property=\"og:site_name\" content=\"docuteam\" \/>\n<meta property=\"article:published_time\" content=\"2020-09-06T22:50:18+00:00\" \/>\n<meta property=\"article:modified_time\" content=\"2025-02-18T14:08:27+00:00\" \/>\n<meta property=\"og:image\" content=\"https:\/\/www.docuteam.ch\/wp-content\/uploads\/2021\/03\/Numerisation.jpg\" \/>\n\t<meta property=\"og:image:width\" content=\"675\" \/>\n\t<meta property=\"og:image:height\" content=\"450\" \/>\n\t<meta property=\"og:image:type\" content=\"image\/jpeg\" \/>\n<meta name=\"author\" content=\"Julie Baumberger\" \/>\n<meta name=\"twitter:card\" content=\"summary_large_image\" \/>\n<meta name=\"twitter:creator\" content=\"@DocuteamCH\" \/>\n<meta name=\"twitter:site\" content=\"@DocuteamCH\" \/>\n<script type=\"application\/ld+json\" class=\"yoast-schema-graph\">{\"@context\":\"https:\\\/\\\/schema.org\",\"@graph\":[{\"@type\":\"Article\",\"@id\":\"https:\\\/\\\/www.docuteam.ch\\\/en\\\/docuteam-community-day-21-oktober-2020\\\/#article\",\"isPartOf\":{\"@id\":\"https:\\\/\\\/www.docuteam.ch\\\/en\\\/docuteam-community-day-21-oktober-2020\\\/\"},\"author\":{\"name\":\"Julie Baumberger\",\"@id\":\"https:\\\/\\\/www.docuteam.ch\\\/en\\\/#\\\/schema\\\/person\\\/d4f8bdbdf0c6af49ca07455bcf1b02ff\"},\"headline\":\"docuteam Community Day 21. Oktober 2020\",\"datePublished\":\"2020-09-06T22:50:18+00:00\",\"dateModified\":\"2025-02-18T14:08:27+00:00\",\"mainEntityOfPage\":{\"@id\":\"https:\\\/\\\/www.docuteam.ch\\\/en\\\/docuteam-community-day-21-oktober-2020\\\/\"},\"wordCount\":374,\"commentCount\":0,\"publisher\":{\"@id\":\"https:\\\/\\\/www.docuteam.ch\\\/en\\\/#organization\"},\"image\":{\"@id\":\"https:\\\/\\\/www.docuteam.ch\\\/en\\\/docuteam-community-day-21-oktober-2020\\\/#primaryimage\"},\"thumbnailUrl\":\"http:\\\/\\\/www.docuteam.ch\\\/wp-content\\\/uploads\\\/2020\\\/09\\\/IMG_2733-300x225.jpg\",\"articleSection\":[\"Archives management\",\"Digital archiving\",\"Latest news\",\"Network\"],\"inLanguage\":\"en-US\",\"potentialAction\":[{\"@type\":\"CommentAction\",\"name\":\"Comment\",\"target\":[\"https:\\\/\\\/www.docuteam.ch\\\/en\\\/docuteam-community-day-21-oktober-2020\\\/#respond\"]}]},{\"@type\":\"WebPage\",\"@id\":\"https:\\\/\\\/www.docuteam.ch\\\/en\\\/docuteam-community-day-21-oktober-2020\\\/\",\"url\":\"https:\\\/\\\/www.docuteam.ch\\\/en\\\/docuteam-community-day-21-oktober-2020\\\/\",\"name\":\"docuteam - docuteam Community Day 21. Oktober 2020\",\"isPartOf\":{\"@id\":\"https:\\\/\\\/www.docuteam.ch\\\/en\\\/#website\"},\"primaryImageOfPage\":{\"@id\":\"https:\\\/\\\/www.docuteam.ch\\\/en\\\/docuteam-community-day-21-oktober-2020\\\/#primaryimage\"},\"image\":{\"@id\":\"https:\\\/\\\/www.docuteam.ch\\\/en\\\/docuteam-community-day-21-oktober-2020\\\/#primaryimage\"},\"thumbnailUrl\":\"http:\\\/\\\/www.docuteam.ch\\\/wp-content\\\/uploads\\\/2020\\\/09\\\/IMG_2733-300x225.jpg\",\"datePublished\":\"2020-09-06T22:50:18+00:00\",\"dateModified\":\"2025-02-18T14:08:27+00:00\",\"breadcrumb\":{\"@id\":\"https:\\\/\\\/www.docuteam.ch\\\/en\\\/docuteam-community-day-21-oktober-2020\\\/#breadcrumb\"},\"inLanguage\":\"en-US\",\"potentialAction\":[{\"@type\":\"ReadAction\",\"target\":[\"https:\\\/\\\/www.docuteam.ch\\\/en\\\/docuteam-community-day-21-oktober-2020\\\/\"]}]},{\"@type\":\"ImageObject\",\"inLanguage\":\"en-US\",\"@id\":\"https:\\\/\\\/www.docuteam.ch\\\/en\\\/docuteam-community-day-21-oktober-2020\\\/#primaryimage\",\"url\":\"http:\\\/\\\/www.docuteam.ch\\\/wp-content\\\/uploads\\\/2020\\\/09\\\/IMG_2733-300x225.jpg\",\"contentUrl\":\"http:\\\/\\\/www.docuteam.ch\\\/wp-content\\\/uploads\\\/2020\\\/09\\\/IMG_2733-300x225.jpg\"},{\"@type\":\"BreadcrumbList\",\"@id\":\"https:\\\/\\\/www.docuteam.ch\\\/en\\\/docuteam-community-day-21-oktober-2020\\\/#breadcrumb\",\"itemListElement\":[{\"@type\":\"ListItem\",\"position\":1,\"name\":\"Accueil\",\"item\":\"https:\\\/\\\/www.docuteam.ch\\\/en\\\/\"},{\"@type\":\"ListItem\",\"position\":2,\"name\":\"docuteam Community Day 21. Oktober 2020\"}]},{\"@type\":\"WebSite\",\"@id\":\"https:\\\/\\\/www.docuteam.ch\\\/en\\\/#website\",\"url\":\"https:\\\/\\\/www.docuteam.ch\\\/en\\\/\",\"name\":\"docuteam\",\"description\":\"Informationen sind Ihr langfristiges Kapital\",\"publisher\":{\"@id\":\"https:\\\/\\\/www.docuteam.ch\\\/en\\\/#organization\"},\"potentialAction\":[{\"@type\":\"SearchAction\",\"target\":{\"@type\":\"EntryPoint\",\"urlTemplate\":\"https:\\\/\\\/www.docuteam.ch\\\/en\\\/?s={search_term_string}\"},\"query-input\":{\"@type\":\"PropertyValueSpecification\",\"valueRequired\":true,\"valueName\":\"search_term_string\"}}],\"inLanguage\":\"en-US\"},{\"@type\":\"Organization\",\"@id\":\"https:\\\/\\\/www.docuteam.ch\\\/en\\\/#organization\",\"name\":\"docuteam\",\"url\":\"https:\\\/\\\/www.docuteam.ch\\\/en\\\/\",\"logo\":{\"@type\":\"ImageObject\",\"inLanguage\":\"en-US\",\"@id\":\"https:\\\/\\\/www.docuteam.ch\\\/en\\\/#\\\/schema\\\/logo\\\/image\\\/\",\"url\":\"https:\\\/\\\/www.docuteam.ch\\\/wp-content\\\/uploads\\\/2021\\\/03\\\/docuteam_big.png\",\"contentUrl\":\"https:\\\/\\\/www.docuteam.ch\\\/wp-content\\\/uploads\\\/2021\\\/03\\\/docuteam_big.png\",\"width\":200,\"height\":45,\"caption\":\"docuteam\"},\"image\":{\"@id\":\"https:\\\/\\\/www.docuteam.ch\\\/en\\\/#\\\/schema\\\/logo\\\/image\\\/\"},\"sameAs\":[\"https:\\\/\\\/x.com\\\/DocuteamCH\",\"https:\\\/\\\/www.linkedin.com\\\/company\\\/docuteam-ag\\\/mycompany\\\/\"]},{\"@type\":\"Person\",\"@id\":\"https:\\\/\\\/www.docuteam.ch\\\/en\\\/#\\\/schema\\\/person\\\/d4f8bdbdf0c6af49ca07455bcf1b02ff\",\"name\":\"Julie Baumberger\",\"image\":{\"@type\":\"ImageObject\",\"inLanguage\":\"en-US\",\"@id\":\"https:\\\/\\\/secure.gravatar.com\\\/avatar\\\/dec439982d586cb460b3a04a83a48877770ea3fa74f35ef84475a5996eeb88e5?s=96&d=mm&r=g\",\"url\":\"https:\\\/\\\/secure.gravatar.com\\\/avatar\\\/dec439982d586cb460b3a04a83a48877770ea3fa74f35ef84475a5996eeb88e5?s=96&d=mm&r=g\",\"contentUrl\":\"https:\\\/\\\/secure.gravatar.com\\\/avatar\\\/dec439982d586cb460b3a04a83a48877770ea3fa74f35ef84475a5996eeb88e5?s=96&d=mm&r=g\",\"caption\":\"Julie Baumberger\"},\"url\":\"https:\\\/\\\/www.docuteam.ch\\\/en\\\/author\\\/julie\\\/\"}]}<\/script>\n<!-- \/ Yoast SEO plugin. -->","yoast_head_json":{"title":"docuteam - docuteam Community Day 21. Oktober 2020","robots":{"index":"index","follow":"follow","max-snippet":"max-snippet:-1","max-image-preview":"max-image-preview:large","max-video-preview":"max-video-preview:-1"},"canonical":"https:\/\/www.docuteam.ch\/en\/docuteam-community-day-21-oktober-2020\/","og_locale":"en_US","og_type":"article","og_title":"docuteam - docuteam Community Day 21. Oktober 2020","og_description":"[vc_row][vc_column][vc_column_text] Webinare statt pers\u00f6nliches Treffen Unser Community Day sollte am 21. Oktober 2020 wie in den letzten Jahren an der FHNW in Olten durchgef\u00fchrt werden. Aufgrund der anhaltenden Pandemie-Situation haben wir uns entschieden, auf ein pers\u00f6nliches Treffen zu verzichten und stattdessen an diesem Tag vier kostenlose Webinare zu verschiedenen Themen und f\u00fcr verschiedene Zielgruppen anzubieten.&hellip;","og_url":"https:\/\/www.docuteam.ch\/en\/docuteam-community-day-21-oktober-2020\/","og_site_name":"docuteam","article_published_time":"2020-09-06T22:50:18+00:00","article_modified_time":"2025-02-18T14:08:27+00:00","og_image":[{"width":675,"height":450,"url":"https:\/\/www.docuteam.ch\/wp-content\/uploads\/2021\/03\/Numerisation.jpg","type":"image\/jpeg"}],"author":"Julie Baumberger","twitter_card":"summary_large_image","twitter_creator":"@DocuteamCH","twitter_site":"@DocuteamCH","schema":{"@context":"https:\/\/schema.org","@graph":[{"@type":"Article","@id":"https:\/\/www.docuteam.ch\/en\/docuteam-community-day-21-oktober-2020\/#article","isPartOf":{"@id":"https:\/\/www.docuteam.ch\/en\/docuteam-community-day-21-oktober-2020\/"},"author":{"name":"Julie Baumberger","@id":"https:\/\/www.docuteam.ch\/en\/#\/schema\/person\/d4f8bdbdf0c6af49ca07455bcf1b02ff"},"headline":"docuteam Community Day 21. Oktober 2020","datePublished":"2020-09-06T22:50:18+00:00","dateModified":"2025-02-18T14:08:27+00:00","mainEntityOfPage":{"@id":"https:\/\/www.docuteam.ch\/en\/docuteam-community-day-21-oktober-2020\/"},"wordCount":374,"commentCount":0,"publisher":{"@id":"https:\/\/www.docuteam.ch\/en\/#organization"},"image":{"@id":"https:\/\/www.docuteam.ch\/en\/docuteam-community-day-21-oktober-2020\/#primaryimage"},"thumbnailUrl":"http:\/\/www.docuteam.ch\/wp-content\/uploads\/2020\/09\/IMG_2733-300x225.jpg","articleSection":["Archives management","Digital archiving","Latest news","Network"],"inLanguage":"en-US","potentialAction":[{"@type":"CommentAction","name":"Comment","target":["https:\/\/www.docuteam.ch\/en\/docuteam-community-day-21-oktober-2020\/#respond"]}]},{"@type":"WebPage","@id":"https:\/\/www.docuteam.ch\/en\/docuteam-community-day-21-oktober-2020\/","url":"https:\/\/www.docuteam.ch\/en\/docuteam-community-day-21-oktober-2020\/","name":"docuteam - docuteam Community Day 21. Oktober 2020","isPartOf":{"@id":"https:\/\/www.docuteam.ch\/en\/#website"},"primaryImageOfPage":{"@id":"https:\/\/www.docuteam.ch\/en\/docuteam-community-day-21-oktober-2020\/#primaryimage"},"image":{"@id":"https:\/\/www.docuteam.ch\/en\/docuteam-community-day-21-oktober-2020\/#primaryimage"},"thumbnailUrl":"http:\/\/www.docuteam.ch\/wp-content\/uploads\/2020\/09\/IMG_2733-300x225.jpg","datePublished":"2020-09-06T22:50:18+00:00","dateModified":"2025-02-18T14:08:27+00:00","breadcrumb":{"@id":"https:\/\/www.docuteam.ch\/en\/docuteam-community-day-21-oktober-2020\/#breadcrumb"},"inLanguage":"en-US","potentialAction":[{"@type":"ReadAction","target":["https:\/\/www.docuteam.ch\/en\/docuteam-community-day-21-oktober-2020\/"]}]},{"@type":"ImageObject","inLanguage":"en-US","@id":"https:\/\/www.docuteam.ch\/en\/docuteam-community-day-21-oktober-2020\/#primaryimage","url":"http:\/\/www.docuteam.ch\/wp-content\/uploads\/2020\/09\/IMG_2733-300x225.jpg","contentUrl":"http:\/\/www.docuteam.ch\/wp-content\/uploads\/2020\/09\/IMG_2733-300x225.jpg"},{"@type":"BreadcrumbList","@id":"https:\/\/www.docuteam.ch\/en\/docuteam-community-day-21-oktober-2020\/#breadcrumb","itemListElement":[{"@type":"ListItem","position":1,"name":"Accueil","item":"https:\/\/www.docuteam.ch\/en\/"},{"@type":"ListItem","position":2,"name":"docuteam Community Day 21. Oktober 2020"}]},{"@type":"WebSite","@id":"https:\/\/www.docuteam.ch\/en\/#website","url":"https:\/\/www.docuteam.ch\/en\/","name":"docuteam","description":"Informationen sind Ihr langfristiges Kapital","publisher":{"@id":"https:\/\/www.docuteam.ch\/en\/#organization"},"potentialAction":[{"@type":"SearchAction","target":{"@type":"EntryPoint","urlTemplate":"https:\/\/www.docuteam.ch\/en\/?s={search_term_string}"},"query-input":{"@type":"PropertyValueSpecification","valueRequired":true,"valueName":"search_term_string"}}],"inLanguage":"en-US"},{"@type":"Organization","@id":"https:\/\/www.docuteam.ch\/en\/#organization","name":"docuteam","url":"https:\/\/www.docuteam.ch\/en\/","logo":{"@type":"ImageObject","inLanguage":"en-US","@id":"https:\/\/www.docuteam.ch\/en\/#\/schema\/logo\/image\/","url":"https:\/\/www.docuteam.ch\/wp-content\/uploads\/2021\/03\/docuteam_big.png","contentUrl":"https:\/\/www.docuteam.ch\/wp-content\/uploads\/2021\/03\/docuteam_big.png","width":200,"height":45,"caption":"docuteam"},"image":{"@id":"https:\/\/www.docuteam.ch\/en\/#\/schema\/logo\/image\/"},"sameAs":["https:\/\/x.com\/DocuteamCH","https:\/\/www.linkedin.com\/company\/docuteam-ag\/mycompany\/"]},{"@type":"Person","@id":"https:\/\/www.docuteam.ch\/en\/#\/schema\/person\/d4f8bdbdf0c6af49ca07455bcf1b02ff","name":"Julie Baumberger","image":{"@type":"ImageObject","inLanguage":"en-US","@id":"https:\/\/secure.gravatar.com\/avatar\/dec439982d586cb460b3a04a83a48877770ea3fa74f35ef84475a5996eeb88e5?s=96&d=mm&r=g","url":"https:\/\/secure.gravatar.com\/avatar\/dec439982d586cb460b3a04a83a48877770ea3fa74f35ef84475a5996eeb88e5?s=96&d=mm&r=g","contentUrl":"https:\/\/secure.gravatar.com\/avatar\/dec439982d586cb460b3a04a83a48877770ea3fa74f35ef84475a5996eeb88e5?s=96&d=mm&r=g","caption":"Julie Baumberger"},"url":"https:\/\/www.docuteam.ch\/en\/author\/julie\/"}]}},"_links":{"self":[{"href":"https:\/\/www.docuteam.ch\/en\/wp-json\/wp\/v2\/posts\/55686","targetHints":{"allow":["GET"]}}],"collection":[{"href":"https:\/\/www.docuteam.ch\/en\/wp-json\/wp\/v2\/posts"}],"about":[{"href":"https:\/\/www.docuteam.ch\/en\/wp-json\/wp\/v2\/types\/post"}],"author":[{"embeddable":true,"href":"https:\/\/www.docuteam.ch\/en\/wp-json\/wp\/v2\/users\/2"}],"replies":[{"embeddable":true,"href":"https:\/\/www.docuteam.ch\/en\/wp-json\/wp\/v2\/comments?post=55686"}],"version-history":[{"count":1,"href":"https:\/\/www.docuteam.ch\/en\/wp-json\/wp\/v2\/posts\/55686\/revisions"}],"predecessor-version":[{"id":55687,"href":"https:\/\/www.docuteam.ch\/en\/wp-json\/wp\/v2\/posts\/55686\/revisions\/55687"}],"wp:attachment":[{"href":"https:\/\/www.docuteam.ch\/en\/wp-json\/wp\/v2\/media?parent=55686"}],"wp:term":[{"taxonomy":"category","embeddable":true,"href":"https:\/\/www.docuteam.ch\/en\/wp-json\/wp\/v2\/categories?post=55686"},{"taxonomy":"post_tag","embeddable":true,"href":"https:\/\/www.docuteam.ch\/en\/wp-json\/wp\/v2\/tags?post=55686"},{"taxonomy":"post_series","embeddable":true,"href":"https:\/\/www.docuteam.ch\/en\/wp-json\/wp\/v2\/post_series?post=55686"}],"curies":[{"name":"wp","href":"https:\/\/api.w.org\/{rel}","templated":true}]}}