{"id":55703,"date":"2024-09-11T13:10:39","date_gmt":"2024-09-11T11:10:39","guid":{"rendered":"https:\/\/www.docuteam.ch\/invitation-au-docuteam-community-day-du-21-novembre-2024-a-lausanne\/"},"modified":"2025-03-03T11:42:08","modified_gmt":"2025-03-03T09:42:08","slug":"invitation-au-docuteam-community-day-du-21-novembre-2024-a-lausanne","status":"publish","type":"post","link":"https:\/\/www.docuteam.ch\/en\/invitation-au-docuteam-community-day-du-21-novembre-2024-a-lausanne\/","title":{"rendered":"Invitation au docuteam community day du 21 novembre 2024 \u00e0 Lausanne"},"content":{"rendered":"<div class=\"wpb-content-wrapper\">[vc_row][vc_column][vc_column_text css=&#8221;&#8221;]Chaque ann\u00e9e, docuteam organise son community day pour sa communaut\u00e9 francophone. Il s\u2019agit alors de l\u2019occasion de se rencontrer afin d\u2019\u00e9changer sur les outils que nous vous proposons, mais \u00e9galement sur des th\u00e9matiques professionnelles qui font l\u2019actualit\u00e9.<\/p>\n<p>Cette ann\u00e9e, la rencontre durera toute la journ\u00e9e et aura lieu le<strong> jeudi 21 novembre \u00e0 9h30 \u00e0 l\u2019H\u00f4tel Alpha Palmiers (Rue du Petit-Ch\u00eane 34, 1003 Lausanne)<\/strong> (accueil d\u00e8s 9h).<\/p>\n<p>Durant cette journ\u00e9e, nous vous pr\u00e9senterons l\u2019actualit\u00e9 de docuteam et de ses produits, mais nous discuterons \u00e9galement d\u2019importants projets qui traitent de la migration en masse de donn\u00e9es et de l\u2019archivage \u00e9lectronique. Deux de nos mandants, la Biblioth\u00e8que nationale suisse et le p\u00f4le mus\u00e9al Plateforme 10, viendront vous pr\u00e9senter notre collaboration et le travail accompli avec docuteam. Vous trouverez le programme d\u00e9taill\u00e9 pour cette journ\u00e9e ci-dessous.<\/p>\n<p>La participation est gratuite. Toutefois, pour des raisons logistiques, nous vous prions de nous indiquer si vous venez toute la journ\u00e9e, uniquement le matin ou uniquement l\u2019apr\u00e8s-midi et si vous comptez participer au repas de midi (offert par docuteam).<\/p>\n<p><strong>Nous vous remercions de vous inscrire ici avant le 31 octobre 2024 (nombre de places limit\u00e9).<\/strong><\/p>\n<p>Le programme\u00a0:<\/p>\n<p>&nbsp;<\/p>\n<table>\n<tbody>\n<tr>\n<td width=\"113\">D\u00e8s 9h<\/td>\n<td width=\"513\">Accueil \u00e0 l\u2019H\u00f4tel Alpha Palmiers<\/td>\n<\/tr>\n<tr>\n<td width=\"113\">9h30 \u00e0 11h45<\/td>\n<td width=\"513\">\n<ul>\n<li>Mot d\u2019accueil et de bienvenue<\/li>\n<li>Actualit\u00e9s de nos produits<\/li>\n<li>Migration in Contexts<\/li>\n<li><span data-teams=\"true\"><span class=\"ui-provider a b c d e f g h i j k l m n o p q r s t u v w x y z ab ac ae af ag ah ai aj ak\" dir=\"ltr\">Records management et cycle de vie avec M365<\/span><\/span><\/li>\n<\/ul>\n<\/td>\n<\/tr>\n<tr>\n<td width=\"113\">11h45 \u00e0 13h30<\/td>\n<td width=\"513\">Repas<\/td>\n<\/tr>\n<tr>\n<td width=\"113\">13h30 \u00e0 16h30<\/td>\n<td width=\"513\">\n<ul>\n<li>Archivage num\u00e9rique avec docuteam cosmos \u00e0 la Biblioth\u00e8que nationale suisse<\/li>\n<li>Pr\u00e9servation des \u0153uvres n\u00e9es num\u00e9riques et reproductions digitales au p\u00f4le mus\u00e9al Plateforme 10 avec docuteam cosmos<\/li>\n<li>Le vrac num\u00e9rique, c\u2019est chic<\/li>\n<li>Humanit\u00e9 et archives dans les outils du quotidien<\/li>\n<\/ul>\n<\/td>\n<\/tr>\n<tr>\n<td width=\"113\">D\u00e8s 16h30<\/td>\n<td width=\"513\">Ap\u00e9ro<\/td>\n<\/tr>\n<\/tbody>\n<\/table>\n<p>Un moment de partage plus informel autour d&#8217;un ap\u00e9ro est \u00e9galement pr\u00e9vu. Nous nous r\u00e9jouissons de vous rencontrer lors de cet \u00e9v\u00e9nement qui s\u2019annonce particuli\u00e8rement riche.[\/vc_column_text][\/vc_column][\/vc_row]\n<\/div>","protected":false},"excerpt":{"rendered":"<p>[vc_row][vc_column][vc_column_text css=&#8221;&#8221;]Chaque ann\u00e9e, docuteam organise son community day pour sa communaut\u00e9 francophone. Il s\u2019agit alors de l\u2019occasion de se rencontrer afin d\u2019\u00e9changer sur les outils que nous vous proposons, mais \u00e9galement sur des th\u00e9matiques professionnelles qui font l\u2019actualit\u00e9. Cette ann\u00e9e, la rencontre durera toute la journ\u00e9e et aura lieu le jeudi 21 novembre \u00e0 9h30&hellip;<\/p>\n","protected":false},"author":3,"featured_media":0,"comment_status":"open","ping_status":"open","sticky":false,"template":"","format":"standard","meta":{"footnotes":""},"categories":[103,64],"tags":[],"post_series":[],"class_list":["post-55703","post","type-post","status-publish","format-standard","hentry","category-digital-archiving","category-trainings","entry","no-media"],"yoast_head":"<!-- This site is optimized with the Yoast SEO plugin v27.5 - https:\/\/yoast.com\/product\/yoast-seo-wordpress\/ -->\n<title>docuteam - Invitation au docuteam community day du 21 novembre 2024 \u00e0 Lausanne<\/title>\n<meta name=\"robots\" content=\"index, follow, max-snippet:-1, max-image-preview:large, max-video-preview:-1\" \/>\n<link rel=\"canonical\" href=\"https:\/\/www.docuteam.ch\/en\/invitation-au-docuteam-community-day-du-21-novembre-2024-a-lausanne\/\" \/>\n<meta property=\"og:locale\" content=\"en_US\" \/>\n<meta property=\"og:type\" content=\"article\" \/>\n<meta property=\"og:title\" content=\"docuteam - Invitation au docuteam community day du 21 novembre 2024 \u00e0 Lausanne\" \/>\n<meta property=\"og:description\" content=\"[vc_row][vc_column][vc_column_text css=&#8221;&#8221;]Chaque ann\u00e9e, docuteam organise son community day pour sa communaut\u00e9 francophone. Il s\u2019agit alors de l\u2019occasion de se rencontrer afin d\u2019\u00e9changer sur les outils que nous vous proposons, mais \u00e9galement sur des th\u00e9matiques professionnelles qui font l\u2019actualit\u00e9. Cette ann\u00e9e, la rencontre durera toute la journ\u00e9e et aura lieu le jeudi 21 novembre \u00e0 9h30&hellip;\" \/>\n<meta property=\"og:url\" content=\"https:\/\/www.docuteam.ch\/en\/invitation-au-docuteam-community-day-du-21-novembre-2024-a-lausanne\/\" \/>\n<meta property=\"og:site_name\" content=\"docuteam\" \/>\n<meta property=\"article:published_time\" content=\"2024-09-11T11:10:39+00:00\" \/>\n<meta property=\"article:modified_time\" content=\"2025-03-03T09:42:08+00:00\" \/>\n<meta property=\"og:image\" content=\"https:\/\/www.docuteam.ch\/wp-content\/uploads\/2021\/04\/docuteam_ueberuns_UltraHD-scaled.jpg\" \/>\n\t<meta property=\"og:image:width\" content=\"2560\" \/>\n\t<meta property=\"og:image:height\" content=\"1440\" \/>\n\t<meta property=\"og:image:type\" content=\"image\/jpeg\" \/>\n<meta name=\"author\" content=\"Andreas Steigmeier\" \/>\n<meta name=\"twitter:card\" content=\"summary_large_image\" \/>\n<meta name=\"twitter:creator\" content=\"@DocuteamCH\" \/>\n<meta name=\"twitter:site\" content=\"@DocuteamCH\" \/>\n<script type=\"application\/ld+json\" class=\"yoast-schema-graph\">{\"@context\":\"https:\\\/\\\/schema.org\",\"@graph\":[{\"@type\":\"Article\",\"@id\":\"https:\\\/\\\/www.docuteam.ch\\\/en\\\/invitation-au-docuteam-community-day-du-21-novembre-2024-a-lausanne\\\/#article\",\"isPartOf\":{\"@id\":\"https:\\\/\\\/www.docuteam.ch\\\/en\\\/invitation-au-docuteam-community-day-du-21-novembre-2024-a-lausanne\\\/\"},\"author\":{\"name\":\"Andreas Steigmeier\",\"@id\":\"https:\\\/\\\/www.docuteam.ch\\\/en\\\/#\\\/schema\\\/person\\\/69ba3cba1dc89380ca20dc29a17f2b2d\"},\"headline\":\"Invitation au docuteam community day du 21 novembre 2024 \u00e0 Lausanne\",\"datePublished\":\"2024-09-11T11:10:39+00:00\",\"dateModified\":\"2025-03-03T09:42:08+00:00\",\"mainEntityOfPage\":{\"@id\":\"https:\\\/\\\/www.docuteam.ch\\\/en\\\/invitation-au-docuteam-community-day-du-21-novembre-2024-a-lausanne\\\/\"},\"wordCount\":354,\"commentCount\":0,\"publisher\":{\"@id\":\"https:\\\/\\\/www.docuteam.ch\\\/en\\\/#organization\"},\"articleSection\":[\"Digital archiving\",\"Trainings\"],\"inLanguage\":\"en-US\",\"potentialAction\":[{\"@type\":\"CommentAction\",\"name\":\"Comment\",\"target\":[\"https:\\\/\\\/www.docuteam.ch\\\/en\\\/invitation-au-docuteam-community-day-du-21-novembre-2024-a-lausanne\\\/#respond\"]}]},{\"@type\":\"WebPage\",\"@id\":\"https:\\\/\\\/www.docuteam.ch\\\/en\\\/invitation-au-docuteam-community-day-du-21-novembre-2024-a-lausanne\\\/\",\"url\":\"https:\\\/\\\/www.docuteam.ch\\\/en\\\/invitation-au-docuteam-community-day-du-21-novembre-2024-a-lausanne\\\/\",\"name\":\"docuteam - Invitation au docuteam community day du 21 novembre 2024 \u00e0 Lausanne\",\"isPartOf\":{\"@id\":\"https:\\\/\\\/www.docuteam.ch\\\/en\\\/#website\"},\"datePublished\":\"2024-09-11T11:10:39+00:00\",\"dateModified\":\"2025-03-03T09:42:08+00:00\",\"breadcrumb\":{\"@id\":\"https:\\\/\\\/www.docuteam.ch\\\/en\\\/invitation-au-docuteam-community-day-du-21-novembre-2024-a-lausanne\\\/#breadcrumb\"},\"inLanguage\":\"en-US\",\"potentialAction\":[{\"@type\":\"ReadAction\",\"target\":[\"https:\\\/\\\/www.docuteam.ch\\\/en\\\/invitation-au-docuteam-community-day-du-21-novembre-2024-a-lausanne\\\/\"]}]},{\"@type\":\"BreadcrumbList\",\"@id\":\"https:\\\/\\\/www.docuteam.ch\\\/en\\\/invitation-au-docuteam-community-day-du-21-novembre-2024-a-lausanne\\\/#breadcrumb\",\"itemListElement\":[{\"@type\":\"ListItem\",\"position\":1,\"name\":\"Accueil\",\"item\":\"https:\\\/\\\/www.docuteam.ch\\\/en\\\/\"},{\"@type\":\"ListItem\",\"position\":2,\"name\":\"Invitation au docuteam community day du 21 novembre 2024 \u00e0 Lausanne\"}]},{\"@type\":\"WebSite\",\"@id\":\"https:\\\/\\\/www.docuteam.ch\\\/en\\\/#website\",\"url\":\"https:\\\/\\\/www.docuteam.ch\\\/en\\\/\",\"name\":\"docuteam\",\"description\":\"Informationen sind Ihr langfristiges Kapital\",\"publisher\":{\"@id\":\"https:\\\/\\\/www.docuteam.ch\\\/en\\\/#organization\"},\"potentialAction\":[{\"@type\":\"SearchAction\",\"target\":{\"@type\":\"EntryPoint\",\"urlTemplate\":\"https:\\\/\\\/www.docuteam.ch\\\/en\\\/?s={search_term_string}\"},\"query-input\":{\"@type\":\"PropertyValueSpecification\",\"valueRequired\":true,\"valueName\":\"search_term_string\"}}],\"inLanguage\":\"en-US\"},{\"@type\":\"Organization\",\"@id\":\"https:\\\/\\\/www.docuteam.ch\\\/en\\\/#organization\",\"name\":\"docuteam\",\"url\":\"https:\\\/\\\/www.docuteam.ch\\\/en\\\/\",\"logo\":{\"@type\":\"ImageObject\",\"inLanguage\":\"en-US\",\"@id\":\"https:\\\/\\\/www.docuteam.ch\\\/en\\\/#\\\/schema\\\/logo\\\/image\\\/\",\"url\":\"https:\\\/\\\/www.docuteam.ch\\\/wp-content\\\/uploads\\\/2021\\\/03\\\/docuteam_big.png\",\"contentUrl\":\"https:\\\/\\\/www.docuteam.ch\\\/wp-content\\\/uploads\\\/2021\\\/03\\\/docuteam_big.png\",\"width\":200,\"height\":45,\"caption\":\"docuteam\"},\"image\":{\"@id\":\"https:\\\/\\\/www.docuteam.ch\\\/en\\\/#\\\/schema\\\/logo\\\/image\\\/\"},\"sameAs\":[\"https:\\\/\\\/x.com\\\/DocuteamCH\",\"https:\\\/\\\/www.linkedin.com\\\/company\\\/docuteam-ag\\\/mycompany\\\/\"]},{\"@type\":\"Person\",\"@id\":\"https:\\\/\\\/www.docuteam.ch\\\/en\\\/#\\\/schema\\\/person\\\/69ba3cba1dc89380ca20dc29a17f2b2d\",\"name\":\"Andreas Steigmeier\",\"image\":{\"@type\":\"ImageObject\",\"inLanguage\":\"en-US\",\"@id\":\"https:\\\/\\\/secure.gravatar.com\\\/avatar\\\/38cc08a5c7ced22dbfe6671ff7471a8aa49d407f539ec6ee1985fc0e36afc586?s=96&d=mm&r=g\",\"url\":\"https:\\\/\\\/secure.gravatar.com\\\/avatar\\\/38cc08a5c7ced22dbfe6671ff7471a8aa49d407f539ec6ee1985fc0e36afc586?s=96&d=mm&r=g\",\"contentUrl\":\"https:\\\/\\\/secure.gravatar.com\\\/avatar\\\/38cc08a5c7ced22dbfe6671ff7471a8aa49d407f539ec6ee1985fc0e36afc586?s=96&d=mm&r=g\",\"caption\":\"Andreas Steigmeier\"},\"url\":\"https:\\\/\\\/www.docuteam.ch\\\/en\\\/author\\\/andreas\\\/\"}]}<\/script>\n<!-- \/ Yoast SEO plugin. -->","yoast_head_json":{"title":"docuteam - Invitation au docuteam community day du 21 novembre 2024 \u00e0 Lausanne","robots":{"index":"index","follow":"follow","max-snippet":"max-snippet:-1","max-image-preview":"max-image-preview:large","max-video-preview":"max-video-preview:-1"},"canonical":"https:\/\/www.docuteam.ch\/en\/invitation-au-docuteam-community-day-du-21-novembre-2024-a-lausanne\/","og_locale":"en_US","og_type":"article","og_title":"docuteam - Invitation au docuteam community day du 21 novembre 2024 \u00e0 Lausanne","og_description":"[vc_row][vc_column][vc_column_text css=&#8221;&#8221;]Chaque ann\u00e9e, docuteam organise son community day pour sa communaut\u00e9 francophone. Il s\u2019agit alors de l\u2019occasion de se rencontrer afin d\u2019\u00e9changer sur les outils que nous vous proposons, mais \u00e9galement sur des th\u00e9matiques professionnelles qui font l\u2019actualit\u00e9. Cette ann\u00e9e, la rencontre durera toute la journ\u00e9e et aura lieu le jeudi 21 novembre \u00e0 9h30&hellip;","og_url":"https:\/\/www.docuteam.ch\/en\/invitation-au-docuteam-community-day-du-21-novembre-2024-a-lausanne\/","og_site_name":"docuteam","article_published_time":"2024-09-11T11:10:39+00:00","article_modified_time":"2025-03-03T09:42:08+00:00","og_image":[{"width":2560,"height":1440,"url":"https:\/\/www.docuteam.ch\/wp-content\/uploads\/2021\/04\/docuteam_ueberuns_UltraHD-scaled.jpg","type":"image\/jpeg"}],"author":"Andreas Steigmeier","twitter_card":"summary_large_image","twitter_creator":"@DocuteamCH","twitter_site":"@DocuteamCH","schema":{"@context":"https:\/\/schema.org","@graph":[{"@type":"Article","@id":"https:\/\/www.docuteam.ch\/en\/invitation-au-docuteam-community-day-du-21-novembre-2024-a-lausanne\/#article","isPartOf":{"@id":"https:\/\/www.docuteam.ch\/en\/invitation-au-docuteam-community-day-du-21-novembre-2024-a-lausanne\/"},"author":{"name":"Andreas Steigmeier","@id":"https:\/\/www.docuteam.ch\/en\/#\/schema\/person\/69ba3cba1dc89380ca20dc29a17f2b2d"},"headline":"Invitation au docuteam community day du 21 novembre 2024 \u00e0 Lausanne","datePublished":"2024-09-11T11:10:39+00:00","dateModified":"2025-03-03T09:42:08+00:00","mainEntityOfPage":{"@id":"https:\/\/www.docuteam.ch\/en\/invitation-au-docuteam-community-day-du-21-novembre-2024-a-lausanne\/"},"wordCount":354,"commentCount":0,"publisher":{"@id":"https:\/\/www.docuteam.ch\/en\/#organization"},"articleSection":["Digital archiving","Trainings"],"inLanguage":"en-US","potentialAction":[{"@type":"CommentAction","name":"Comment","target":["https:\/\/www.docuteam.ch\/en\/invitation-au-docuteam-community-day-du-21-novembre-2024-a-lausanne\/#respond"]}]},{"@type":"WebPage","@id":"https:\/\/www.docuteam.ch\/en\/invitation-au-docuteam-community-day-du-21-novembre-2024-a-lausanne\/","url":"https:\/\/www.docuteam.ch\/en\/invitation-au-docuteam-community-day-du-21-novembre-2024-a-lausanne\/","name":"docuteam - Invitation au docuteam community day du 21 novembre 2024 \u00e0 Lausanne","isPartOf":{"@id":"https:\/\/www.docuteam.ch\/en\/#website"},"datePublished":"2024-09-11T11:10:39+00:00","dateModified":"2025-03-03T09:42:08+00:00","breadcrumb":{"@id":"https:\/\/www.docuteam.ch\/en\/invitation-au-docuteam-community-day-du-21-novembre-2024-a-lausanne\/#breadcrumb"},"inLanguage":"en-US","potentialAction":[{"@type":"ReadAction","target":["https:\/\/www.docuteam.ch\/en\/invitation-au-docuteam-community-day-du-21-novembre-2024-a-lausanne\/"]}]},{"@type":"BreadcrumbList","@id":"https:\/\/www.docuteam.ch\/en\/invitation-au-docuteam-community-day-du-21-novembre-2024-a-lausanne\/#breadcrumb","itemListElement":[{"@type":"ListItem","position":1,"name":"Accueil","item":"https:\/\/www.docuteam.ch\/en\/"},{"@type":"ListItem","position":2,"name":"Invitation au docuteam community day du 21 novembre 2024 \u00e0 Lausanne"}]},{"@type":"WebSite","@id":"https:\/\/www.docuteam.ch\/en\/#website","url":"https:\/\/www.docuteam.ch\/en\/","name":"docuteam","description":"Informationen sind Ihr langfristiges Kapital","publisher":{"@id":"https:\/\/www.docuteam.ch\/en\/#organization"},"potentialAction":[{"@type":"SearchAction","target":{"@type":"EntryPoint","urlTemplate":"https:\/\/www.docuteam.ch\/en\/?s={search_term_string}"},"query-input":{"@type":"PropertyValueSpecification","valueRequired":true,"valueName":"search_term_string"}}],"inLanguage":"en-US"},{"@type":"Organization","@id":"https:\/\/www.docuteam.ch\/en\/#organization","name":"docuteam","url":"https:\/\/www.docuteam.ch\/en\/","logo":{"@type":"ImageObject","inLanguage":"en-US","@id":"https:\/\/www.docuteam.ch\/en\/#\/schema\/logo\/image\/","url":"https:\/\/www.docuteam.ch\/wp-content\/uploads\/2021\/03\/docuteam_big.png","contentUrl":"https:\/\/www.docuteam.ch\/wp-content\/uploads\/2021\/03\/docuteam_big.png","width":200,"height":45,"caption":"docuteam"},"image":{"@id":"https:\/\/www.docuteam.ch\/en\/#\/schema\/logo\/image\/"},"sameAs":["https:\/\/x.com\/DocuteamCH","https:\/\/www.linkedin.com\/company\/docuteam-ag\/mycompany\/"]},{"@type":"Person","@id":"https:\/\/www.docuteam.ch\/en\/#\/schema\/person\/69ba3cba1dc89380ca20dc29a17f2b2d","name":"Andreas Steigmeier","image":{"@type":"ImageObject","inLanguage":"en-US","@id":"https:\/\/secure.gravatar.com\/avatar\/38cc08a5c7ced22dbfe6671ff7471a8aa49d407f539ec6ee1985fc0e36afc586?s=96&d=mm&r=g","url":"https:\/\/secure.gravatar.com\/avatar\/38cc08a5c7ced22dbfe6671ff7471a8aa49d407f539ec6ee1985fc0e36afc586?s=96&d=mm&r=g","contentUrl":"https:\/\/secure.gravatar.com\/avatar\/38cc08a5c7ced22dbfe6671ff7471a8aa49d407f539ec6ee1985fc0e36afc586?s=96&d=mm&r=g","caption":"Andreas Steigmeier"},"url":"https:\/\/www.docuteam.ch\/en\/author\/andreas\/"}]}},"_links":{"self":[{"href":"https:\/\/www.docuteam.ch\/en\/wp-json\/wp\/v2\/posts\/55703","targetHints":{"allow":["GET"]}}],"collection":[{"href":"https:\/\/www.docuteam.ch\/en\/wp-json\/wp\/v2\/posts"}],"about":[{"href":"https:\/\/www.docuteam.ch\/en\/wp-json\/wp\/v2\/types\/post"}],"author":[{"embeddable":true,"href":"https:\/\/www.docuteam.ch\/en\/wp-json\/wp\/v2\/users\/3"}],"replies":[{"embeddable":true,"href":"https:\/\/www.docuteam.ch\/en\/wp-json\/wp\/v2\/comments?post=55703"}],"version-history":[{"count":2,"href":"https:\/\/www.docuteam.ch\/en\/wp-json\/wp\/v2\/posts\/55703\/revisions"}],"predecessor-version":[{"id":55822,"href":"https:\/\/www.docuteam.ch\/en\/wp-json\/wp\/v2\/posts\/55703\/revisions\/55822"}],"wp:attachment":[{"href":"https:\/\/www.docuteam.ch\/en\/wp-json\/wp\/v2\/media?parent=55703"}],"wp:term":[{"taxonomy":"category","embeddable":true,"href":"https:\/\/www.docuteam.ch\/en\/wp-json\/wp\/v2\/categories?post=55703"},{"taxonomy":"post_tag","embeddable":true,"href":"https:\/\/www.docuteam.ch\/en\/wp-json\/wp\/v2\/tags?post=55703"},{"taxonomy":"post_series","embeddable":true,"href":"https:\/\/www.docuteam.ch\/en\/wp-json\/wp\/v2\/post_series?post=55703"}],"curies":[{"name":"wp","href":"https:\/\/api.w.org\/{rel}","templated":true}]}}