{"id":55707,"date":"2024-05-27T14:46:23","date_gmt":"2024-05-27T12:46:23","guid":{"rendered":"https:\/\/www.docuteam.ch\/impact-ecologique-de-la-transformation-numerique\/"},"modified":"2025-02-18T16:12:17","modified_gmt":"2025-02-18T14:12:17","slug":"impact-ecologique-de-la-transformation-numerique","status":"publish","type":"post","link":"https:\/\/www.docuteam.ch\/en\/impact-ecologique-de-la-transformation-numerique\/","title":{"rendered":"Impact \u00e9cologique de la transformation num\u00e9rique"},"content":{"rendered":"<p>En cette journ\u00e9e de <a href=\"https:\/\/sustainableitday.org\/\" target=\"_blank\" rel=\"noopener\">Sustainable IT Day<\/a>, il nous tient \u00e0 c\u0153ur de montrer notre soutien \u00e0 cette initiative et de prendre nos responsabilit\u00e9s en mati\u00e8re d&#8217;efficience \u00e9nerg\u00e9tique et d&#8217;impact environnemental de nos produits num\u00e9riques.<\/p>\n<p>En effet, il est notoire que la production et la conservation de donn\u00e9es\/documents &#8211; \u00e0 la base de nos soci\u00e9t\u00e9s de l&#8217;information &#8211; ont une empreinte environnementale importante et croissante qui n&#8217;est pas n\u00e9gligeable, surtout en raison de l&#8217;inflation documentaire num\u00e9rique.<\/p>\n<p>Or, le mod\u00e8le \u00e9conomique de docuteam est enti\u00e8rement ax\u00e9 sur la <a href=\"https:\/\/www.docuteam.ch\/fr\/durabilite\/\" target=\"_blank\" rel=\"noopener\">disponibilit\u00e9 durable de l\u2019information<\/a> et c&#8217;est en ce sens nous proposons diff\u00e9rentes <a href=\"https:\/\/www.docuteam.ch\/fr\/software-fur-archive\/\" target=\"_blank\" rel=\"noopener\">solutions informatiques<\/a> pour garantir la pr\u00e9servation de l&#8217;information sur le long terme. Dans le contexte num\u00e9rique, cette n\u00e9cessit\u00e9 de pr\u00e9servation sur le \u00ablong terme\u00bb implique une consommation \u00e9nerg\u00e9tique de nos produits \u00e9galement sur le \u00ablong terme\u00bb.<\/p>\n<p>Pour limiter l&#8217;impact environnemental des diff\u00e9rents modes de pr\u00e9servation et am\u00e9liorer l&#8217;efficacit\u00e9 \u00e9nerg\u00e9tique de nos produits num\u00e9riques, il existe toute une s\u00e9rie de mesures possibles qui sont applicables sur l&#8217;ensemble du cycle de vie, \u00e0 la fois pour les archives physiques et num\u00e9riques.<\/p>\n<p>Sur la base de la litt\u00e9rature professionnelle existante nous avons identifi\u00e9 les points suivants sur lesquels nous pouvons agir :<\/p>\n<ul>\n<li>La <strong>masse\/quantit\u00e9 des donn\u00e9es conserv\u00e9es<\/strong> (taille des fichiers, nombre de copies, non-valeur des informations), et donc leur non-production, la r\u00e9duction de leur taille ou <em>in-fine<\/em> leur suppression (\u00e9galement sous forme de r\u00e9-\u00e9valuation des archives),<\/li>\n<li>Les <strong>infrastructures utilis\u00e9es<\/strong> (types de stockage, dur\u00e9e d\u2019utilisation et de remplacement des mat\u00e9riaux),<\/li>\n<li>Les <strong>processus (<em>workflows<\/em>) mis en \u0153uvre<\/strong>.<\/li>\n<\/ul>\n<p>Nos archivistes pr\u00e9conisent d\u00e9j\u00e0 chez nos clients des r\u00e8gles pour \u00e9viter la surproduction documentaire et savent mettre en place des actions de tri dans les masses qui ne sont plus utiles. Les demandes que nous devons maintenant g\u00e9rer concernent le tri de vracs num\u00e9riques.<\/p>\n<p>Quant aux infrastructures que nous proposons pour notre offre cloud, elles reposent en partie sur SWITCHengines de la fondation suisse SWITCH et sur l&#8217;h\u00e9bergeur suisse Infomaniak, consid\u00e9r\u00e9 g\u00e9n\u00e9ralement comme un <a href=\"https:\/\/www.infomaniak.com\/fr\/ecologie\" target=\"_blank\" rel=\"noopener\">prestataire tr\u00e8s efficient \u00e9nerg\u00e9tiquement<\/a>.<\/p>\n<p>Nous allons continuer d&#8217;\u00e9valuer l&#8217;empreinte environnementale de nos produits et proposer des am\u00e9liorations ces prochaines ann\u00e9es.<\/p>\n","protected":false},"excerpt":{"rendered":"<p>En cette journ\u00e9e de Sustainable IT Day, il nous tient \u00e0 c\u0153ur de montrer notre soutien \u00e0 cette initiative et de prendre nos responsabilit\u00e9s en mati\u00e8re d&#8217;efficience \u00e9nerg\u00e9tique et d&#8217;impact environnemental de nos produits num\u00e9riques. En effet, il est notoire que la production et la conservation de donn\u00e9es\/documents &#8211; \u00e0 la base de nos soci\u00e9t\u00e9s&hellip;<\/p>\n","protected":false},"author":3,"featured_media":0,"comment_status":"open","ping_status":"open","sticky":false,"template":"","format":"standard","meta":{"footnotes":""},"categories":[104,103,102,105],"tags":[],"post_series":[],"class_list":["post-55707","post","type-post","status-publish","format-standard","hentry","category-archives-management","category-digital-archiving","category-latest-news","category-records-management","entry","no-media"],"yoast_head":"<!-- This site is optimized with the Yoast SEO plugin v27.5 - https:\/\/yoast.com\/product\/yoast-seo-wordpress\/ -->\n<title>docuteam - Impact \u00e9cologique de la transformation num\u00e9rique<\/title>\n<meta name=\"robots\" content=\"index, follow, max-snippet:-1, max-image-preview:large, max-video-preview:-1\" \/>\n<link rel=\"canonical\" href=\"https:\/\/www.docuteam.ch\/en\/impact-ecologique-de-la-transformation-numerique\/\" \/>\n<meta property=\"og:locale\" content=\"en_US\" \/>\n<meta property=\"og:type\" content=\"article\" \/>\n<meta property=\"og:title\" content=\"docuteam - Impact \u00e9cologique de la transformation num\u00e9rique\" \/>\n<meta property=\"og:description\" content=\"En cette journ\u00e9e de Sustainable IT Day, il nous tient \u00e0 c\u0153ur de montrer notre soutien \u00e0 cette initiative et de prendre nos responsabilit\u00e9s en mati\u00e8re d&#8217;efficience \u00e9nerg\u00e9tique et d&#8217;impact environnemental de nos produits num\u00e9riques. En effet, il est notoire que la production et la conservation de donn\u00e9es\/documents &#8211; \u00e0 la base de nos soci\u00e9t\u00e9s&hellip;\" \/>\n<meta property=\"og:url\" content=\"https:\/\/www.docuteam.ch\/en\/impact-ecologique-de-la-transformation-numerique\/\" \/>\n<meta property=\"og:site_name\" content=\"docuteam\" \/>\n<meta property=\"article:published_time\" content=\"2024-05-27T12:46:23+00:00\" \/>\n<meta property=\"article:modified_time\" content=\"2025-02-18T14:12:17+00:00\" \/>\n<meta property=\"og:image\" content=\"https:\/\/www.docuteam.ch\/wp-content\/uploads\/2021\/04\/docuteam_ueberuns_UltraHD-scaled.jpg\" \/>\n\t<meta property=\"og:image:width\" content=\"2560\" \/>\n\t<meta property=\"og:image:height\" content=\"1440\" \/>\n\t<meta property=\"og:image:type\" content=\"image\/jpeg\" \/>\n<meta name=\"author\" content=\"Andreas Steigmeier\" \/>\n<meta name=\"twitter:card\" content=\"summary_large_image\" \/>\n<meta name=\"twitter:creator\" content=\"@DocuteamCH\" \/>\n<meta name=\"twitter:site\" content=\"@DocuteamCH\" \/>\n<script type=\"application\/ld+json\" class=\"yoast-schema-graph\">{\"@context\":\"https:\\\/\\\/schema.org\",\"@graph\":[{\"@type\":\"Article\",\"@id\":\"https:\\\/\\\/www.docuteam.ch\\\/en\\\/impact-ecologique-de-la-transformation-numerique\\\/#article\",\"isPartOf\":{\"@id\":\"https:\\\/\\\/www.docuteam.ch\\\/en\\\/impact-ecologique-de-la-transformation-numerique\\\/\"},\"author\":{\"name\":\"Andreas Steigmeier\",\"@id\":\"https:\\\/\\\/www.docuteam.ch\\\/en\\\/#\\\/schema\\\/person\\\/69ba3cba1dc89380ca20dc29a17f2b2d\"},\"headline\":\"Impact \u00e9cologique de la transformation num\u00e9rique\",\"datePublished\":\"2024-05-27T12:46:23+00:00\",\"dateModified\":\"2025-02-18T14:12:17+00:00\",\"mainEntityOfPage\":{\"@id\":\"https:\\\/\\\/www.docuteam.ch\\\/en\\\/impact-ecologique-de-la-transformation-numerique\\\/\"},\"wordCount\":412,\"commentCount\":0,\"publisher\":{\"@id\":\"https:\\\/\\\/www.docuteam.ch\\\/en\\\/#organization\"},\"articleSection\":[\"Archives management\",\"Digital archiving\",\"Latest news\",\"Records management\"],\"inLanguage\":\"en-US\",\"potentialAction\":[{\"@type\":\"CommentAction\",\"name\":\"Comment\",\"target\":[\"https:\\\/\\\/www.docuteam.ch\\\/en\\\/impact-ecologique-de-la-transformation-numerique\\\/#respond\"]}]},{\"@type\":\"WebPage\",\"@id\":\"https:\\\/\\\/www.docuteam.ch\\\/en\\\/impact-ecologique-de-la-transformation-numerique\\\/\",\"url\":\"https:\\\/\\\/www.docuteam.ch\\\/en\\\/impact-ecologique-de-la-transformation-numerique\\\/\",\"name\":\"docuteam - Impact \u00e9cologique de la transformation num\u00e9rique\",\"isPartOf\":{\"@id\":\"https:\\\/\\\/www.docuteam.ch\\\/en\\\/#website\"},\"datePublished\":\"2024-05-27T12:46:23+00:00\",\"dateModified\":\"2025-02-18T14:12:17+00:00\",\"breadcrumb\":{\"@id\":\"https:\\\/\\\/www.docuteam.ch\\\/en\\\/impact-ecologique-de-la-transformation-numerique\\\/#breadcrumb\"},\"inLanguage\":\"en-US\",\"potentialAction\":[{\"@type\":\"ReadAction\",\"target\":[\"https:\\\/\\\/www.docuteam.ch\\\/en\\\/impact-ecologique-de-la-transformation-numerique\\\/\"]}]},{\"@type\":\"BreadcrumbList\",\"@id\":\"https:\\\/\\\/www.docuteam.ch\\\/en\\\/impact-ecologique-de-la-transformation-numerique\\\/#breadcrumb\",\"itemListElement\":[{\"@type\":\"ListItem\",\"position\":1,\"name\":\"Accueil\",\"item\":\"https:\\\/\\\/www.docuteam.ch\\\/en\\\/\"},{\"@type\":\"ListItem\",\"position\":2,\"name\":\"Impact \u00e9cologique de la transformation num\u00e9rique\"}]},{\"@type\":\"WebSite\",\"@id\":\"https:\\\/\\\/www.docuteam.ch\\\/en\\\/#website\",\"url\":\"https:\\\/\\\/www.docuteam.ch\\\/en\\\/\",\"name\":\"docuteam\",\"description\":\"Informationen sind Ihr langfristiges Kapital\",\"publisher\":{\"@id\":\"https:\\\/\\\/www.docuteam.ch\\\/en\\\/#organization\"},\"potentialAction\":[{\"@type\":\"SearchAction\",\"target\":{\"@type\":\"EntryPoint\",\"urlTemplate\":\"https:\\\/\\\/www.docuteam.ch\\\/en\\\/?s={search_term_string}\"},\"query-input\":{\"@type\":\"PropertyValueSpecification\",\"valueRequired\":true,\"valueName\":\"search_term_string\"}}],\"inLanguage\":\"en-US\"},{\"@type\":\"Organization\",\"@id\":\"https:\\\/\\\/www.docuteam.ch\\\/en\\\/#organization\",\"name\":\"docuteam\",\"url\":\"https:\\\/\\\/www.docuteam.ch\\\/en\\\/\",\"logo\":{\"@type\":\"ImageObject\",\"inLanguage\":\"en-US\",\"@id\":\"https:\\\/\\\/www.docuteam.ch\\\/en\\\/#\\\/schema\\\/logo\\\/image\\\/\",\"url\":\"https:\\\/\\\/www.docuteam.ch\\\/wp-content\\\/uploads\\\/2021\\\/03\\\/docuteam_big.png\",\"contentUrl\":\"https:\\\/\\\/www.docuteam.ch\\\/wp-content\\\/uploads\\\/2021\\\/03\\\/docuteam_big.png\",\"width\":200,\"height\":45,\"caption\":\"docuteam\"},\"image\":{\"@id\":\"https:\\\/\\\/www.docuteam.ch\\\/en\\\/#\\\/schema\\\/logo\\\/image\\\/\"},\"sameAs\":[\"https:\\\/\\\/x.com\\\/DocuteamCH\",\"https:\\\/\\\/www.linkedin.com\\\/company\\\/docuteam-ag\\\/mycompany\\\/\"]},{\"@type\":\"Person\",\"@id\":\"https:\\\/\\\/www.docuteam.ch\\\/en\\\/#\\\/schema\\\/person\\\/69ba3cba1dc89380ca20dc29a17f2b2d\",\"name\":\"Andreas Steigmeier\",\"image\":{\"@type\":\"ImageObject\",\"inLanguage\":\"en-US\",\"@id\":\"https:\\\/\\\/secure.gravatar.com\\\/avatar\\\/38cc08a5c7ced22dbfe6671ff7471a8aa49d407f539ec6ee1985fc0e36afc586?s=96&d=mm&r=g\",\"url\":\"https:\\\/\\\/secure.gravatar.com\\\/avatar\\\/38cc08a5c7ced22dbfe6671ff7471a8aa49d407f539ec6ee1985fc0e36afc586?s=96&d=mm&r=g\",\"contentUrl\":\"https:\\\/\\\/secure.gravatar.com\\\/avatar\\\/38cc08a5c7ced22dbfe6671ff7471a8aa49d407f539ec6ee1985fc0e36afc586?s=96&d=mm&r=g\",\"caption\":\"Andreas Steigmeier\"},\"url\":\"https:\\\/\\\/www.docuteam.ch\\\/en\\\/author\\\/andreas\\\/\"}]}<\/script>\n<!-- \/ Yoast SEO plugin. -->","yoast_head_json":{"title":"docuteam - Impact \u00e9cologique de la transformation num\u00e9rique","robots":{"index":"index","follow":"follow","max-snippet":"max-snippet:-1","max-image-preview":"max-image-preview:large","max-video-preview":"max-video-preview:-1"},"canonical":"https:\/\/www.docuteam.ch\/en\/impact-ecologique-de-la-transformation-numerique\/","og_locale":"en_US","og_type":"article","og_title":"docuteam - Impact \u00e9cologique de la transformation num\u00e9rique","og_description":"En cette journ\u00e9e de Sustainable IT Day, il nous tient \u00e0 c\u0153ur de montrer notre soutien \u00e0 cette initiative et de prendre nos responsabilit\u00e9s en mati\u00e8re d&#8217;efficience \u00e9nerg\u00e9tique et d&#8217;impact environnemental de nos produits num\u00e9riques. En effet, il est notoire que la production et la conservation de donn\u00e9es\/documents &#8211; \u00e0 la base de nos soci\u00e9t\u00e9s&hellip;","og_url":"https:\/\/www.docuteam.ch\/en\/impact-ecologique-de-la-transformation-numerique\/","og_site_name":"docuteam","article_published_time":"2024-05-27T12:46:23+00:00","article_modified_time":"2025-02-18T14:12:17+00:00","og_image":[{"width":2560,"height":1440,"url":"https:\/\/www.docuteam.ch\/wp-content\/uploads\/2021\/04\/docuteam_ueberuns_UltraHD-scaled.jpg","type":"image\/jpeg"}],"author":"Andreas Steigmeier","twitter_card":"summary_large_image","twitter_creator":"@DocuteamCH","twitter_site":"@DocuteamCH","schema":{"@context":"https:\/\/schema.org","@graph":[{"@type":"Article","@id":"https:\/\/www.docuteam.ch\/en\/impact-ecologique-de-la-transformation-numerique\/#article","isPartOf":{"@id":"https:\/\/www.docuteam.ch\/en\/impact-ecologique-de-la-transformation-numerique\/"},"author":{"name":"Andreas Steigmeier","@id":"https:\/\/www.docuteam.ch\/en\/#\/schema\/person\/69ba3cba1dc89380ca20dc29a17f2b2d"},"headline":"Impact \u00e9cologique de la transformation num\u00e9rique","datePublished":"2024-05-27T12:46:23+00:00","dateModified":"2025-02-18T14:12:17+00:00","mainEntityOfPage":{"@id":"https:\/\/www.docuteam.ch\/en\/impact-ecologique-de-la-transformation-numerique\/"},"wordCount":412,"commentCount":0,"publisher":{"@id":"https:\/\/www.docuteam.ch\/en\/#organization"},"articleSection":["Archives management","Digital archiving","Latest news","Records management"],"inLanguage":"en-US","potentialAction":[{"@type":"CommentAction","name":"Comment","target":["https:\/\/www.docuteam.ch\/en\/impact-ecologique-de-la-transformation-numerique\/#respond"]}]},{"@type":"WebPage","@id":"https:\/\/www.docuteam.ch\/en\/impact-ecologique-de-la-transformation-numerique\/","url":"https:\/\/www.docuteam.ch\/en\/impact-ecologique-de-la-transformation-numerique\/","name":"docuteam - Impact \u00e9cologique de la transformation num\u00e9rique","isPartOf":{"@id":"https:\/\/www.docuteam.ch\/en\/#website"},"datePublished":"2024-05-27T12:46:23+00:00","dateModified":"2025-02-18T14:12:17+00:00","breadcrumb":{"@id":"https:\/\/www.docuteam.ch\/en\/impact-ecologique-de-la-transformation-numerique\/#breadcrumb"},"inLanguage":"en-US","potentialAction":[{"@type":"ReadAction","target":["https:\/\/www.docuteam.ch\/en\/impact-ecologique-de-la-transformation-numerique\/"]}]},{"@type":"BreadcrumbList","@id":"https:\/\/www.docuteam.ch\/en\/impact-ecologique-de-la-transformation-numerique\/#breadcrumb","itemListElement":[{"@type":"ListItem","position":1,"name":"Accueil","item":"https:\/\/www.docuteam.ch\/en\/"},{"@type":"ListItem","position":2,"name":"Impact \u00e9cologique de la transformation num\u00e9rique"}]},{"@type":"WebSite","@id":"https:\/\/www.docuteam.ch\/en\/#website","url":"https:\/\/www.docuteam.ch\/en\/","name":"docuteam","description":"Informationen sind Ihr langfristiges Kapital","publisher":{"@id":"https:\/\/www.docuteam.ch\/en\/#organization"},"potentialAction":[{"@type":"SearchAction","target":{"@type":"EntryPoint","urlTemplate":"https:\/\/www.docuteam.ch\/en\/?s={search_term_string}"},"query-input":{"@type":"PropertyValueSpecification","valueRequired":true,"valueName":"search_term_string"}}],"inLanguage":"en-US"},{"@type":"Organization","@id":"https:\/\/www.docuteam.ch\/en\/#organization","name":"docuteam","url":"https:\/\/www.docuteam.ch\/en\/","logo":{"@type":"ImageObject","inLanguage":"en-US","@id":"https:\/\/www.docuteam.ch\/en\/#\/schema\/logo\/image\/","url":"https:\/\/www.docuteam.ch\/wp-content\/uploads\/2021\/03\/docuteam_big.png","contentUrl":"https:\/\/www.docuteam.ch\/wp-content\/uploads\/2021\/03\/docuteam_big.png","width":200,"height":45,"caption":"docuteam"},"image":{"@id":"https:\/\/www.docuteam.ch\/en\/#\/schema\/logo\/image\/"},"sameAs":["https:\/\/x.com\/DocuteamCH","https:\/\/www.linkedin.com\/company\/docuteam-ag\/mycompany\/"]},{"@type":"Person","@id":"https:\/\/www.docuteam.ch\/en\/#\/schema\/person\/69ba3cba1dc89380ca20dc29a17f2b2d","name":"Andreas Steigmeier","image":{"@type":"ImageObject","inLanguage":"en-US","@id":"https:\/\/secure.gravatar.com\/avatar\/38cc08a5c7ced22dbfe6671ff7471a8aa49d407f539ec6ee1985fc0e36afc586?s=96&d=mm&r=g","url":"https:\/\/secure.gravatar.com\/avatar\/38cc08a5c7ced22dbfe6671ff7471a8aa49d407f539ec6ee1985fc0e36afc586?s=96&d=mm&r=g","contentUrl":"https:\/\/secure.gravatar.com\/avatar\/38cc08a5c7ced22dbfe6671ff7471a8aa49d407f539ec6ee1985fc0e36afc586?s=96&d=mm&r=g","caption":"Andreas Steigmeier"},"url":"https:\/\/www.docuteam.ch\/en\/author\/andreas\/"}]}},"_links":{"self":[{"href":"https:\/\/www.docuteam.ch\/en\/wp-json\/wp\/v2\/posts\/55707","targetHints":{"allow":["GET"]}}],"collection":[{"href":"https:\/\/www.docuteam.ch\/en\/wp-json\/wp\/v2\/posts"}],"about":[{"href":"https:\/\/www.docuteam.ch\/en\/wp-json\/wp\/v2\/types\/post"}],"author":[{"embeddable":true,"href":"https:\/\/www.docuteam.ch\/en\/wp-json\/wp\/v2\/users\/3"}],"replies":[{"embeddable":true,"href":"https:\/\/www.docuteam.ch\/en\/wp-json\/wp\/v2\/comments?post=55707"}],"version-history":[{"count":1,"href":"https:\/\/www.docuteam.ch\/en\/wp-json\/wp\/v2\/posts\/55707\/revisions"}],"predecessor-version":[{"id":55708,"href":"https:\/\/www.docuteam.ch\/en\/wp-json\/wp\/v2\/posts\/55707\/revisions\/55708"}],"wp:attachment":[{"href":"https:\/\/www.docuteam.ch\/en\/wp-json\/wp\/v2\/media?parent=55707"}],"wp:term":[{"taxonomy":"category","embeddable":true,"href":"https:\/\/www.docuteam.ch\/en\/wp-json\/wp\/v2\/categories?post=55707"},{"taxonomy":"post_tag","embeddable":true,"href":"https:\/\/www.docuteam.ch\/en\/wp-json\/wp\/v2\/tags?post=55707"},{"taxonomy":"post_series","embeddable":true,"href":"https:\/\/www.docuteam.ch\/en\/wp-json\/wp\/v2\/post_series?post=55707"}],"curies":[{"name":"wp","href":"https:\/\/api.w.org\/{rel}","templated":true}]}}