{"id":55709,"date":"2024-03-25T14:13:42","date_gmt":"2024-03-25T12:13:42","guid":{"rendered":"https:\/\/www.docuteam.ch\/docuteam-community-day-2024\/"},"modified":"2025-02-18T16:12:34","modified_gmt":"2025-02-18T14:12:34","slug":"docuteam-community-day-2024","status":"publish","type":"post","link":"https:\/\/www.docuteam.ch\/en\/docuteam-community-day-2024\/","title":{"rendered":"Save the Date: Community Day docuteam"},"content":{"rendered":"<div class=\"wpb-content-wrapper\">[vc_row][vc_column][vc_column_text]\n<ul>\n<li><span class=\"break-words \"><span dir=\"ltr\">\u00c0 Lausanne le <strong>jeudi 21 novembre 2024<\/strong>.<br \/>\n<\/span><\/span><\/li>\n<li><span class=\"break-words \"><span dir=\"ltr\">\u00c0 Zurich le <strong>jeudi<\/strong><strong> 7 november 2024<\/strong>.<\/span><\/span><\/li>\n<\/ul>\n<p><span class=\"break-words \"><span dir=\"ltr\">De plus amples informations suivront avant les vacances d&#8217;\u00e9t\u00e9.<\/span><\/span>[\/vc_column_text][\/vc_column][\/vc_row]\n<\/div>","protected":false},"excerpt":{"rendered":"<p>[vc_row][vc_column][vc_column_text] \u00c0 Lausanne le jeudi 21 novembre 2024. \u00c0 Zurich le jeudi 7 november 2024. De plus amples informations suivront avant les vacances d&#8217;\u00e9t\u00e9.[\/vc_column_text][\/vc_column][\/vc_row]<\/p>\n","protected":false},"author":3,"featured_media":0,"comment_status":"open","ping_status":"open","sticky":false,"template":"","format":"standard","meta":{"footnotes":""},"categories":[64],"tags":[],"post_series":[],"class_list":["post-55709","post","type-post","status-publish","format-standard","hentry","category-trainings","entry","no-media"],"yoast_head":"<!-- This site is optimized with the Yoast SEO plugin v27.5 - https:\/\/yoast.com\/product\/yoast-seo-wordpress\/ -->\n<title>docuteam - Save the Date: Community Day docuteam<\/title>\n<meta name=\"robots\" content=\"index, follow, max-snippet:-1, max-image-preview:large, max-video-preview:-1\" \/>\n<link rel=\"canonical\" href=\"https:\/\/www.docuteam.ch\/en\/docuteam-community-day-2024\/\" \/>\n<meta property=\"og:locale\" content=\"en_US\" \/>\n<meta property=\"og:type\" content=\"article\" \/>\n<meta property=\"og:title\" content=\"docuteam - Save the Date: Community Day docuteam\" \/>\n<meta property=\"og:description\" content=\"[vc_row][vc_column][vc_column_text] \u00c0 Lausanne le jeudi 21 novembre 2024. \u00c0 Zurich le jeudi 7 november 2024. De plus amples informations suivront avant les vacances d&#8217;\u00e9t\u00e9.[\/vc_column_text][\/vc_column][\/vc_row]\" \/>\n<meta property=\"og:url\" content=\"https:\/\/www.docuteam.ch\/en\/docuteam-community-day-2024\/\" \/>\n<meta property=\"og:site_name\" content=\"docuteam\" \/>\n<meta property=\"article:published_time\" content=\"2024-03-25T12:13:42+00:00\" \/>\n<meta property=\"article:modified_time\" content=\"2025-02-18T14:12:34+00:00\" \/>\n<meta property=\"og:image\" content=\"https:\/\/www.docuteam.ch\/wp-content\/uploads\/2021\/04\/docuteam_ueberuns_UltraHD-scaled.jpg\" \/>\n\t<meta property=\"og:image:width\" content=\"2560\" \/>\n\t<meta property=\"og:image:height\" content=\"1440\" \/>\n\t<meta property=\"og:image:type\" content=\"image\/jpeg\" \/>\n<meta name=\"author\" content=\"Andreas Steigmeier\" \/>\n<meta name=\"twitter:card\" content=\"summary_large_image\" \/>\n<meta name=\"twitter:creator\" content=\"@DocuteamCH\" \/>\n<meta name=\"twitter:site\" content=\"@DocuteamCH\" \/>\n<script type=\"application\/ld+json\" class=\"yoast-schema-graph\">{\"@context\":\"https:\\\/\\\/schema.org\",\"@graph\":[{\"@type\":\"Article\",\"@id\":\"https:\\\/\\\/www.docuteam.ch\\\/en\\\/docuteam-community-day-2024\\\/#article\",\"isPartOf\":{\"@id\":\"https:\\\/\\\/www.docuteam.ch\\\/en\\\/docuteam-community-day-2024\\\/\"},\"author\":{\"name\":\"Andreas Steigmeier\",\"@id\":\"https:\\\/\\\/www.docuteam.ch\\\/en\\\/#\\\/schema\\\/person\\\/69ba3cba1dc89380ca20dc29a17f2b2d\"},\"headline\":\"Save the Date: Community Day docuteam\",\"datePublished\":\"2024-03-25T12:13:42+00:00\",\"dateModified\":\"2025-02-18T14:12:34+00:00\",\"mainEntityOfPage\":{\"@id\":\"https:\\\/\\\/www.docuteam.ch\\\/en\\\/docuteam-community-day-2024\\\/\"},\"wordCount\":38,\"commentCount\":0,\"publisher\":{\"@id\":\"https:\\\/\\\/www.docuteam.ch\\\/en\\\/#organization\"},\"articleSection\":[\"Trainings\"],\"inLanguage\":\"en-US\",\"potentialAction\":[{\"@type\":\"CommentAction\",\"name\":\"Comment\",\"target\":[\"https:\\\/\\\/www.docuteam.ch\\\/en\\\/docuteam-community-day-2024\\\/#respond\"]}]},{\"@type\":\"WebPage\",\"@id\":\"https:\\\/\\\/www.docuteam.ch\\\/en\\\/docuteam-community-day-2024\\\/\",\"url\":\"https:\\\/\\\/www.docuteam.ch\\\/en\\\/docuteam-community-day-2024\\\/\",\"name\":\"docuteam - Save the Date: Community Day docuteam\",\"isPartOf\":{\"@id\":\"https:\\\/\\\/www.docuteam.ch\\\/en\\\/#website\"},\"datePublished\":\"2024-03-25T12:13:42+00:00\",\"dateModified\":\"2025-02-18T14:12:34+00:00\",\"breadcrumb\":{\"@id\":\"https:\\\/\\\/www.docuteam.ch\\\/en\\\/docuteam-community-day-2024\\\/#breadcrumb\"},\"inLanguage\":\"en-US\",\"potentialAction\":[{\"@type\":\"ReadAction\",\"target\":[\"https:\\\/\\\/www.docuteam.ch\\\/en\\\/docuteam-community-day-2024\\\/\"]}]},{\"@type\":\"BreadcrumbList\",\"@id\":\"https:\\\/\\\/www.docuteam.ch\\\/en\\\/docuteam-community-day-2024\\\/#breadcrumb\",\"itemListElement\":[{\"@type\":\"ListItem\",\"position\":1,\"name\":\"Accueil\",\"item\":\"https:\\\/\\\/www.docuteam.ch\\\/en\\\/\"},{\"@type\":\"ListItem\",\"position\":2,\"name\":\"Save the Date: Community Day docuteam\"}]},{\"@type\":\"WebSite\",\"@id\":\"https:\\\/\\\/www.docuteam.ch\\\/en\\\/#website\",\"url\":\"https:\\\/\\\/www.docuteam.ch\\\/en\\\/\",\"name\":\"docuteam\",\"description\":\"Informationen sind Ihr langfristiges Kapital\",\"publisher\":{\"@id\":\"https:\\\/\\\/www.docuteam.ch\\\/en\\\/#organization\"},\"potentialAction\":[{\"@type\":\"SearchAction\",\"target\":{\"@type\":\"EntryPoint\",\"urlTemplate\":\"https:\\\/\\\/www.docuteam.ch\\\/en\\\/?s={search_term_string}\"},\"query-input\":{\"@type\":\"PropertyValueSpecification\",\"valueRequired\":true,\"valueName\":\"search_term_string\"}}],\"inLanguage\":\"en-US\"},{\"@type\":\"Organization\",\"@id\":\"https:\\\/\\\/www.docuteam.ch\\\/en\\\/#organization\",\"name\":\"docuteam\",\"url\":\"https:\\\/\\\/www.docuteam.ch\\\/en\\\/\",\"logo\":{\"@type\":\"ImageObject\",\"inLanguage\":\"en-US\",\"@id\":\"https:\\\/\\\/www.docuteam.ch\\\/en\\\/#\\\/schema\\\/logo\\\/image\\\/\",\"url\":\"https:\\\/\\\/www.docuteam.ch\\\/wp-content\\\/uploads\\\/2021\\\/03\\\/docuteam_big.png\",\"contentUrl\":\"https:\\\/\\\/www.docuteam.ch\\\/wp-content\\\/uploads\\\/2021\\\/03\\\/docuteam_big.png\",\"width\":200,\"height\":45,\"caption\":\"docuteam\"},\"image\":{\"@id\":\"https:\\\/\\\/www.docuteam.ch\\\/en\\\/#\\\/schema\\\/logo\\\/image\\\/\"},\"sameAs\":[\"https:\\\/\\\/x.com\\\/DocuteamCH\",\"https:\\\/\\\/www.linkedin.com\\\/company\\\/docuteam-ag\\\/mycompany\\\/\"]},{\"@type\":\"Person\",\"@id\":\"https:\\\/\\\/www.docuteam.ch\\\/en\\\/#\\\/schema\\\/person\\\/69ba3cba1dc89380ca20dc29a17f2b2d\",\"name\":\"Andreas Steigmeier\",\"image\":{\"@type\":\"ImageObject\",\"inLanguage\":\"en-US\",\"@id\":\"https:\\\/\\\/secure.gravatar.com\\\/avatar\\\/38cc08a5c7ced22dbfe6671ff7471a8aa49d407f539ec6ee1985fc0e36afc586?s=96&d=mm&r=g\",\"url\":\"https:\\\/\\\/secure.gravatar.com\\\/avatar\\\/38cc08a5c7ced22dbfe6671ff7471a8aa49d407f539ec6ee1985fc0e36afc586?s=96&d=mm&r=g\",\"contentUrl\":\"https:\\\/\\\/secure.gravatar.com\\\/avatar\\\/38cc08a5c7ced22dbfe6671ff7471a8aa49d407f539ec6ee1985fc0e36afc586?s=96&d=mm&r=g\",\"caption\":\"Andreas Steigmeier\"},\"url\":\"https:\\\/\\\/www.docuteam.ch\\\/en\\\/author\\\/andreas\\\/\"}]}<\/script>\n<!-- \/ Yoast SEO plugin. -->","yoast_head_json":{"title":"docuteam - Save the Date: Community Day docuteam","robots":{"index":"index","follow":"follow","max-snippet":"max-snippet:-1","max-image-preview":"max-image-preview:large","max-video-preview":"max-video-preview:-1"},"canonical":"https:\/\/www.docuteam.ch\/en\/docuteam-community-day-2024\/","og_locale":"en_US","og_type":"article","og_title":"docuteam - Save the Date: Community Day docuteam","og_description":"[vc_row][vc_column][vc_column_text] \u00c0 Lausanne le jeudi 21 novembre 2024. \u00c0 Zurich le jeudi 7 november 2024. De plus amples informations suivront avant les vacances d&#8217;\u00e9t\u00e9.[\/vc_column_text][\/vc_column][\/vc_row]","og_url":"https:\/\/www.docuteam.ch\/en\/docuteam-community-day-2024\/","og_site_name":"docuteam","article_published_time":"2024-03-25T12:13:42+00:00","article_modified_time":"2025-02-18T14:12:34+00:00","og_image":[{"width":2560,"height":1440,"url":"https:\/\/www.docuteam.ch\/wp-content\/uploads\/2021\/04\/docuteam_ueberuns_UltraHD-scaled.jpg","type":"image\/jpeg"}],"author":"Andreas Steigmeier","twitter_card":"summary_large_image","twitter_creator":"@DocuteamCH","twitter_site":"@DocuteamCH","schema":{"@context":"https:\/\/schema.org","@graph":[{"@type":"Article","@id":"https:\/\/www.docuteam.ch\/en\/docuteam-community-day-2024\/#article","isPartOf":{"@id":"https:\/\/www.docuteam.ch\/en\/docuteam-community-day-2024\/"},"author":{"name":"Andreas Steigmeier","@id":"https:\/\/www.docuteam.ch\/en\/#\/schema\/person\/69ba3cba1dc89380ca20dc29a17f2b2d"},"headline":"Save the Date: Community Day docuteam","datePublished":"2024-03-25T12:13:42+00:00","dateModified":"2025-02-18T14:12:34+00:00","mainEntityOfPage":{"@id":"https:\/\/www.docuteam.ch\/en\/docuteam-community-day-2024\/"},"wordCount":38,"commentCount":0,"publisher":{"@id":"https:\/\/www.docuteam.ch\/en\/#organization"},"articleSection":["Trainings"],"inLanguage":"en-US","potentialAction":[{"@type":"CommentAction","name":"Comment","target":["https:\/\/www.docuteam.ch\/en\/docuteam-community-day-2024\/#respond"]}]},{"@type":"WebPage","@id":"https:\/\/www.docuteam.ch\/en\/docuteam-community-day-2024\/","url":"https:\/\/www.docuteam.ch\/en\/docuteam-community-day-2024\/","name":"docuteam - Save the Date: Community Day docuteam","isPartOf":{"@id":"https:\/\/www.docuteam.ch\/en\/#website"},"datePublished":"2024-03-25T12:13:42+00:00","dateModified":"2025-02-18T14:12:34+00:00","breadcrumb":{"@id":"https:\/\/www.docuteam.ch\/en\/docuteam-community-day-2024\/#breadcrumb"},"inLanguage":"en-US","potentialAction":[{"@type":"ReadAction","target":["https:\/\/www.docuteam.ch\/en\/docuteam-community-day-2024\/"]}]},{"@type":"BreadcrumbList","@id":"https:\/\/www.docuteam.ch\/en\/docuteam-community-day-2024\/#breadcrumb","itemListElement":[{"@type":"ListItem","position":1,"name":"Accueil","item":"https:\/\/www.docuteam.ch\/en\/"},{"@type":"ListItem","position":2,"name":"Save the Date: Community Day docuteam"}]},{"@type":"WebSite","@id":"https:\/\/www.docuteam.ch\/en\/#website","url":"https:\/\/www.docuteam.ch\/en\/","name":"docuteam","description":"Informationen sind Ihr langfristiges Kapital","publisher":{"@id":"https:\/\/www.docuteam.ch\/en\/#organization"},"potentialAction":[{"@type":"SearchAction","target":{"@type":"EntryPoint","urlTemplate":"https:\/\/www.docuteam.ch\/en\/?s={search_term_string}"},"query-input":{"@type":"PropertyValueSpecification","valueRequired":true,"valueName":"search_term_string"}}],"inLanguage":"en-US"},{"@type":"Organization","@id":"https:\/\/www.docuteam.ch\/en\/#organization","name":"docuteam","url":"https:\/\/www.docuteam.ch\/en\/","logo":{"@type":"ImageObject","inLanguage":"en-US","@id":"https:\/\/www.docuteam.ch\/en\/#\/schema\/logo\/image\/","url":"https:\/\/www.docuteam.ch\/wp-content\/uploads\/2021\/03\/docuteam_big.png","contentUrl":"https:\/\/www.docuteam.ch\/wp-content\/uploads\/2021\/03\/docuteam_big.png","width":200,"height":45,"caption":"docuteam"},"image":{"@id":"https:\/\/www.docuteam.ch\/en\/#\/schema\/logo\/image\/"},"sameAs":["https:\/\/x.com\/DocuteamCH","https:\/\/www.linkedin.com\/company\/docuteam-ag\/mycompany\/"]},{"@type":"Person","@id":"https:\/\/www.docuteam.ch\/en\/#\/schema\/person\/69ba3cba1dc89380ca20dc29a17f2b2d","name":"Andreas Steigmeier","image":{"@type":"ImageObject","inLanguage":"en-US","@id":"https:\/\/secure.gravatar.com\/avatar\/38cc08a5c7ced22dbfe6671ff7471a8aa49d407f539ec6ee1985fc0e36afc586?s=96&d=mm&r=g","url":"https:\/\/secure.gravatar.com\/avatar\/38cc08a5c7ced22dbfe6671ff7471a8aa49d407f539ec6ee1985fc0e36afc586?s=96&d=mm&r=g","contentUrl":"https:\/\/secure.gravatar.com\/avatar\/38cc08a5c7ced22dbfe6671ff7471a8aa49d407f539ec6ee1985fc0e36afc586?s=96&d=mm&r=g","caption":"Andreas Steigmeier"},"url":"https:\/\/www.docuteam.ch\/en\/author\/andreas\/"}]}},"_links":{"self":[{"href":"https:\/\/www.docuteam.ch\/en\/wp-json\/wp\/v2\/posts\/55709","targetHints":{"allow":["GET"]}}],"collection":[{"href":"https:\/\/www.docuteam.ch\/en\/wp-json\/wp\/v2\/posts"}],"about":[{"href":"https:\/\/www.docuteam.ch\/en\/wp-json\/wp\/v2\/types\/post"}],"author":[{"embeddable":true,"href":"https:\/\/www.docuteam.ch\/en\/wp-json\/wp\/v2\/users\/3"}],"replies":[{"embeddable":true,"href":"https:\/\/www.docuteam.ch\/en\/wp-json\/wp\/v2\/comments?post=55709"}],"version-history":[{"count":1,"href":"https:\/\/www.docuteam.ch\/en\/wp-json\/wp\/v2\/posts\/55709\/revisions"}],"predecessor-version":[{"id":55710,"href":"https:\/\/www.docuteam.ch\/en\/wp-json\/wp\/v2\/posts\/55709\/revisions\/55710"}],"wp:attachment":[{"href":"https:\/\/www.docuteam.ch\/en\/wp-json\/wp\/v2\/media?parent=55709"}],"wp:term":[{"taxonomy":"category","embeddable":true,"href":"https:\/\/www.docuteam.ch\/en\/wp-json\/wp\/v2\/categories?post=55709"},{"taxonomy":"post_tag","embeddable":true,"href":"https:\/\/www.docuteam.ch\/en\/wp-json\/wp\/v2\/tags?post=55709"},{"taxonomy":"post_series","embeddable":true,"href":"https:\/\/www.docuteam.ch\/en\/wp-json\/wp\/v2\/post_series?post=55709"}],"curies":[{"name":"wp","href":"https:\/\/api.w.org\/{rel}","templated":true}]}}