{"id":55711,"date":"2023-11-21T17:23:02","date_gmt":"2023-11-21T15:23:02","guid":{"rendered":"https:\/\/www.docuteam.ch\/docuteam-community-day-2023-nos-outils-context-et-sirius-font-un-carton\/"},"modified":"2025-02-18T16:12:54","modified_gmt":"2025-02-18T14:12:54","slug":"docuteam-community-day-2023-nos-outils-context-et-sirius-font-un-carton","status":"publish","type":"post","link":"https:\/\/www.docuteam.ch\/en\/docuteam-community-day-2023-nos-outils-context-et-sirius-font-un-carton\/","title":{"rendered":"docuteam community day 2023\u00a0:  Nos outils context et sirius font un carton\u00a0!"},"content":{"rendered":"<figure id=\"attachment_53316\" aria-describedby=\"caption-attachment-53316\" style=\"width: 339px\" class=\"wp-caption alignright\"><img loading=\"lazy\" decoding=\"async\" class=\" wp-image-53316\" src=\"https:\/\/www.docuteam.ch\/wp-content\/uploads\/2023\/11\/IMG_20231109_142059-300x225.jpg\" alt=\"salle pleine et pr\u00e9sentation\" width=\"339\" height=\"254\" srcset=\"https:\/\/www.docuteam.ch\/wp-content\/uploads\/2023\/11\/IMG_20231109_142059-300x225.jpg 300w, https:\/\/www.docuteam.ch\/wp-content\/uploads\/2023\/11\/IMG_20231109_142059-1024x768.jpg 1024w, https:\/\/www.docuteam.ch\/wp-content\/uploads\/2023\/11\/IMG_20231109_142059-768x576.jpg 768w, https:\/\/www.docuteam.ch\/wp-content\/uploads\/2023\/11\/IMG_20231109_142059-1536x1152.jpg 1536w, https:\/\/www.docuteam.ch\/wp-content\/uploads\/2023\/11\/IMG_20231109_142059-2048x1536.jpg 2048w\" sizes=\"auto, (max-width: 339px) 100vw, 339px\" \/><figcaption id=\"caption-attachment-53316\" class=\"wp-caption-text\">community day 2023 \u00e0 Lausanne : coup de projecteur sur les co-archivistes nationaux de la R\u00e9publique de la M\u00e9moire Oubli\u00e9e et sur le nouveau syst\u00e8me d&#8217;information archivistique docuteam context.<\/figcaption><\/figure>\n<p>Pour la premi\u00e8re fois en exclusivit\u00e9 mondiale et galactique, docuteam a pr\u00e9sent\u00e9 \u00ab en live \u00bb et en fran\u00e7ais ses solutions docuteam context et docuteam sirius. Cette d\u00e9monstration, effectu\u00e9e jeudi 9 novembre devant plus de 60 personnes, a alors suscit\u00e9 un vif int\u00e9r\u00eat. La prise de risque et l\u2019investissement de notre soci\u00e9t\u00e9 ont \u00e9t\u00e9 largement salu\u00e9s.<\/p>\n<p>Cette demi-journ\u00e9e \u00e0 Lausanne nous a permis de voir l\u2019attente r\u00e9elle de nos clients pour nos nouveaux produits. Ils ont courageusement brav\u00e9 les probl\u00e8mes sur le r\u00e9seau ferroviaire pour voir en pr\u00e9sentiel l\u2019avenir de leur profession. Pour eux, la nouvelle norme Records in Contexts (RiC) est enfin devenu une r\u00e9alit\u00e9 concr\u00e8te et, finalement, peu effrayante.<\/p>\n<p>Les supports des pr\u00e9sentations sont consultables en PDF : <a href=\"https:\/\/www.docuteam.ch\/wp-content\/uploads\/2023\/11\/Pres_CommunityDayRomandie_20231109_Ke.pdf\" target=\"_blank\" rel=\"noopener\">Welcome in Contexts!<\/a> + <a href=\"https:\/\/www.docuteam.ch\/wp-content\/uploads\/2023\/11\/docuteam_community_day_2023_Kr_VF5.pdf\" target=\"_blank\" rel=\"noopener\">Records in Contexts &amp; docuteam<\/a>.<\/p>\n<p>Le programme :<\/p>\n<ul>\n<li><strong>Les outils de docuteam : un investissement pour l\u2019avenir<\/strong> (par <a href=\"https:\/\/www.docuteam.ch\/en\/staff-member\/andreas-steigmeier\/\" target=\"_blank\" rel=\"noopener\">Andreas Steigmeier<\/a>)<\/li>\n<li><strong>docuteam context : une r\u00e9volution dans la continuit\u00e9<\/strong>\u00a0 (par <a href=\"https:\/\/www.docuteam.ch\/en\/staff-member\/william-yoakim\/\" target=\"_blank\" rel=\"noopener\">William Yoakim<\/a>)<\/li>\n<li><strong>docuteam context : un outil adaptable \u00e0 vos besoins<\/strong> (par <a href=\"https:\/\/www.docuteam.ch\/en\/staff-member\/raphael-barman\/\" target=\"_blank\" rel=\"noopener\">Rapha\u00ebl Barman<\/a>)<\/li>\n<li><strong>docuteam sirius : une vitrine pour vos archives<\/strong> (par <a href=\"https:\/\/www.docuteam.ch\/en\/staff-member\/gilliane-kern\/\" target=\"_blank\" rel=\"noopener\">Gilliane Kern<\/a>)<\/li>\n<li><strong>Records in Contexts &amp; docuteam<\/strong> (par Jan Krause-Bilvin, <a href=\"https:\/\/www.ica.org\/fr\/groupes-dexperts\/groupe-d-experts-sur-la-description-archivistique-egad\" target=\"_blank\" rel=\"noopener\">EGAD-ICA<\/a>)<\/li>\n<\/ul>\n<p>Les pr\u00e9sentations ont \u00e9t\u00e9 enregistr\u00e9es et sont disponibles en ligne : <a href=\"https:\/\/www.youtube.com\/playlist?list=PLKmwdylSfjRasgPQxrDlC6J8JF99WOKKQ\" target=\"_blank\" rel=\"noopener\">docuteam community day du 9 novembre 2023 \u00e0 Lausanne (YouTube)<\/a>.<\/p>\n<p><iframe loading=\"lazy\" title=\"YouTube video player\" src=\"https:\/\/www.youtube.com\/embed\/Z1WnMSEA_vQ?si=6eteyTuo13Z8Cz82\" width=\"560\" height=\"315\" frameborder=\"0\" allowfullscreen=\"allowfullscreen\"><\/iframe><iframe loading=\"lazy\" title=\"YouTube video player\" src=\"https:\/\/www.youtube.com\/embed\/Xs4K0DcddOA?si=4Jlo21raWzxie7Pc\" width=\"560\" height=\"315\" frameborder=\"0\" allowfullscreen=\"allowfullscreen\"><\/iframe><iframe loading=\"lazy\" title=\"YouTube video player\" src=\"https:\/\/www.youtube.com\/embed\/ZmxP--HrTcg?si=w-T2d8dYWtzq1w4d\" width=\"560\" height=\"315\" frameborder=\"0\" allowfullscreen=\"allowfullscreen\"><\/iframe><iframe loading=\"lazy\" title=\"YouTube video player\" src=\"https:\/\/www.youtube.com\/embed\/KRweiTT7Fw8?si=PSyUNPMl2FjjsRHX\" width=\"560\" height=\"315\" frameborder=\"0\" allowfullscreen=\"allowfullscreen\"><\/iframe><iframe loading=\"lazy\" title=\"YouTube video player\" src=\"https:\/\/www.youtube.com\/embed\/TxAWKPrMTE8?si=_mDyYV6MJjIh7Azr\" width=\"560\" height=\"315\" frameborder=\"0\" allowfullscreen=\"allowfullscreen\"><\/iframe><iframe loading=\"lazy\" title=\"YouTube video player\" src=\"https:\/\/www.youtube.com\/embed\/yNO6CtpewdQ?si=WyQdQ7a_Q957xkld\" width=\"560\" height=\"315\" frameborder=\"0\" allowfullscreen=\"allowfullscreen\"><\/iframe><\/p>\n<p>Si vous souhaitez recevoir des nouveaut\u00e9s sur nos produits, nos invitations et annonces de manifestations, etc., nous vous invitons \u00e0 vous inscrire \u00e0 notre <strong>liste de diffusion plurilingue : <a href=\"https:\/\/mailing.docuteam.ch\/subscription\/form\" target=\"_blank\" rel=\"noopener\">https:\/\/mailing.docuteam.ch\/subscription\/form<\/a><\/strong>.<br \/>\n(<em>NB. Une fois l&#8217;inscription effectu\u00e9e, vous recevrez un courriel de confirmation avec un lien qui vous m\u00e8nera \u00e0 une page web o\u00f9 vous pourrez confirmer et finaliser votre inscription. Vous avez bien entendu la possibilit\u00e9 de vous d\u00e9sinscrire \u00e0 tout moment de la liste de diffusion.<\/em>)<\/p>\n<p>Bravo et merci \u00e0 tout le monde pour la participation et l&#8217;organisation d&#8217;un tel moment d&#8217;\u00e9changes, mais \u00e9galement aux concepteurices de nos solutions.<\/p>\n","protected":false},"excerpt":{"rendered":"<p>Pour la premi\u00e8re fois en exclusivit\u00e9 mondiale et galactique, docuteam a pr\u00e9sent\u00e9 \u00ab en live \u00bb et en fran\u00e7ais ses solutions docuteam context et docuteam sirius. Cette d\u00e9monstration, effectu\u00e9e jeudi 9 novembre devant plus de 60 personnes, a alors suscit\u00e9 un vif int\u00e9r\u00eat. La prise de risque et l\u2019investissement de notre soci\u00e9t\u00e9 ont \u00e9t\u00e9 largement&hellip;<\/p>\n","protected":false},"author":3,"featured_media":0,"comment_status":"open","ping_status":"open","sticky":false,"template":"","format":"standard","meta":{"footnotes":""},"categories":[104,103,102,105,64],"tags":[],"post_series":[],"class_list":["post-55711","post","type-post","status-publish","format-standard","hentry","category-archives-management","category-digital-archiving","category-latest-news","category-records-management","category-trainings","entry","no-media"],"yoast_head":"<!-- This site is optimized with the Yoast SEO plugin v27.5 - https:\/\/yoast.com\/product\/yoast-seo-wordpress\/ -->\n<title>docuteam - docuteam community day 2023\u00a0: Nos outils context et sirius font un carton\u00a0!<\/title>\n<meta name=\"robots\" content=\"index, follow, max-snippet:-1, max-image-preview:large, max-video-preview:-1\" \/>\n<link rel=\"canonical\" href=\"https:\/\/www.docuteam.ch\/en\/docuteam-community-day-2023-nos-outils-context-et-sirius-font-un-carton\/\" \/>\n<meta property=\"og:locale\" content=\"en_US\" \/>\n<meta property=\"og:type\" content=\"article\" \/>\n<meta property=\"og:title\" content=\"docuteam - docuteam community day 2023\u00a0: Nos outils context et sirius font un carton\u00a0!\" \/>\n<meta property=\"og:description\" content=\"Pour la premi\u00e8re fois en exclusivit\u00e9 mondiale et galactique, docuteam a pr\u00e9sent\u00e9 \u00ab en live \u00bb et en fran\u00e7ais ses solutions docuteam context et docuteam sirius. Cette d\u00e9monstration, effectu\u00e9e jeudi 9 novembre devant plus de 60 personnes, a alors suscit\u00e9 un vif int\u00e9r\u00eat. La prise de risque et l\u2019investissement de notre soci\u00e9t\u00e9 ont \u00e9t\u00e9 largement&hellip;\" \/>\n<meta property=\"og:url\" content=\"https:\/\/www.docuteam.ch\/en\/docuteam-community-day-2023-nos-outils-context-et-sirius-font-un-carton\/\" \/>\n<meta property=\"og:site_name\" content=\"docuteam\" \/>\n<meta property=\"article:published_time\" content=\"2023-11-21T15:23:02+00:00\" \/>\n<meta property=\"article:modified_time\" content=\"2025-02-18T14:12:54+00:00\" \/>\n<meta property=\"og:image\" content=\"https:\/\/www.docuteam.ch\/wp-content\/uploads\/2023\/11\/IMG_20231109_142059-scaled.jpg\" \/>\n\t<meta property=\"og:image:width\" content=\"2560\" \/>\n\t<meta property=\"og:image:height\" content=\"1920\" \/>\n\t<meta property=\"og:image:type\" content=\"image\/jpeg\" \/>\n<meta name=\"author\" content=\"Andreas Steigmeier\" \/>\n<meta name=\"twitter:card\" content=\"summary_large_image\" \/>\n<meta name=\"twitter:creator\" content=\"@DocuteamCH\" \/>\n<meta name=\"twitter:site\" content=\"@DocuteamCH\" \/>\n<script type=\"application\/ld+json\" class=\"yoast-schema-graph\">{\"@context\":\"https:\\\/\\\/schema.org\",\"@graph\":[{\"@type\":\"Article\",\"@id\":\"https:\\\/\\\/www.docuteam.ch\\\/en\\\/docuteam-community-day-2023-nos-outils-context-et-sirius-font-un-carton\\\/#article\",\"isPartOf\":{\"@id\":\"https:\\\/\\\/www.docuteam.ch\\\/en\\\/docuteam-community-day-2023-nos-outils-context-et-sirius-font-un-carton\\\/\"},\"author\":{\"name\":\"Andreas Steigmeier\",\"@id\":\"https:\\\/\\\/www.docuteam.ch\\\/en\\\/#\\\/schema\\\/person\\\/69ba3cba1dc89380ca20dc29a17f2b2d\"},\"headline\":\"docuteam community day 2023\u00a0: Nos outils context et sirius font un carton\u00a0!\",\"datePublished\":\"2023-11-21T15:23:02+00:00\",\"dateModified\":\"2025-02-18T14:12:54+00:00\",\"mainEntityOfPage\":{\"@id\":\"https:\\\/\\\/www.docuteam.ch\\\/en\\\/docuteam-community-day-2023-nos-outils-context-et-sirius-font-un-carton\\\/\"},\"wordCount\":367,\"commentCount\":0,\"publisher\":{\"@id\":\"https:\\\/\\\/www.docuteam.ch\\\/en\\\/#organization\"},\"image\":{\"@id\":\"https:\\\/\\\/www.docuteam.ch\\\/en\\\/docuteam-community-day-2023-nos-outils-context-et-sirius-font-un-carton\\\/#primaryimage\"},\"thumbnailUrl\":\"https:\\\/\\\/www.docuteam.ch\\\/wp-content\\\/uploads\\\/2023\\\/11\\\/IMG_20231109_142059-300x225.jpg\",\"articleSection\":[\"Archives management\",\"Digital archiving\",\"Latest news\",\"Records management\",\"Trainings\"],\"inLanguage\":\"en-US\",\"potentialAction\":[{\"@type\":\"CommentAction\",\"name\":\"Comment\",\"target\":[\"https:\\\/\\\/www.docuteam.ch\\\/en\\\/docuteam-community-day-2023-nos-outils-context-et-sirius-font-un-carton\\\/#respond\"]}]},{\"@type\":\"WebPage\",\"@id\":\"https:\\\/\\\/www.docuteam.ch\\\/en\\\/docuteam-community-day-2023-nos-outils-context-et-sirius-font-un-carton\\\/\",\"url\":\"https:\\\/\\\/www.docuteam.ch\\\/en\\\/docuteam-community-day-2023-nos-outils-context-et-sirius-font-un-carton\\\/\",\"name\":\"docuteam - docuteam community day 2023\u00a0: Nos outils context et sirius font un carton\u00a0!\",\"isPartOf\":{\"@id\":\"https:\\\/\\\/www.docuteam.ch\\\/en\\\/#website\"},\"primaryImageOfPage\":{\"@id\":\"https:\\\/\\\/www.docuteam.ch\\\/en\\\/docuteam-community-day-2023-nos-outils-context-et-sirius-font-un-carton\\\/#primaryimage\"},\"image\":{\"@id\":\"https:\\\/\\\/www.docuteam.ch\\\/en\\\/docuteam-community-day-2023-nos-outils-context-et-sirius-font-un-carton\\\/#primaryimage\"},\"thumbnailUrl\":\"https:\\\/\\\/www.docuteam.ch\\\/wp-content\\\/uploads\\\/2023\\\/11\\\/IMG_20231109_142059-300x225.jpg\",\"datePublished\":\"2023-11-21T15:23:02+00:00\",\"dateModified\":\"2025-02-18T14:12:54+00:00\",\"breadcrumb\":{\"@id\":\"https:\\\/\\\/www.docuteam.ch\\\/en\\\/docuteam-community-day-2023-nos-outils-context-et-sirius-font-un-carton\\\/#breadcrumb\"},\"inLanguage\":\"en-US\",\"potentialAction\":[{\"@type\":\"ReadAction\",\"target\":[\"https:\\\/\\\/www.docuteam.ch\\\/en\\\/docuteam-community-day-2023-nos-outils-context-et-sirius-font-un-carton\\\/\"]}]},{\"@type\":\"ImageObject\",\"inLanguage\":\"en-US\",\"@id\":\"https:\\\/\\\/www.docuteam.ch\\\/en\\\/docuteam-community-day-2023-nos-outils-context-et-sirius-font-un-carton\\\/#primaryimage\",\"url\":\"https:\\\/\\\/www.docuteam.ch\\\/wp-content\\\/uploads\\\/2023\\\/11\\\/IMG_20231109_142059-300x225.jpg\",\"contentUrl\":\"https:\\\/\\\/www.docuteam.ch\\\/wp-content\\\/uploads\\\/2023\\\/11\\\/IMG_20231109_142059-300x225.jpg\"},{\"@type\":\"BreadcrumbList\",\"@id\":\"https:\\\/\\\/www.docuteam.ch\\\/en\\\/docuteam-community-day-2023-nos-outils-context-et-sirius-font-un-carton\\\/#breadcrumb\",\"itemListElement\":[{\"@type\":\"ListItem\",\"position\":1,\"name\":\"Accueil\",\"item\":\"https:\\\/\\\/www.docuteam.ch\\\/en\\\/\"},{\"@type\":\"ListItem\",\"position\":2,\"name\":\"docuteam community day 2023\u00a0: Nos outils context et sirius font un carton\u00a0!\"}]},{\"@type\":\"WebSite\",\"@id\":\"https:\\\/\\\/www.docuteam.ch\\\/en\\\/#website\",\"url\":\"https:\\\/\\\/www.docuteam.ch\\\/en\\\/\",\"name\":\"docuteam\",\"description\":\"Informationen sind Ihr langfristiges Kapital\",\"publisher\":{\"@id\":\"https:\\\/\\\/www.docuteam.ch\\\/en\\\/#organization\"},\"potentialAction\":[{\"@type\":\"SearchAction\",\"target\":{\"@type\":\"EntryPoint\",\"urlTemplate\":\"https:\\\/\\\/www.docuteam.ch\\\/en\\\/?s={search_term_string}\"},\"query-input\":{\"@type\":\"PropertyValueSpecification\",\"valueRequired\":true,\"valueName\":\"search_term_string\"}}],\"inLanguage\":\"en-US\"},{\"@type\":\"Organization\",\"@id\":\"https:\\\/\\\/www.docuteam.ch\\\/en\\\/#organization\",\"name\":\"docuteam\",\"url\":\"https:\\\/\\\/www.docuteam.ch\\\/en\\\/\",\"logo\":{\"@type\":\"ImageObject\",\"inLanguage\":\"en-US\",\"@id\":\"https:\\\/\\\/www.docuteam.ch\\\/en\\\/#\\\/schema\\\/logo\\\/image\\\/\",\"url\":\"https:\\\/\\\/www.docuteam.ch\\\/wp-content\\\/uploads\\\/2021\\\/03\\\/docuteam_big.png\",\"contentUrl\":\"https:\\\/\\\/www.docuteam.ch\\\/wp-content\\\/uploads\\\/2021\\\/03\\\/docuteam_big.png\",\"width\":200,\"height\":45,\"caption\":\"docuteam\"},\"image\":{\"@id\":\"https:\\\/\\\/www.docuteam.ch\\\/en\\\/#\\\/schema\\\/logo\\\/image\\\/\"},\"sameAs\":[\"https:\\\/\\\/x.com\\\/DocuteamCH\",\"https:\\\/\\\/www.linkedin.com\\\/company\\\/docuteam-ag\\\/mycompany\\\/\"]},{\"@type\":\"Person\",\"@id\":\"https:\\\/\\\/www.docuteam.ch\\\/en\\\/#\\\/schema\\\/person\\\/69ba3cba1dc89380ca20dc29a17f2b2d\",\"name\":\"Andreas Steigmeier\",\"image\":{\"@type\":\"ImageObject\",\"inLanguage\":\"en-US\",\"@id\":\"https:\\\/\\\/secure.gravatar.com\\\/avatar\\\/38cc08a5c7ced22dbfe6671ff7471a8aa49d407f539ec6ee1985fc0e36afc586?s=96&d=mm&r=g\",\"url\":\"https:\\\/\\\/secure.gravatar.com\\\/avatar\\\/38cc08a5c7ced22dbfe6671ff7471a8aa49d407f539ec6ee1985fc0e36afc586?s=96&d=mm&r=g\",\"contentUrl\":\"https:\\\/\\\/secure.gravatar.com\\\/avatar\\\/38cc08a5c7ced22dbfe6671ff7471a8aa49d407f539ec6ee1985fc0e36afc586?s=96&d=mm&r=g\",\"caption\":\"Andreas Steigmeier\"},\"url\":\"https:\\\/\\\/www.docuteam.ch\\\/en\\\/author\\\/andreas\\\/\"}]}<\/script>\n<!-- \/ Yoast SEO plugin. -->","yoast_head_json":{"title":"docuteam - docuteam community day 2023\u00a0: Nos outils context et sirius font un carton\u00a0!","robots":{"index":"index","follow":"follow","max-snippet":"max-snippet:-1","max-image-preview":"max-image-preview:large","max-video-preview":"max-video-preview:-1"},"canonical":"https:\/\/www.docuteam.ch\/en\/docuteam-community-day-2023-nos-outils-context-et-sirius-font-un-carton\/","og_locale":"en_US","og_type":"article","og_title":"docuteam - docuteam community day 2023\u00a0: Nos outils context et sirius font un carton\u00a0!","og_description":"Pour la premi\u00e8re fois en exclusivit\u00e9 mondiale et galactique, docuteam a pr\u00e9sent\u00e9 \u00ab en live \u00bb et en fran\u00e7ais ses solutions docuteam context et docuteam sirius. Cette d\u00e9monstration, effectu\u00e9e jeudi 9 novembre devant plus de 60 personnes, a alors suscit\u00e9 un vif int\u00e9r\u00eat. La prise de risque et l\u2019investissement de notre soci\u00e9t\u00e9 ont \u00e9t\u00e9 largement&hellip;","og_url":"https:\/\/www.docuteam.ch\/en\/docuteam-community-day-2023-nos-outils-context-et-sirius-font-un-carton\/","og_site_name":"docuteam","article_published_time":"2023-11-21T15:23:02+00:00","article_modified_time":"2025-02-18T14:12:54+00:00","og_image":[{"width":2560,"height":1920,"url":"https:\/\/www.docuteam.ch\/wp-content\/uploads\/2023\/11\/IMG_20231109_142059-scaled.jpg","type":"image\/jpeg"}],"author":"Andreas Steigmeier","twitter_card":"summary_large_image","twitter_creator":"@DocuteamCH","twitter_site":"@DocuteamCH","schema":{"@context":"https:\/\/schema.org","@graph":[{"@type":"Article","@id":"https:\/\/www.docuteam.ch\/en\/docuteam-community-day-2023-nos-outils-context-et-sirius-font-un-carton\/#article","isPartOf":{"@id":"https:\/\/www.docuteam.ch\/en\/docuteam-community-day-2023-nos-outils-context-et-sirius-font-un-carton\/"},"author":{"name":"Andreas Steigmeier","@id":"https:\/\/www.docuteam.ch\/en\/#\/schema\/person\/69ba3cba1dc89380ca20dc29a17f2b2d"},"headline":"docuteam community day 2023\u00a0: Nos outils context et sirius font un carton\u00a0!","datePublished":"2023-11-21T15:23:02+00:00","dateModified":"2025-02-18T14:12:54+00:00","mainEntityOfPage":{"@id":"https:\/\/www.docuteam.ch\/en\/docuteam-community-day-2023-nos-outils-context-et-sirius-font-un-carton\/"},"wordCount":367,"commentCount":0,"publisher":{"@id":"https:\/\/www.docuteam.ch\/en\/#organization"},"image":{"@id":"https:\/\/www.docuteam.ch\/en\/docuteam-community-day-2023-nos-outils-context-et-sirius-font-un-carton\/#primaryimage"},"thumbnailUrl":"https:\/\/www.docuteam.ch\/wp-content\/uploads\/2023\/11\/IMG_20231109_142059-300x225.jpg","articleSection":["Archives management","Digital archiving","Latest news","Records management","Trainings"],"inLanguage":"en-US","potentialAction":[{"@type":"CommentAction","name":"Comment","target":["https:\/\/www.docuteam.ch\/en\/docuteam-community-day-2023-nos-outils-context-et-sirius-font-un-carton\/#respond"]}]},{"@type":"WebPage","@id":"https:\/\/www.docuteam.ch\/en\/docuteam-community-day-2023-nos-outils-context-et-sirius-font-un-carton\/","url":"https:\/\/www.docuteam.ch\/en\/docuteam-community-day-2023-nos-outils-context-et-sirius-font-un-carton\/","name":"docuteam - docuteam community day 2023\u00a0: Nos outils context et sirius font un carton\u00a0!","isPartOf":{"@id":"https:\/\/www.docuteam.ch\/en\/#website"},"primaryImageOfPage":{"@id":"https:\/\/www.docuteam.ch\/en\/docuteam-community-day-2023-nos-outils-context-et-sirius-font-un-carton\/#primaryimage"},"image":{"@id":"https:\/\/www.docuteam.ch\/en\/docuteam-community-day-2023-nos-outils-context-et-sirius-font-un-carton\/#primaryimage"},"thumbnailUrl":"https:\/\/www.docuteam.ch\/wp-content\/uploads\/2023\/11\/IMG_20231109_142059-300x225.jpg","datePublished":"2023-11-21T15:23:02+00:00","dateModified":"2025-02-18T14:12:54+00:00","breadcrumb":{"@id":"https:\/\/www.docuteam.ch\/en\/docuteam-community-day-2023-nos-outils-context-et-sirius-font-un-carton\/#breadcrumb"},"inLanguage":"en-US","potentialAction":[{"@type":"ReadAction","target":["https:\/\/www.docuteam.ch\/en\/docuteam-community-day-2023-nos-outils-context-et-sirius-font-un-carton\/"]}]},{"@type":"ImageObject","inLanguage":"en-US","@id":"https:\/\/www.docuteam.ch\/en\/docuteam-community-day-2023-nos-outils-context-et-sirius-font-un-carton\/#primaryimage","url":"https:\/\/www.docuteam.ch\/wp-content\/uploads\/2023\/11\/IMG_20231109_142059-300x225.jpg","contentUrl":"https:\/\/www.docuteam.ch\/wp-content\/uploads\/2023\/11\/IMG_20231109_142059-300x225.jpg"},{"@type":"BreadcrumbList","@id":"https:\/\/www.docuteam.ch\/en\/docuteam-community-day-2023-nos-outils-context-et-sirius-font-un-carton\/#breadcrumb","itemListElement":[{"@type":"ListItem","position":1,"name":"Accueil","item":"https:\/\/www.docuteam.ch\/en\/"},{"@type":"ListItem","position":2,"name":"docuteam community day 2023\u00a0: Nos outils context et sirius font un carton\u00a0!"}]},{"@type":"WebSite","@id":"https:\/\/www.docuteam.ch\/en\/#website","url":"https:\/\/www.docuteam.ch\/en\/","name":"docuteam","description":"Informationen sind Ihr langfristiges Kapital","publisher":{"@id":"https:\/\/www.docuteam.ch\/en\/#organization"},"potentialAction":[{"@type":"SearchAction","target":{"@type":"EntryPoint","urlTemplate":"https:\/\/www.docuteam.ch\/en\/?s={search_term_string}"},"query-input":{"@type":"PropertyValueSpecification","valueRequired":true,"valueName":"search_term_string"}}],"inLanguage":"en-US"},{"@type":"Organization","@id":"https:\/\/www.docuteam.ch\/en\/#organization","name":"docuteam","url":"https:\/\/www.docuteam.ch\/en\/","logo":{"@type":"ImageObject","inLanguage":"en-US","@id":"https:\/\/www.docuteam.ch\/en\/#\/schema\/logo\/image\/","url":"https:\/\/www.docuteam.ch\/wp-content\/uploads\/2021\/03\/docuteam_big.png","contentUrl":"https:\/\/www.docuteam.ch\/wp-content\/uploads\/2021\/03\/docuteam_big.png","width":200,"height":45,"caption":"docuteam"},"image":{"@id":"https:\/\/www.docuteam.ch\/en\/#\/schema\/logo\/image\/"},"sameAs":["https:\/\/x.com\/DocuteamCH","https:\/\/www.linkedin.com\/company\/docuteam-ag\/mycompany\/"]},{"@type":"Person","@id":"https:\/\/www.docuteam.ch\/en\/#\/schema\/person\/69ba3cba1dc89380ca20dc29a17f2b2d","name":"Andreas Steigmeier","image":{"@type":"ImageObject","inLanguage":"en-US","@id":"https:\/\/secure.gravatar.com\/avatar\/38cc08a5c7ced22dbfe6671ff7471a8aa49d407f539ec6ee1985fc0e36afc586?s=96&d=mm&r=g","url":"https:\/\/secure.gravatar.com\/avatar\/38cc08a5c7ced22dbfe6671ff7471a8aa49d407f539ec6ee1985fc0e36afc586?s=96&d=mm&r=g","contentUrl":"https:\/\/secure.gravatar.com\/avatar\/38cc08a5c7ced22dbfe6671ff7471a8aa49d407f539ec6ee1985fc0e36afc586?s=96&d=mm&r=g","caption":"Andreas Steigmeier"},"url":"https:\/\/www.docuteam.ch\/en\/author\/andreas\/"}]}},"_links":{"self":[{"href":"https:\/\/www.docuteam.ch\/en\/wp-json\/wp\/v2\/posts\/55711","targetHints":{"allow":["GET"]}}],"collection":[{"href":"https:\/\/www.docuteam.ch\/en\/wp-json\/wp\/v2\/posts"}],"about":[{"href":"https:\/\/www.docuteam.ch\/en\/wp-json\/wp\/v2\/types\/post"}],"author":[{"embeddable":true,"href":"https:\/\/www.docuteam.ch\/en\/wp-json\/wp\/v2\/users\/3"}],"replies":[{"embeddable":true,"href":"https:\/\/www.docuteam.ch\/en\/wp-json\/wp\/v2\/comments?post=55711"}],"version-history":[{"count":1,"href":"https:\/\/www.docuteam.ch\/en\/wp-json\/wp\/v2\/posts\/55711\/revisions"}],"predecessor-version":[{"id":55712,"href":"https:\/\/www.docuteam.ch\/en\/wp-json\/wp\/v2\/posts\/55711\/revisions\/55712"}],"wp:attachment":[{"href":"https:\/\/www.docuteam.ch\/en\/wp-json\/wp\/v2\/media?parent=55711"}],"wp:term":[{"taxonomy":"category","embeddable":true,"href":"https:\/\/www.docuteam.ch\/en\/wp-json\/wp\/v2\/categories?post=55711"},{"taxonomy":"post_tag","embeddable":true,"href":"https:\/\/www.docuteam.ch\/en\/wp-json\/wp\/v2\/tags?post=55711"},{"taxonomy":"post_series","embeddable":true,"href":"https:\/\/www.docuteam.ch\/en\/wp-json\/wp\/v2\/post_series?post=55711"}],"curies":[{"name":"wp","href":"https:\/\/api.w.org\/{rel}","templated":true}]}}