{"id":55727,"date":"2022-04-12T07:13:28","date_gmt":"2022-04-12T05:13:28","guid":{"rendered":"https:\/\/www.docuteam.ch\/16-jahre-digitale-archivierung-ein-fazit\/"},"modified":"2025-02-18T16:16:29","modified_gmt":"2025-02-18T14:16:29","slug":"16-jahre-digitale-archivierung-ein-fazit","status":"publish","type":"post","link":"https:\/\/www.docuteam.ch\/en\/16-jahre-digitale-archivierung-ein-fazit\/","title":{"rendered":"16 Jahre digitale Archivierung \u2013 ein Fazit"},"content":{"rendered":"<div class=\"wpb-content-wrapper\">[vc_row][vc_column][vc_column_text]Seit 16 Jahren sind wir in der digitalen Archivierung t\u00e4tig, und seit 12 Jahren ist unser erstes digitales Langzeitarchiv in Betrieb. Seither sind unter der Marke <a href=\"https:\/\/www.docuteam.ch\/en\/docuteam-cosmos\/\">docuteam cosmos<\/a> \u00fcber 60 weitere entstanden. Welches Fazit k\u00f6nnen wir ziehen?<\/p>\n<p>Wir haben vieles richtig gemacht: konsequent auf internationale Standards wie OAIS, METS, EAD und PREMIS gesetzt und unsere Software unter eine Open-Source-Lizenz gestellt. Wir haben fr\u00fch ein Datenmodell gew\u00e4hlt, um das uns heute andere beneiden: Jedes digitale Objekt hat einen eigenen dauerhaften Identifikator und kann deshalb einzeln angesprochen werden. Das macht die Konsultation von Einzeldateien m\u00f6glich, eine Selbstverst\u00e4ndlichkeit, m\u00f6chte man meinen.<\/p>\n<p>Zudem sind wir sehr froh dar\u00fcber, dass wir unsere L\u00f6sung modular aufgebaut haben. Sie zeichnet sich durch eine grosse Flexibilit\u00e4t und durch vielf\u00e4ltige Konfigurationsm\u00f6glichkeiten aus. Dies erlaubt uns, ein breites Spektrum an Anwendungsszenarien zu bew\u00e4ltigen. Die Vielfalt der Ausgangssituationen und der Kundenbed\u00fcrfnisse kann nicht \u00fcbersch\u00e4tzt werden.<\/p>\n<p>Den Eintritt ins digitale Archiv (Ingest) verbinden wir mit einer Konvertierung von Dateien in archivtaugliche, offen dokumentierte Formate. Auch das war ein guter Entscheid. Andere verzichten auf diesen Schritt, verbannen ihn in einen \u201ePre-Ingest\u201c, der von einer anderen Software und oft noch h\u00e4ndisch gemacht werden muss. Oder sie \u00fcberantworten die Konvertierung den abliefernden Stellen und Systemen und m\u00fcssen im Archiv eine Vielfalt von Unterformaten und Variationen in Kauf nehmen. Wir hingegen k\u00f6nnen uns darauf verlassen, dass die wenigen Formate im Archiv koh\u00e4rent sind. Das macht die Erhaltungsplanung (Preservation Planning) einfacher. Seit zw\u00f6lf Jahren mussten wir noch nie archivierte Dateien erneut konvertieren (Preservation Action). Die nationalen und internationalen Kataloge von archivtauglichen Formaten, an denen wir uns orientieren, sind also solid. Wir haben f\u00fcr den Ingest schon fr\u00fch Automatisierungsm\u00f6glichkeiten geschaffen. Das erlaubt es, grosse Mengen ins digitale Archiv zu pumpen. Zu unseren Kunden z\u00e4hlen Archive, die j\u00e4hrlich Millionen von SIP (Ablieferungspaketen) verarbeiten. Bei L\u00f6sungen von Mitbewerbern wird jeder einzelne Ingest von Fanfarenst\u00f6ssen, internen Sitzungen und viel Klick-Arbeit begleitet.<\/p>\n<p>2015 haben wir entschieden, unsere L\u00f6sung f\u00fcr die digitale Langzeitarchivierung in einer vertrauensw\u00fcrdigen Hosting-Umgebung als Service zur Verf\u00fcgung zu stellen. Das war der Schl\u00fcssel daf\u00fcr, digitale Archive nach OAIS zu einem vierstelligen Jahrespreis anbieten zu k\u00f6nnen. Die Wahl des Hosting-Partners war schwierig und hat uns gl\u00fccklicherweise zur Stiftung SWITCH gef\u00fchrt, die die Basis-IT-Infrastruktur f\u00fcr die Schweizer Wissenschaft betreibt. Auch in Deutschland und \u00d6sterreich haben wir von amerikanisch beherrschten Hosting-Partnern, die dem problematischen Cloud Act unterliegen, Abstand genommen und die Big Scaler OVH und A1 gew\u00e4hlt, die die strengste Datenschutzgesetzgebung der Welt, die DSGVO, einhalten m\u00fcssen.<\/p>\n<p>Wir w\u00e4ren l\u00e4ngst f\u00fcr eine weitere Skalierung bereit, aber der Markt bewegt sich noch etwas tr\u00e4ge. Mehrere Kantone versuchen, ihren Gemeinden digitale Archivierung anzubieten, und untersch\u00e4tzen die H\u00fcrden. Bis jetzt hat es noch keiner geschafft. In Deutschland spricht alles von Verb\u00fcnden, aber sie haben bisher wenig automatisiert. Zudem wird die Notwendigkeit, dass Dateien \u00fcber Jahrzehnte nutzbar gehalten werden m\u00fcssen, noch nicht \u00fcberall verstanden. Es ist offensichtlich, dass dieses Z\u00f6gern \u00dcberlieferungsl\u00fccken zur Folge haben wird.<\/p>\n<p>Wir halten dagegen, bringen uns vorn in Stellung und sind offen f\u00fcr Kooperationen. Wieso nicht als Public Private Partnership?[\/vc_column_text][\/vc_column][\/vc_row]\n<\/div>","protected":false},"excerpt":{"rendered":"<p>[vc_row][vc_column][vc_column_text]Seit 16 Jahren sind wir in der digitalen Archivierung t\u00e4tig, und seit 12 Jahren ist unser erstes digitales Langzeitarchiv in Betrieb. Seither sind unter der Marke docuteam cosmos \u00fcber 60 weitere entstanden. Welches Fazit k\u00f6nnen wir ziehen? Wir haben vieles richtig gemacht: konsequent auf internationale Standards wie OAIS, METS, EAD und PREMIS gesetzt und unsere&hellip;<\/p>\n","protected":false},"author":3,"featured_media":0,"comment_status":"open","ping_status":"open","sticky":false,"template":"","format":"standard","meta":{"footnotes":""},"categories":[103],"tags":[],"post_series":[],"class_list":["post-55727","post","type-post","status-publish","format-standard","hentry","category-digital-archiving","entry","no-media"],"yoast_head":"<!-- This site is optimized with the Yoast SEO plugin v27.5 - https:\/\/yoast.com\/product\/yoast-seo-wordpress\/ -->\n<title>docuteam - 16 Jahre digitale Archivierung \u2013 ein Fazit<\/title>\n<meta name=\"description\" content=\"Seit 16 Jahren ist docuteam in der digitalen Archivierung t\u00e4tig, seit 12 Jahren l\u00e4uft das erste digitale Langzeitarchiv. Seither sind 60 weitere dazugekommen. Ein Fazit \u00fcber Entscheide, die zumeist richtig gef\u00e4llt wurden.\" \/>\n<meta name=\"robots\" content=\"index, follow, max-snippet:-1, max-image-preview:large, max-video-preview:-1\" \/>\n<link rel=\"canonical\" href=\"https:\/\/www.docuteam.ch\/en\/16-jahre-digitale-archivierung-ein-fazit\/\" \/>\n<meta property=\"og:locale\" content=\"en_US\" \/>\n<meta property=\"og:type\" content=\"article\" \/>\n<meta property=\"og:title\" content=\"docuteam - 16 Jahre digitale Archivierung \u2013 ein Fazit\" \/>\n<meta property=\"og:description\" content=\"Seit 16 Jahren ist docuteam in der digitalen Archivierung t\u00e4tig, seit 12 Jahren l\u00e4uft das erste digitale Langzeitarchiv. Seither sind 60 weitere dazugekommen. Ein Fazit \u00fcber Entscheide, die zumeist richtig gef\u00e4llt wurden.\" \/>\n<meta property=\"og:url\" content=\"https:\/\/www.docuteam.ch\/en\/16-jahre-digitale-archivierung-ein-fazit\/\" \/>\n<meta property=\"og:site_name\" content=\"docuteam\" \/>\n<meta property=\"article:published_time\" content=\"2022-04-12T05:13:28+00:00\" \/>\n<meta property=\"article:modified_time\" content=\"2025-02-18T14:16:29+00:00\" \/>\n<meta property=\"og:image\" content=\"https:\/\/www.docuteam.ch\/wp-content\/uploads\/2021\/04\/docuteam_ueberuns_UltraHD-scaled.jpg\" \/>\n\t<meta property=\"og:image:width\" content=\"2560\" \/>\n\t<meta property=\"og:image:height\" content=\"1440\" \/>\n\t<meta property=\"og:image:type\" content=\"image\/jpeg\" \/>\n<meta name=\"author\" content=\"Andreas Steigmeier\" \/>\n<meta name=\"twitter:card\" content=\"summary_large_image\" \/>\n<meta name=\"twitter:creator\" content=\"@DocuteamCH\" \/>\n<meta name=\"twitter:site\" content=\"@DocuteamCH\" \/>\n<script type=\"application\/ld+json\" class=\"yoast-schema-graph\">{\"@context\":\"https:\\\/\\\/schema.org\",\"@graph\":[{\"@type\":\"Article\",\"@id\":\"https:\\\/\\\/www.docuteam.ch\\\/en\\\/16-jahre-digitale-archivierung-ein-fazit\\\/#article\",\"isPartOf\":{\"@id\":\"https:\\\/\\\/www.docuteam.ch\\\/en\\\/16-jahre-digitale-archivierung-ein-fazit\\\/\"},\"author\":{\"name\":\"Andreas Steigmeier\",\"@id\":\"https:\\\/\\\/www.docuteam.ch\\\/en\\\/#\\\/schema\\\/person\\\/69ba3cba1dc89380ca20dc29a17f2b2d\"},\"headline\":\"16 Jahre digitale Archivierung \u2013 ein Fazit\",\"datePublished\":\"2022-04-12T05:13:28+00:00\",\"dateModified\":\"2025-02-18T14:16:29+00:00\",\"mainEntityOfPage\":{\"@id\":\"https:\\\/\\\/www.docuteam.ch\\\/en\\\/16-jahre-digitale-archivierung-ein-fazit\\\/\"},\"wordCount\":563,\"commentCount\":0,\"publisher\":{\"@id\":\"https:\\\/\\\/www.docuteam.ch\\\/en\\\/#organization\"},\"articleSection\":[\"Digital archiving\"],\"inLanguage\":\"en-US\",\"potentialAction\":[{\"@type\":\"CommentAction\",\"name\":\"Comment\",\"target\":[\"https:\\\/\\\/www.docuteam.ch\\\/en\\\/16-jahre-digitale-archivierung-ein-fazit\\\/#respond\"]}]},{\"@type\":\"WebPage\",\"@id\":\"https:\\\/\\\/www.docuteam.ch\\\/en\\\/16-jahre-digitale-archivierung-ein-fazit\\\/\",\"url\":\"https:\\\/\\\/www.docuteam.ch\\\/en\\\/16-jahre-digitale-archivierung-ein-fazit\\\/\",\"name\":\"docuteam - 16 Jahre digitale Archivierung \u2013 ein Fazit\",\"isPartOf\":{\"@id\":\"https:\\\/\\\/www.docuteam.ch\\\/en\\\/#website\"},\"datePublished\":\"2022-04-12T05:13:28+00:00\",\"dateModified\":\"2025-02-18T14:16:29+00:00\",\"description\":\"Seit 16 Jahren ist docuteam in der digitalen Archivierung t\u00e4tig, seit 12 Jahren l\u00e4uft das erste digitale Langzeitarchiv. Seither sind 60 weitere dazugekommen. Ein Fazit \u00fcber Entscheide, die zumeist richtig gef\u00e4llt wurden.\",\"breadcrumb\":{\"@id\":\"https:\\\/\\\/www.docuteam.ch\\\/en\\\/16-jahre-digitale-archivierung-ein-fazit\\\/#breadcrumb\"},\"inLanguage\":\"en-US\",\"potentialAction\":[{\"@type\":\"ReadAction\",\"target\":[\"https:\\\/\\\/www.docuteam.ch\\\/en\\\/16-jahre-digitale-archivierung-ein-fazit\\\/\"]}]},{\"@type\":\"BreadcrumbList\",\"@id\":\"https:\\\/\\\/www.docuteam.ch\\\/en\\\/16-jahre-digitale-archivierung-ein-fazit\\\/#breadcrumb\",\"itemListElement\":[{\"@type\":\"ListItem\",\"position\":1,\"name\":\"Accueil\",\"item\":\"https:\\\/\\\/www.docuteam.ch\\\/en\\\/\"},{\"@type\":\"ListItem\",\"position\":2,\"name\":\"16 Jahre digitale Archivierung \u2013 ein Fazit\"}]},{\"@type\":\"WebSite\",\"@id\":\"https:\\\/\\\/www.docuteam.ch\\\/en\\\/#website\",\"url\":\"https:\\\/\\\/www.docuteam.ch\\\/en\\\/\",\"name\":\"docuteam\",\"description\":\"Informationen sind Ihr langfristiges Kapital\",\"publisher\":{\"@id\":\"https:\\\/\\\/www.docuteam.ch\\\/en\\\/#organization\"},\"potentialAction\":[{\"@type\":\"SearchAction\",\"target\":{\"@type\":\"EntryPoint\",\"urlTemplate\":\"https:\\\/\\\/www.docuteam.ch\\\/en\\\/?s={search_term_string}\"},\"query-input\":{\"@type\":\"PropertyValueSpecification\",\"valueRequired\":true,\"valueName\":\"search_term_string\"}}],\"inLanguage\":\"en-US\"},{\"@type\":\"Organization\",\"@id\":\"https:\\\/\\\/www.docuteam.ch\\\/en\\\/#organization\",\"name\":\"docuteam\",\"url\":\"https:\\\/\\\/www.docuteam.ch\\\/en\\\/\",\"logo\":{\"@type\":\"ImageObject\",\"inLanguage\":\"en-US\",\"@id\":\"https:\\\/\\\/www.docuteam.ch\\\/en\\\/#\\\/schema\\\/logo\\\/image\\\/\",\"url\":\"https:\\\/\\\/www.docuteam.ch\\\/wp-content\\\/uploads\\\/2021\\\/03\\\/docuteam_big.png\",\"contentUrl\":\"https:\\\/\\\/www.docuteam.ch\\\/wp-content\\\/uploads\\\/2021\\\/03\\\/docuteam_big.png\",\"width\":200,\"height\":45,\"caption\":\"docuteam\"},\"image\":{\"@id\":\"https:\\\/\\\/www.docuteam.ch\\\/en\\\/#\\\/schema\\\/logo\\\/image\\\/\"},\"sameAs\":[\"https:\\\/\\\/x.com\\\/DocuteamCH\",\"https:\\\/\\\/www.linkedin.com\\\/company\\\/docuteam-ag\\\/mycompany\\\/\"]},{\"@type\":\"Person\",\"@id\":\"https:\\\/\\\/www.docuteam.ch\\\/en\\\/#\\\/schema\\\/person\\\/69ba3cba1dc89380ca20dc29a17f2b2d\",\"name\":\"Andreas Steigmeier\",\"image\":{\"@type\":\"ImageObject\",\"inLanguage\":\"en-US\",\"@id\":\"https:\\\/\\\/secure.gravatar.com\\\/avatar\\\/38cc08a5c7ced22dbfe6671ff7471a8aa49d407f539ec6ee1985fc0e36afc586?s=96&d=mm&r=g\",\"url\":\"https:\\\/\\\/secure.gravatar.com\\\/avatar\\\/38cc08a5c7ced22dbfe6671ff7471a8aa49d407f539ec6ee1985fc0e36afc586?s=96&d=mm&r=g\",\"contentUrl\":\"https:\\\/\\\/secure.gravatar.com\\\/avatar\\\/38cc08a5c7ced22dbfe6671ff7471a8aa49d407f539ec6ee1985fc0e36afc586?s=96&d=mm&r=g\",\"caption\":\"Andreas Steigmeier\"},\"url\":\"https:\\\/\\\/www.docuteam.ch\\\/en\\\/author\\\/andreas\\\/\"}]}<\/script>\n<!-- \/ Yoast SEO plugin. -->","yoast_head_json":{"title":"docuteam - 16 Jahre digitale Archivierung \u2013 ein Fazit","description":"Seit 16 Jahren ist docuteam in der digitalen Archivierung t\u00e4tig, seit 12 Jahren l\u00e4uft das erste digitale Langzeitarchiv. Seither sind 60 weitere dazugekommen. Ein Fazit \u00fcber Entscheide, die zumeist richtig gef\u00e4llt wurden.","robots":{"index":"index","follow":"follow","max-snippet":"max-snippet:-1","max-image-preview":"max-image-preview:large","max-video-preview":"max-video-preview:-1"},"canonical":"https:\/\/www.docuteam.ch\/en\/16-jahre-digitale-archivierung-ein-fazit\/","og_locale":"en_US","og_type":"article","og_title":"docuteam - 16 Jahre digitale Archivierung \u2013 ein Fazit","og_description":"Seit 16 Jahren ist docuteam in der digitalen Archivierung t\u00e4tig, seit 12 Jahren l\u00e4uft das erste digitale Langzeitarchiv. Seither sind 60 weitere dazugekommen. Ein Fazit \u00fcber Entscheide, die zumeist richtig gef\u00e4llt wurden.","og_url":"https:\/\/www.docuteam.ch\/en\/16-jahre-digitale-archivierung-ein-fazit\/","og_site_name":"docuteam","article_published_time":"2022-04-12T05:13:28+00:00","article_modified_time":"2025-02-18T14:16:29+00:00","og_image":[{"width":2560,"height":1440,"url":"https:\/\/www.docuteam.ch\/wp-content\/uploads\/2021\/04\/docuteam_ueberuns_UltraHD-scaled.jpg","type":"image\/jpeg"}],"author":"Andreas Steigmeier","twitter_card":"summary_large_image","twitter_creator":"@DocuteamCH","twitter_site":"@DocuteamCH","schema":{"@context":"https:\/\/schema.org","@graph":[{"@type":"Article","@id":"https:\/\/www.docuteam.ch\/en\/16-jahre-digitale-archivierung-ein-fazit\/#article","isPartOf":{"@id":"https:\/\/www.docuteam.ch\/en\/16-jahre-digitale-archivierung-ein-fazit\/"},"author":{"name":"Andreas Steigmeier","@id":"https:\/\/www.docuteam.ch\/en\/#\/schema\/person\/69ba3cba1dc89380ca20dc29a17f2b2d"},"headline":"16 Jahre digitale Archivierung \u2013 ein Fazit","datePublished":"2022-04-12T05:13:28+00:00","dateModified":"2025-02-18T14:16:29+00:00","mainEntityOfPage":{"@id":"https:\/\/www.docuteam.ch\/en\/16-jahre-digitale-archivierung-ein-fazit\/"},"wordCount":563,"commentCount":0,"publisher":{"@id":"https:\/\/www.docuteam.ch\/en\/#organization"},"articleSection":["Digital archiving"],"inLanguage":"en-US","potentialAction":[{"@type":"CommentAction","name":"Comment","target":["https:\/\/www.docuteam.ch\/en\/16-jahre-digitale-archivierung-ein-fazit\/#respond"]}]},{"@type":"WebPage","@id":"https:\/\/www.docuteam.ch\/en\/16-jahre-digitale-archivierung-ein-fazit\/","url":"https:\/\/www.docuteam.ch\/en\/16-jahre-digitale-archivierung-ein-fazit\/","name":"docuteam - 16 Jahre digitale Archivierung \u2013 ein Fazit","isPartOf":{"@id":"https:\/\/www.docuteam.ch\/en\/#website"},"datePublished":"2022-04-12T05:13:28+00:00","dateModified":"2025-02-18T14:16:29+00:00","description":"Seit 16 Jahren ist docuteam in der digitalen Archivierung t\u00e4tig, seit 12 Jahren l\u00e4uft das erste digitale Langzeitarchiv. Seither sind 60 weitere dazugekommen. Ein Fazit \u00fcber Entscheide, die zumeist richtig gef\u00e4llt wurden.","breadcrumb":{"@id":"https:\/\/www.docuteam.ch\/en\/16-jahre-digitale-archivierung-ein-fazit\/#breadcrumb"},"inLanguage":"en-US","potentialAction":[{"@type":"ReadAction","target":["https:\/\/www.docuteam.ch\/en\/16-jahre-digitale-archivierung-ein-fazit\/"]}]},{"@type":"BreadcrumbList","@id":"https:\/\/www.docuteam.ch\/en\/16-jahre-digitale-archivierung-ein-fazit\/#breadcrumb","itemListElement":[{"@type":"ListItem","position":1,"name":"Accueil","item":"https:\/\/www.docuteam.ch\/en\/"},{"@type":"ListItem","position":2,"name":"16 Jahre digitale Archivierung \u2013 ein Fazit"}]},{"@type":"WebSite","@id":"https:\/\/www.docuteam.ch\/en\/#website","url":"https:\/\/www.docuteam.ch\/en\/","name":"docuteam","description":"Informationen sind Ihr langfristiges Kapital","publisher":{"@id":"https:\/\/www.docuteam.ch\/en\/#organization"},"potentialAction":[{"@type":"SearchAction","target":{"@type":"EntryPoint","urlTemplate":"https:\/\/www.docuteam.ch\/en\/?s={search_term_string}"},"query-input":{"@type":"PropertyValueSpecification","valueRequired":true,"valueName":"search_term_string"}}],"inLanguage":"en-US"},{"@type":"Organization","@id":"https:\/\/www.docuteam.ch\/en\/#organization","name":"docuteam","url":"https:\/\/www.docuteam.ch\/en\/","logo":{"@type":"ImageObject","inLanguage":"en-US","@id":"https:\/\/www.docuteam.ch\/en\/#\/schema\/logo\/image\/","url":"https:\/\/www.docuteam.ch\/wp-content\/uploads\/2021\/03\/docuteam_big.png","contentUrl":"https:\/\/www.docuteam.ch\/wp-content\/uploads\/2021\/03\/docuteam_big.png","width":200,"height":45,"caption":"docuteam"},"image":{"@id":"https:\/\/www.docuteam.ch\/en\/#\/schema\/logo\/image\/"},"sameAs":["https:\/\/x.com\/DocuteamCH","https:\/\/www.linkedin.com\/company\/docuteam-ag\/mycompany\/"]},{"@type":"Person","@id":"https:\/\/www.docuteam.ch\/en\/#\/schema\/person\/69ba3cba1dc89380ca20dc29a17f2b2d","name":"Andreas Steigmeier","image":{"@type":"ImageObject","inLanguage":"en-US","@id":"https:\/\/secure.gravatar.com\/avatar\/38cc08a5c7ced22dbfe6671ff7471a8aa49d407f539ec6ee1985fc0e36afc586?s=96&d=mm&r=g","url":"https:\/\/secure.gravatar.com\/avatar\/38cc08a5c7ced22dbfe6671ff7471a8aa49d407f539ec6ee1985fc0e36afc586?s=96&d=mm&r=g","contentUrl":"https:\/\/secure.gravatar.com\/avatar\/38cc08a5c7ced22dbfe6671ff7471a8aa49d407f539ec6ee1985fc0e36afc586?s=96&d=mm&r=g","caption":"Andreas Steigmeier"},"url":"https:\/\/www.docuteam.ch\/en\/author\/andreas\/"}]}},"_links":{"self":[{"href":"https:\/\/www.docuteam.ch\/en\/wp-json\/wp\/v2\/posts\/55727","targetHints":{"allow":["GET"]}}],"collection":[{"href":"https:\/\/www.docuteam.ch\/en\/wp-json\/wp\/v2\/posts"}],"about":[{"href":"https:\/\/www.docuteam.ch\/en\/wp-json\/wp\/v2\/types\/post"}],"author":[{"embeddable":true,"href":"https:\/\/www.docuteam.ch\/en\/wp-json\/wp\/v2\/users\/3"}],"replies":[{"embeddable":true,"href":"https:\/\/www.docuteam.ch\/en\/wp-json\/wp\/v2\/comments?post=55727"}],"version-history":[{"count":1,"href":"https:\/\/www.docuteam.ch\/en\/wp-json\/wp\/v2\/posts\/55727\/revisions"}],"predecessor-version":[{"id":55729,"href":"https:\/\/www.docuteam.ch\/en\/wp-json\/wp\/v2\/posts\/55727\/revisions\/55729"}],"wp:attachment":[{"href":"https:\/\/www.docuteam.ch\/en\/wp-json\/wp\/v2\/media?parent=55727"}],"wp:term":[{"taxonomy":"category","embeddable":true,"href":"https:\/\/www.docuteam.ch\/en\/wp-json\/wp\/v2\/categories?post=55727"},{"taxonomy":"post_tag","embeddable":true,"href":"https:\/\/www.docuteam.ch\/en\/wp-json\/wp\/v2\/tags?post=55727"},{"taxonomy":"post_series","embeddable":true,"href":"https:\/\/www.docuteam.ch\/en\/wp-json\/wp\/v2\/post_series?post=55727"}],"curies":[{"name":"wp","href":"https:\/\/api.w.org\/{rel}","templated":true}]}}