{"id":55736,"date":"2022-01-24T15:21:38","date_gmt":"2022-01-24T13:21:38","guid":{"rendered":"https:\/\/www.docuteam.ch\/aufbewahrungsfristen-festlegen-muessen-duerfen-sollen-wollen-2\/"},"modified":"2025-02-18T16:17:35","modified_gmt":"2025-02-18T14:17:35","slug":"aufbewahrungsfristen-festlegen-muessen-duerfen-sollen-wollen-2","status":"publish","type":"post","link":"https:\/\/www.docuteam.ch\/en\/aufbewahrungsfristen-festlegen-muessen-duerfen-sollen-wollen-2\/","title":{"rendered":"D\u00e9finir les d\u00e9lais de conservation : ce que l&#8217;on doit, peut, devrait, souhaite"},"content":{"rendered":"<div class=\"wpb-content-wrapper\">[vc_row css=&#8221;.vc_custom_1643038152781{padding-top: 20px !important;}&#8221;][vc_column][vc_column_text font_size=&#8221;d:20|tl:20|tp:20|pl:17|pp:17&#8243; line_height=&#8221;2&#8243;]Pour les organisations, d\u00e9finir les d\u00e9lais de conservation des documents est souvent un casse-t\u00eate. Voici quelques conseils pour faciliter la t\u00e2che de celles et ceux qui doivent prendre de telles d\u00e9cisions.<\/p>\n<p><strong>Ce que l&#8217;on doit :<\/strong> Avant toute chose, les d\u00e9lais de conservation l\u00e9gaux doivent obligatoirement \u00eatre respect\u00e9s. <a href=\"https:\/\/www.fedlex.admin.ch\/eli\/cc\/27\/317_321_377\/fr#art_9\">L\u2019article 958f du Code des obligations<\/a> \u00e9tablit le principal : \u00ab Les livres et les pi\u00e8ces comptables ainsi que le rapport de gestion et le rapport de r\u00e9vision sont conserv\u00e9s pendant dix ans. Ce d\u00e9lai court \u00e0 partir de la fin de l\u2019exercice \u00bb.<a href=\"https:\/\/www.fedlex.admin.ch\/eli\/cc\/1966\/57_57_57\/fr\"> L\u2019art. 46 de la loi sur le travail<\/a> et<a href=\"https:\/\/www.fedlex.admin.ch\/eli\/cc\/1983\/38_38_38\/fr\"> l\u2019art. 116 de l\u2019Ordonnance sur l\u2019assurance-accidents<\/a> exigent en outre que la saisie du temps de travail et la comptabilit\u00e9 des salaires soient conserv\u00e9es 5 ans apr\u00e8s la fin de l\u2019ann\u00e9e civile. Ce sont quasiment les seuls d\u00e9lais de conservation l\u00e9gaux non sp\u00e9cifiques \u00e0 un secteur d\u2019activit\u00e9. Nous pouvons encore y ajouter<span style=\"text-decoration: line-through;\">,<\/span> <a href=\"https:\/\/www.fedlex.admin.ch\/eli\/cc\/2009\/615\/fr\">l\u2019art. 70 de la loi sur la TVA<\/a> qui pr\u00e9conise que l\u2019imp\u00f4t pr\u00e9alable sur les biens immobiliers doit pouvoir \u00eatre document\u00e9 pendant 20 ans (notons que cela ne concerne que les justificatifs relatifs aux biens immobiliers et non l\u2019ensemble de la comptabilit\u00e9 de la TVA).<\/p>\n<p><strong>Ce que l&#8217;on peut :<\/strong> Le traitement des donn\u00e9es personnelles est soumis \u00e0 la <a href=\"https:\/\/www.fedlex.admin.ch\/eli\/cc\/1993\/1945_1945_1945\/fr\">Loi sur la protection des donn\u00e9es (LPD<\/a>). Les donn\u00e9es personnelles ne peuvent pas \u00eatre trait\u00e9es (et cela inclut leur conservation) tant que la finalit\u00e9 pour laquelle elles ont \u00e9t\u00e9 collect\u00e9es existe. La l\u00e9gislation sur la protection des donn\u00e9es ne d\u00e9finit pas de dur\u00e9e \u00e0 cet \u00e9gard ; celle-ci doit \u00eatre interpr\u00e9t\u00e9e par les int\u00e9ress\u00e9s eux-m\u00eames. On peut parler de \u00ab dur\u00e9e maximale de conservation \u00bb. L\u2019archivage en vue d\u2019une transmission historique offre une solution : il repr\u00e9sente une nouvelle finalit\u00e9 et est consid\u00e9r\u00e9 comme un substitut \u00e0 la destruction de documents au regard de la loi sur la protection des donn\u00e9es.<\/p>\n<p><strong>Ce que l&#8217;on devrait :<\/strong> <a href=\"https:\/\/www.fedlex.admin.ch\/eli\/cc\/27\/317_321_377\/fr#art_9\">L\u2019art. 127 du CO<\/a> fixe \u00e0 10 ans le d\u00e9lai de prescription, sauf si le droit civil f\u00e9d\u00e9ral en dispose autrement. Les d\u00e9lais de prescription ne sont qu\u2019une recommandation pour la conservation. Ainsi, des documents peuvent \u00eatre d\u00e9truits pendant ce laps de temps, mais l\u2019utilisation du d\u00e9lai de prescription comme d\u00e9lai de conservation fait partie d\u2019une bonne gouvernance de l\u2019information. Cet article est le plus souvent utilis\u00e9 pour fixer des d\u00e9lais de conservation, et partout o\u00f9 il y a des relations d\u2019affaires avec des tiers, on s\u2019y r\u00e9f\u00e9rera. En revanche, il est important de noter des exceptions, comme celles indiqu\u00e9es \u00e0 <a href=\"https:\/\/www.fedlex.admin.ch\/eli\/cc\/27\/317_321_377\/fr#art_9\">l\u2019art. 128 du CO<\/a>, qui se prescrivent apr\u00e8s 5 ans : \u00ab les loyers, les int\u00e9r\u00eats de capitaux et toutes autres redevances p\u00e9\u00adriodiques ; les actions des artisans, pour leur travail ; des marchands en d\u00e9tail, pour leurs fournitures [\u2026] ; ainsi que celles des tra\u00advailleurs, pour leurs services \u00bb.<\/p>\n<p><strong>Ce que l&#8217;on souhaite :<\/strong> Une fois le cadre des prescriptions l\u00e9gales \u00e9tabli, la d\u00e9finition de la dur\u00e9e de conservation des documents incombe \u00e9galement \u00e0 l\u2019organisation qui les produit. Quelles informations ont une valeur pour votre organisation ou sont souvent demand\u00e9es ? Quelles connaissances ne voulez-vous pas perdre? C\u2019est \u00e0 vous de d\u00e9cider! Fixez vos propres d\u00e9lais de conservation ou archivez pour une dur\u00e9e ind\u00e9termin\u00e9e ! Nous sommes l\u00e0 pour vous soutenir dans cette d\u00e9marche.[\/vc_column_text][vc_single_image image=&#8221;9388&#8243; css=&#8221;.vc_custom_1643038472901{padding-top: 40px !important;}&#8221;][\/vc_column][\/vc_row][vc_row css=&#8221;.vc_custom_1643039697516{padding-top: 40px !important;}&#8221;][vc_column]<style>.vcex-heading.vcex_69f3a11831ae9{color:#cc0000;font-size:20px;font-weight:600;line-height:2;}.vcex-heading.vcex_69f3a11831ae9:hover{color:#000000;}@media (max-width:1024px){.vcex-heading.vcex_69f3a11831ae9{font-size:20px;}}@media (max-width:959px){.vcex-heading.vcex_69f3a11831ae9{font-size:20px;}}@media (max-width:767px){.vcex-heading.vcex_69f3a11831ae9{font-size:17px;}}@media (max-width:479px){.vcex-heading.vcex_69f3a11831ae9{font-size:17px;}}<\/style><div class=\"vcex-heading vcex-heading-plain vcex-module wpex-heading wpex-text-2xl vc_custom_1643039856928 vcex_69f3a11831ae9\"><a href=\"https:\/\/www.docuteam.ch\/fr\/prestations\/\" class=\"wpex-no-underline wpex-inherit-color-important\" target=\"_self\"><span class=\"vcex-heading-inner wpex-inline-block\"><span class=\"vcex-heading-icon vcex-heading-icon-left vcex-icon-wrap wpex-mr-10\"><span class=\"wpex-icon wpex-icon--bidi\" aria-hidden=\"true\"><svg xmlns=\"http:\/\/www.w3.org\/2000\/svg\" viewBox=\"0 0 448 512\"><path d=\"M438.6 278.6c12.5-12.5 12.5-32.8 0-45.3l-160-160c-12.5-12.5-32.8-12.5-45.3 0s-12.5 32.8 0 45.3L338.8 224 32 224c-17.7 0-32 14.3-32 32s14.3 32 32 32l306.7 0L233.4 393.4c-12.5 12.5-12.5 32.8 0 45.3s32.8 12.5 45.3 0l160-160z\"\/><\/svg><\/span><\/span>Prestations de docuteam<\/span><\/a><\/div>[\/vc_column][\/vc_row]\n<\/div>","protected":false},"excerpt":{"rendered":"<p>[vc_row css=&#8221;.vc_custom_1643038152781{padding-top: 20px !important;}&#8221;][vc_column][vc_column_text font_size=&#8221;d:20|tl:20|tp:20|pl:17|pp:17&#8243; line_height=&#8221;2&#8243;]Pour les organisations, d\u00e9finir les d\u00e9lais de conservation des documents est souvent un casse-t\u00eate. Voici quelques conseils pour faciliter la t\u00e2che de celles et ceux qui doivent prendre de telles d\u00e9cisions. Ce que l&#8217;on doit : Avant toute chose, les d\u00e9lais de conservation l\u00e9gaux doivent obligatoirement \u00eatre respect\u00e9s. L\u2019article 958f&hellip;<\/p>\n","protected":false},"author":2,"featured_media":0,"comment_status":"open","ping_status":"open","sticky":false,"template":"","format":"standard","meta":{"footnotes":""},"categories":[104,105],"tags":[],"post_series":[],"class_list":["post-55736","post","type-post","status-publish","format-standard","hentry","category-archives-management","category-records-management","entry","no-media"],"yoast_head":"<!-- This site is optimized with the Yoast SEO plugin v27.5 - https:\/\/yoast.com\/product\/yoast-seo-wordpress\/ -->\n<title>docuteam - Aide pour d\u00e9finir les d\u00e9lais de conservation<\/title>\n<meta name=\"description\" content=\"Quelques pistes et conseils pratiques pour les personnes devant fixer des d\u00e9lais de conservation.\" \/>\n<meta name=\"robots\" content=\"index, follow, max-snippet:-1, max-image-preview:large, max-video-preview:-1\" \/>\n<link rel=\"canonical\" href=\"https:\/\/www.docuteam.ch\/en\/aufbewahrungsfristen-festlegen-muessen-duerfen-sollen-wollen-2\/\" \/>\n<meta property=\"og:locale\" content=\"en_US\" \/>\n<meta property=\"og:type\" content=\"article\" \/>\n<meta property=\"og:title\" content=\"docuteam - Aide pour d\u00e9finir les d\u00e9lais de conservation\" \/>\n<meta property=\"og:description\" content=\"Quelques pistes et conseils pratiques pour les personnes devant fixer des d\u00e9lais de conservation.\" \/>\n<meta property=\"og:url\" content=\"https:\/\/www.docuteam.ch\/en\/aufbewahrungsfristen-festlegen-muessen-duerfen-sollen-wollen-2\/\" \/>\n<meta property=\"og:site_name\" content=\"docuteam\" \/>\n<meta property=\"article:published_time\" content=\"2022-01-24T13:21:38+00:00\" \/>\n<meta property=\"article:modified_time\" content=\"2025-02-18T14:17:35+00:00\" \/>\n<meta property=\"og:image\" content=\"https:\/\/www.docuteam.ch\/wp-content\/uploads\/2022\/01\/DelaiConservation.jpg\" \/>\n\t<meta property=\"og:image:width\" content=\"675\" \/>\n\t<meta property=\"og:image:height\" content=\"450\" \/>\n\t<meta property=\"og:image:type\" content=\"image\/jpeg\" \/>\n<meta name=\"author\" content=\"Julie Baumberger\" \/>\n<meta name=\"twitter:card\" content=\"summary_large_image\" \/>\n<meta name=\"twitter:title\" content=\"docuteam - Aide pour d\u00e9finir les d\u00e9lais de conservation\" \/>\n<meta name=\"twitter:description\" content=\"Quelques pistes et conseils pratiques pour les personnes devant fixer des d\u00e9lais de conservation.\" \/>\n<meta name=\"twitter:image\" content=\"https:\/\/www.docuteam.ch\/wp-content\/uploads\/2022\/01\/DelaiConservation.jpg\" \/>\n<meta name=\"twitter:creator\" content=\"@DocuteamCH\" \/>\n<meta name=\"twitter:site\" content=\"@DocuteamCH\" \/>\n<script type=\"application\/ld+json\" class=\"yoast-schema-graph\">{\"@context\":\"https:\\\/\\\/schema.org\",\"@graph\":[{\"@type\":\"Article\",\"@id\":\"https:\\\/\\\/www.docuteam.ch\\\/en\\\/aufbewahrungsfristen-festlegen-muessen-duerfen-sollen-wollen-2\\\/#article\",\"isPartOf\":{\"@id\":\"https:\\\/\\\/www.docuteam.ch\\\/en\\\/aufbewahrungsfristen-festlegen-muessen-duerfen-sollen-wollen-2\\\/\"},\"author\":{\"name\":\"Julie Baumberger\",\"@id\":\"https:\\\/\\\/www.docuteam.ch\\\/en\\\/#\\\/schema\\\/person\\\/d4f8bdbdf0c6af49ca07455bcf1b02ff\"},\"headline\":\"D\u00e9finir les d\u00e9lais de conservation : ce que l&#8217;on doit, peut, devrait, souhaite\",\"datePublished\":\"2022-01-24T13:21:38+00:00\",\"dateModified\":\"2025-02-18T14:17:35+00:00\",\"mainEntityOfPage\":{\"@id\":\"https:\\\/\\\/www.docuteam.ch\\\/en\\\/aufbewahrungsfristen-festlegen-muessen-duerfen-sollen-wollen-2\\\/\"},\"wordCount\":709,\"commentCount\":0,\"publisher\":{\"@id\":\"https:\\\/\\\/www.docuteam.ch\\\/en\\\/#organization\"},\"articleSection\":[\"Archives management\",\"Records management\"],\"inLanguage\":\"en-US\",\"potentialAction\":[{\"@type\":\"CommentAction\",\"name\":\"Comment\",\"target\":[\"https:\\\/\\\/www.docuteam.ch\\\/en\\\/aufbewahrungsfristen-festlegen-muessen-duerfen-sollen-wollen-2\\\/#respond\"]}]},{\"@type\":\"WebPage\",\"@id\":\"https:\\\/\\\/www.docuteam.ch\\\/en\\\/aufbewahrungsfristen-festlegen-muessen-duerfen-sollen-wollen-2\\\/\",\"url\":\"https:\\\/\\\/www.docuteam.ch\\\/en\\\/aufbewahrungsfristen-festlegen-muessen-duerfen-sollen-wollen-2\\\/\",\"name\":\"docuteam - Aide pour d\u00e9finir les d\u00e9lais de conservation\",\"isPartOf\":{\"@id\":\"https:\\\/\\\/www.docuteam.ch\\\/en\\\/#website\"},\"datePublished\":\"2022-01-24T13:21:38+00:00\",\"dateModified\":\"2025-02-18T14:17:35+00:00\",\"description\":\"Quelques pistes et conseils pratiques pour les personnes devant fixer des d\u00e9lais de conservation.\",\"breadcrumb\":{\"@id\":\"https:\\\/\\\/www.docuteam.ch\\\/en\\\/aufbewahrungsfristen-festlegen-muessen-duerfen-sollen-wollen-2\\\/#breadcrumb\"},\"inLanguage\":\"en-US\",\"potentialAction\":[{\"@type\":\"ReadAction\",\"target\":[\"https:\\\/\\\/www.docuteam.ch\\\/en\\\/aufbewahrungsfristen-festlegen-muessen-duerfen-sollen-wollen-2\\\/\"]}]},{\"@type\":\"BreadcrumbList\",\"@id\":\"https:\\\/\\\/www.docuteam.ch\\\/en\\\/aufbewahrungsfristen-festlegen-muessen-duerfen-sollen-wollen-2\\\/#breadcrumb\",\"itemListElement\":[{\"@type\":\"ListItem\",\"position\":1,\"name\":\"Accueil\",\"item\":\"https:\\\/\\\/www.docuteam.ch\\\/en\\\/\"},{\"@type\":\"ListItem\",\"position\":2,\"name\":\"D\u00e9finir les d\u00e9lais de conservation : ce que l&#8217;on doit, peut, devrait, souhaite\"}]},{\"@type\":\"WebSite\",\"@id\":\"https:\\\/\\\/www.docuteam.ch\\\/en\\\/#website\",\"url\":\"https:\\\/\\\/www.docuteam.ch\\\/en\\\/\",\"name\":\"docuteam\",\"description\":\"Informationen sind Ihr langfristiges Kapital\",\"publisher\":{\"@id\":\"https:\\\/\\\/www.docuteam.ch\\\/en\\\/#organization\"},\"potentialAction\":[{\"@type\":\"SearchAction\",\"target\":{\"@type\":\"EntryPoint\",\"urlTemplate\":\"https:\\\/\\\/www.docuteam.ch\\\/en\\\/?s={search_term_string}\"},\"query-input\":{\"@type\":\"PropertyValueSpecification\",\"valueRequired\":true,\"valueName\":\"search_term_string\"}}],\"inLanguage\":\"en-US\"},{\"@type\":\"Organization\",\"@id\":\"https:\\\/\\\/www.docuteam.ch\\\/en\\\/#organization\",\"name\":\"docuteam\",\"url\":\"https:\\\/\\\/www.docuteam.ch\\\/en\\\/\",\"logo\":{\"@type\":\"ImageObject\",\"inLanguage\":\"en-US\",\"@id\":\"https:\\\/\\\/www.docuteam.ch\\\/en\\\/#\\\/schema\\\/logo\\\/image\\\/\",\"url\":\"https:\\\/\\\/www.docuteam.ch\\\/wp-content\\\/uploads\\\/2021\\\/03\\\/docuteam_big.png\",\"contentUrl\":\"https:\\\/\\\/www.docuteam.ch\\\/wp-content\\\/uploads\\\/2021\\\/03\\\/docuteam_big.png\",\"width\":200,\"height\":45,\"caption\":\"docuteam\"},\"image\":{\"@id\":\"https:\\\/\\\/www.docuteam.ch\\\/en\\\/#\\\/schema\\\/logo\\\/image\\\/\"},\"sameAs\":[\"https:\\\/\\\/x.com\\\/DocuteamCH\",\"https:\\\/\\\/www.linkedin.com\\\/company\\\/docuteam-ag\\\/mycompany\\\/\"]},{\"@type\":\"Person\",\"@id\":\"https:\\\/\\\/www.docuteam.ch\\\/en\\\/#\\\/schema\\\/person\\\/d4f8bdbdf0c6af49ca07455bcf1b02ff\",\"name\":\"Julie Baumberger\",\"image\":{\"@type\":\"ImageObject\",\"inLanguage\":\"en-US\",\"@id\":\"https:\\\/\\\/secure.gravatar.com\\\/avatar\\\/dec439982d586cb460b3a04a83a48877770ea3fa74f35ef84475a5996eeb88e5?s=96&d=mm&r=g\",\"url\":\"https:\\\/\\\/secure.gravatar.com\\\/avatar\\\/dec439982d586cb460b3a04a83a48877770ea3fa74f35ef84475a5996eeb88e5?s=96&d=mm&r=g\",\"contentUrl\":\"https:\\\/\\\/secure.gravatar.com\\\/avatar\\\/dec439982d586cb460b3a04a83a48877770ea3fa74f35ef84475a5996eeb88e5?s=96&d=mm&r=g\",\"caption\":\"Julie Baumberger\"},\"url\":\"https:\\\/\\\/www.docuteam.ch\\\/en\\\/author\\\/julie\\\/\"}]}<\/script>\n<!-- \/ Yoast SEO plugin. -->","yoast_head_json":{"title":"docuteam - Aide pour d\u00e9finir les d\u00e9lais de conservation","description":"Quelques pistes et conseils pratiques pour les personnes devant fixer des d\u00e9lais de conservation.","robots":{"index":"index","follow":"follow","max-snippet":"max-snippet:-1","max-image-preview":"max-image-preview:large","max-video-preview":"max-video-preview:-1"},"canonical":"https:\/\/www.docuteam.ch\/en\/aufbewahrungsfristen-festlegen-muessen-duerfen-sollen-wollen-2\/","og_locale":"en_US","og_type":"article","og_title":"docuteam - Aide pour d\u00e9finir les d\u00e9lais de conservation","og_description":"Quelques pistes et conseils pratiques pour les personnes devant fixer des d\u00e9lais de conservation.","og_url":"https:\/\/www.docuteam.ch\/en\/aufbewahrungsfristen-festlegen-muessen-duerfen-sollen-wollen-2\/","og_site_name":"docuteam","article_published_time":"2022-01-24T13:21:38+00:00","article_modified_time":"2025-02-18T14:17:35+00:00","og_image":[{"width":675,"height":450,"url":"https:\/\/www.docuteam.ch\/wp-content\/uploads\/2022\/01\/DelaiConservation.jpg","type":"image\/jpeg"}],"author":"Julie Baumberger","twitter_card":"summary_large_image","twitter_title":"docuteam - Aide pour d\u00e9finir les d\u00e9lais de conservation","twitter_description":"Quelques pistes et conseils pratiques pour les personnes devant fixer des d\u00e9lais de conservation.","twitter_image":"https:\/\/www.docuteam.ch\/wp-content\/uploads\/2022\/01\/DelaiConservation.jpg","twitter_creator":"@DocuteamCH","twitter_site":"@DocuteamCH","schema":{"@context":"https:\/\/schema.org","@graph":[{"@type":"Article","@id":"https:\/\/www.docuteam.ch\/en\/aufbewahrungsfristen-festlegen-muessen-duerfen-sollen-wollen-2\/#article","isPartOf":{"@id":"https:\/\/www.docuteam.ch\/en\/aufbewahrungsfristen-festlegen-muessen-duerfen-sollen-wollen-2\/"},"author":{"name":"Julie Baumberger","@id":"https:\/\/www.docuteam.ch\/en\/#\/schema\/person\/d4f8bdbdf0c6af49ca07455bcf1b02ff"},"headline":"D\u00e9finir les d\u00e9lais de conservation : ce que l&#8217;on doit, peut, devrait, souhaite","datePublished":"2022-01-24T13:21:38+00:00","dateModified":"2025-02-18T14:17:35+00:00","mainEntityOfPage":{"@id":"https:\/\/www.docuteam.ch\/en\/aufbewahrungsfristen-festlegen-muessen-duerfen-sollen-wollen-2\/"},"wordCount":709,"commentCount":0,"publisher":{"@id":"https:\/\/www.docuteam.ch\/en\/#organization"},"articleSection":["Archives management","Records management"],"inLanguage":"en-US","potentialAction":[{"@type":"CommentAction","name":"Comment","target":["https:\/\/www.docuteam.ch\/en\/aufbewahrungsfristen-festlegen-muessen-duerfen-sollen-wollen-2\/#respond"]}]},{"@type":"WebPage","@id":"https:\/\/www.docuteam.ch\/en\/aufbewahrungsfristen-festlegen-muessen-duerfen-sollen-wollen-2\/","url":"https:\/\/www.docuteam.ch\/en\/aufbewahrungsfristen-festlegen-muessen-duerfen-sollen-wollen-2\/","name":"docuteam - Aide pour d\u00e9finir les d\u00e9lais de conservation","isPartOf":{"@id":"https:\/\/www.docuteam.ch\/en\/#website"},"datePublished":"2022-01-24T13:21:38+00:00","dateModified":"2025-02-18T14:17:35+00:00","description":"Quelques pistes et conseils pratiques pour les personnes devant fixer des d\u00e9lais de conservation.","breadcrumb":{"@id":"https:\/\/www.docuteam.ch\/en\/aufbewahrungsfristen-festlegen-muessen-duerfen-sollen-wollen-2\/#breadcrumb"},"inLanguage":"en-US","potentialAction":[{"@type":"ReadAction","target":["https:\/\/www.docuteam.ch\/en\/aufbewahrungsfristen-festlegen-muessen-duerfen-sollen-wollen-2\/"]}]},{"@type":"BreadcrumbList","@id":"https:\/\/www.docuteam.ch\/en\/aufbewahrungsfristen-festlegen-muessen-duerfen-sollen-wollen-2\/#breadcrumb","itemListElement":[{"@type":"ListItem","position":1,"name":"Accueil","item":"https:\/\/www.docuteam.ch\/en\/"},{"@type":"ListItem","position":2,"name":"D\u00e9finir les d\u00e9lais de conservation : ce que l&#8217;on doit, peut, devrait, souhaite"}]},{"@type":"WebSite","@id":"https:\/\/www.docuteam.ch\/en\/#website","url":"https:\/\/www.docuteam.ch\/en\/","name":"docuteam","description":"Informationen sind Ihr langfristiges Kapital","publisher":{"@id":"https:\/\/www.docuteam.ch\/en\/#organization"},"potentialAction":[{"@type":"SearchAction","target":{"@type":"EntryPoint","urlTemplate":"https:\/\/www.docuteam.ch\/en\/?s={search_term_string}"},"query-input":{"@type":"PropertyValueSpecification","valueRequired":true,"valueName":"search_term_string"}}],"inLanguage":"en-US"},{"@type":"Organization","@id":"https:\/\/www.docuteam.ch\/en\/#organization","name":"docuteam","url":"https:\/\/www.docuteam.ch\/en\/","logo":{"@type":"ImageObject","inLanguage":"en-US","@id":"https:\/\/www.docuteam.ch\/en\/#\/schema\/logo\/image\/","url":"https:\/\/www.docuteam.ch\/wp-content\/uploads\/2021\/03\/docuteam_big.png","contentUrl":"https:\/\/www.docuteam.ch\/wp-content\/uploads\/2021\/03\/docuteam_big.png","width":200,"height":45,"caption":"docuteam"},"image":{"@id":"https:\/\/www.docuteam.ch\/en\/#\/schema\/logo\/image\/"},"sameAs":["https:\/\/x.com\/DocuteamCH","https:\/\/www.linkedin.com\/company\/docuteam-ag\/mycompany\/"]},{"@type":"Person","@id":"https:\/\/www.docuteam.ch\/en\/#\/schema\/person\/d4f8bdbdf0c6af49ca07455bcf1b02ff","name":"Julie Baumberger","image":{"@type":"ImageObject","inLanguage":"en-US","@id":"https:\/\/secure.gravatar.com\/avatar\/dec439982d586cb460b3a04a83a48877770ea3fa74f35ef84475a5996eeb88e5?s=96&d=mm&r=g","url":"https:\/\/secure.gravatar.com\/avatar\/dec439982d586cb460b3a04a83a48877770ea3fa74f35ef84475a5996eeb88e5?s=96&d=mm&r=g","contentUrl":"https:\/\/secure.gravatar.com\/avatar\/dec439982d586cb460b3a04a83a48877770ea3fa74f35ef84475a5996eeb88e5?s=96&d=mm&r=g","caption":"Julie Baumberger"},"url":"https:\/\/www.docuteam.ch\/en\/author\/julie\/"}]}},"_links":{"self":[{"href":"https:\/\/www.docuteam.ch\/en\/wp-json\/wp\/v2\/posts\/55736","targetHints":{"allow":["GET"]}}],"collection":[{"href":"https:\/\/www.docuteam.ch\/en\/wp-json\/wp\/v2\/posts"}],"about":[{"href":"https:\/\/www.docuteam.ch\/en\/wp-json\/wp\/v2\/types\/post"}],"author":[{"embeddable":true,"href":"https:\/\/www.docuteam.ch\/en\/wp-json\/wp\/v2\/users\/2"}],"replies":[{"embeddable":true,"href":"https:\/\/www.docuteam.ch\/en\/wp-json\/wp\/v2\/comments?post=55736"}],"version-history":[{"count":1,"href":"https:\/\/www.docuteam.ch\/en\/wp-json\/wp\/v2\/posts\/55736\/revisions"}],"predecessor-version":[{"id":55737,"href":"https:\/\/www.docuteam.ch\/en\/wp-json\/wp\/v2\/posts\/55736\/revisions\/55737"}],"wp:attachment":[{"href":"https:\/\/www.docuteam.ch\/en\/wp-json\/wp\/v2\/media?parent=55736"}],"wp:term":[{"taxonomy":"category","embeddable":true,"href":"https:\/\/www.docuteam.ch\/en\/wp-json\/wp\/v2\/categories?post=55736"},{"taxonomy":"post_tag","embeddable":true,"href":"https:\/\/www.docuteam.ch\/en\/wp-json\/wp\/v2\/tags?post=55736"},{"taxonomy":"post_series","embeddable":true,"href":"https:\/\/www.docuteam.ch\/en\/wp-json\/wp\/v2\/post_series?post=55736"}],"curies":[{"name":"wp","href":"https:\/\/api.w.org\/{rel}","templated":true}]}}