{"id":53214,"date":"2023-08-22T09:09:57","date_gmt":"2023-08-22T07:09:57","guid":{"rendered":"https:\/\/www.docuteam.ch\/?p=53214"},"modified":"2024-05-29T17:54:13","modified_gmt":"2024-05-29T15:54:13","slug":"cheffex-projet-ou-informaticiennex-archivage-numerique","status":"publish","type":"post","link":"https:\/\/www.docuteam.ch\/fr\/cheffex-projet-ou-informaticiennex-archivage-numerique\/","title":{"rendered":"Chef\u00b7fe\u00b7x de projet ou informaticien\u00b7ne\u00b7x archivage num\u00e9rique"},"content":{"rendered":"<p>Notre \u00e9quipe informatique est \u00e0 la recherche de renforts pour travailler sur les projets de nos clients et sur l\u2019exploitation, la maintenance et le d\u00e9veloppement de notre plateforme.<\/p>\n<p>Consulter l&rsquo;annonce : <a href=\"https:\/\/www.docuteam.ch\/wp-content\/uploads\/2023\/08\/docuteam_Chef-de-projet-archivage-numerique_fr_20230822.pdf\">docuteam_Chef-de-projet-archivage-num\u00e9rique_fr_20230822<\/a><\/p>\n<p>Envoyez votre dossier de candidature en un seul PDF \u00e0 <a href=\"mailto:administration@docuteam.ch\">administration@docuteam.ch<\/a> (objet : Chef\u00b7fe\u00b7x de projet ou informaticien\u00b7ne\u00b7x archivage num\u00e9rique).<\/p>\n<p>Pour plus d\u2019informations, vous pouvez vous adresser \u00e0 <a href=\"https:\/\/www.docuteam.ch\/fr\/staff-member\/raphael-barman\/\" target=\"_blank\" rel=\"noopener\">Rapha\u00ebl Barman<\/a> (<a href=\"mailto:r.barman@docuteam.ch\">r.barman@docuteam.ch<\/a>), membre de l\u2019\u00e9quipe informatique \u00e0 Yverdon-les-Bains.<\/p>\n","protected":false},"excerpt":{"rendered":"<p>Notre \u00e9quipe informatique est \u00e0 la recherche de renforts pour travailler sur les projets de nos clients et sur l\u2019exploitation, la maintenance et le d\u00e9veloppement de notre plateforme. Consulter l&rsquo;annonce : docuteam_Chef-de-projet-archivage-num\u00e9rique_fr_20230822 Envoyez votre dossier de candidature en un seul PDF \u00e0 administration@docuteam.ch (objet : Chef\u00b7fe\u00b7x de projet ou informaticien\u00b7ne\u00b7x archivage num\u00e9rique). Pour plus d\u2019informations,&hellip;<\/p>\n","protected":false},"author":3,"featured_media":0,"comment_status":"open","ping_status":"open","sticky":false,"template":"","format":"standard","meta":{"footnotes":""},"categories":[61],"tags":[],"post_series":[],"class_list":["post-53214","post","type-post","status-publish","format-standard","hentry","category-archivage-electronique","entry","no-media"],"yoast_head":"<!-- This site is optimized with the Yoast SEO plugin v27.5 - https:\/\/yoast.com\/product\/yoast-seo-wordpress\/ -->\n<title>docuteam - Chef\u00b7fe\u00b7x de projet ou informaticien\u00b7ne\u00b7x archivage num\u00e9rique<\/title>\n<meta name=\"description\" content=\"Notre \u00e9quipe informatique est \u00e0 la recherche de renforts pour travailler sur les projets de nos clients et sur l\u2019exploitation, la maintenance et le d\u00e9veloppement de notre plateforme.\" \/>\n<meta name=\"robots\" content=\"index, follow, max-snippet:-1, max-image-preview:large, max-video-preview:-1\" \/>\n<link rel=\"canonical\" href=\"https:\/\/www.docuteam.ch\/fr\/cheffex-projet-ou-informaticiennex-archivage-numerique\/\" \/>\n<meta property=\"og:locale\" content=\"fr_FR\" \/>\n<meta property=\"og:type\" content=\"article\" \/>\n<meta property=\"og:title\" content=\"docuteam - Chef\u00b7fe\u00b7x de projet ou informaticien\u00b7ne\u00b7x archivage num\u00e9rique\" \/>\n<meta property=\"og:description\" content=\"Notre \u00e9quipe informatique est \u00e0 la recherche de renforts pour travailler sur les projets de nos clients et sur l\u2019exploitation, la maintenance et le d\u00e9veloppement de notre plateforme.\" \/>\n<meta property=\"og:url\" content=\"https:\/\/www.docuteam.ch\/fr\/cheffex-projet-ou-informaticiennex-archivage-numerique\/\" \/>\n<meta property=\"og:site_name\" content=\"docuteam\" \/>\n<meta property=\"article:published_time\" content=\"2023-08-22T07:09:57+00:00\" \/>\n<meta property=\"article:modified_time\" content=\"2024-05-29T15:54:13+00:00\" \/>\n<meta property=\"og:image\" content=\"https:\/\/www.docuteam.ch\/wp-content\/uploads\/2021\/04\/docuteam_ueberuns_UltraHD-scaled.jpg\" \/>\n\t<meta property=\"og:image:width\" content=\"2560\" \/>\n\t<meta property=\"og:image:height\" content=\"1440\" \/>\n\t<meta property=\"og:image:type\" content=\"image\/jpeg\" \/>\n<meta name=\"author\" content=\"Andreas Steigmeier\" \/>\n<meta name=\"twitter:card\" content=\"summary_large_image\" \/>\n<meta name=\"twitter:creator\" content=\"@DocuteamCH\" \/>\n<meta name=\"twitter:site\" content=\"@DocuteamCH\" \/>\n<script type=\"application\/ld+json\" class=\"yoast-schema-graph\">{\"@context\":\"https:\\\/\\\/schema.org\",\"@graph\":[{\"@type\":\"Article\",\"@id\":\"https:\\\/\\\/www.docuteam.ch\\\/fr\\\/cheffex-projet-ou-informaticiennex-archivage-numerique\\\/#article\",\"isPartOf\":{\"@id\":\"https:\\\/\\\/www.docuteam.ch\\\/fr\\\/cheffex-projet-ou-informaticiennex-archivage-numerique\\\/\"},\"author\":{\"name\":\"Andreas Steigmeier\",\"@id\":\"https:\\\/\\\/www.docuteam.ch\\\/fr\\\/#\\\/schema\\\/person\\\/69ba3cba1dc89380ca20dc29a17f2b2d\"},\"headline\":\"Chef\u00b7fe\u00b7x de projet ou informaticien\u00b7ne\u00b7x archivage num\u00e9rique\",\"datePublished\":\"2023-08-22T07:09:57+00:00\",\"dateModified\":\"2024-05-29T15:54:13+00:00\",\"mainEntityOfPage\":{\"@id\":\"https:\\\/\\\/www.docuteam.ch\\\/fr\\\/cheffex-projet-ou-informaticiennex-archivage-numerique\\\/\"},\"wordCount\":94,\"commentCount\":0,\"publisher\":{\"@id\":\"https:\\\/\\\/www.docuteam.ch\\\/fr\\\/#organization\"},\"articleSection\":[\"Archivage \u00e9lectronique\"],\"inLanguage\":\"fr-FR\",\"potentialAction\":[{\"@type\":\"CommentAction\",\"name\":\"Comment\",\"target\":[\"https:\\\/\\\/www.docuteam.ch\\\/fr\\\/cheffex-projet-ou-informaticiennex-archivage-numerique\\\/#respond\"]}]},{\"@type\":\"WebPage\",\"@id\":\"https:\\\/\\\/www.docuteam.ch\\\/fr\\\/cheffex-projet-ou-informaticiennex-archivage-numerique\\\/\",\"url\":\"https:\\\/\\\/www.docuteam.ch\\\/fr\\\/cheffex-projet-ou-informaticiennex-archivage-numerique\\\/\",\"name\":\"docuteam - Chef\u00b7fe\u00b7x de projet ou informaticien\u00b7ne\u00b7x archivage num\u00e9rique\",\"isPartOf\":{\"@id\":\"https:\\\/\\\/www.docuteam.ch\\\/fr\\\/#website\"},\"datePublished\":\"2023-08-22T07:09:57+00:00\",\"dateModified\":\"2024-05-29T15:54:13+00:00\",\"description\":\"Notre \u00e9quipe informatique est \u00e0 la recherche de renforts pour travailler sur les projets de nos clients et sur l\u2019exploitation, la maintenance et le d\u00e9veloppement de notre plateforme.\",\"breadcrumb\":{\"@id\":\"https:\\\/\\\/www.docuteam.ch\\\/fr\\\/cheffex-projet-ou-informaticiennex-archivage-numerique\\\/#breadcrumb\"},\"inLanguage\":\"fr-FR\",\"potentialAction\":[{\"@type\":\"ReadAction\",\"target\":[\"https:\\\/\\\/www.docuteam.ch\\\/fr\\\/cheffex-projet-ou-informaticiennex-archivage-numerique\\\/\"]}]},{\"@type\":\"BreadcrumbList\",\"@id\":\"https:\\\/\\\/www.docuteam.ch\\\/fr\\\/cheffex-projet-ou-informaticiennex-archivage-numerique\\\/#breadcrumb\",\"itemListElement\":[{\"@type\":\"ListItem\",\"position\":1,\"name\":\"Accueil\",\"item\":\"https:\\\/\\\/www.docuteam.ch\\\/fr\\\/\"},{\"@type\":\"ListItem\",\"position\":2,\"name\":\"Chef\u00b7fe\u00b7x de projet ou informaticien\u00b7ne\u00b7x archivage num\u00e9rique\"}]},{\"@type\":\"WebSite\",\"@id\":\"https:\\\/\\\/www.docuteam.ch\\\/fr\\\/#website\",\"url\":\"https:\\\/\\\/www.docuteam.ch\\\/fr\\\/\",\"name\":\"docuteam\",\"description\":\"Informationen sind Ihr langfristiges Kapital\",\"publisher\":{\"@id\":\"https:\\\/\\\/www.docuteam.ch\\\/fr\\\/#organization\"},\"potentialAction\":[{\"@type\":\"SearchAction\",\"target\":{\"@type\":\"EntryPoint\",\"urlTemplate\":\"https:\\\/\\\/www.docuteam.ch\\\/fr\\\/?s={search_term_string}\"},\"query-input\":{\"@type\":\"PropertyValueSpecification\",\"valueRequired\":true,\"valueName\":\"search_term_string\"}}],\"inLanguage\":\"fr-FR\"},{\"@type\":\"Organization\",\"@id\":\"https:\\\/\\\/www.docuteam.ch\\\/fr\\\/#organization\",\"name\":\"docuteam\",\"url\":\"https:\\\/\\\/www.docuteam.ch\\\/fr\\\/\",\"logo\":{\"@type\":\"ImageObject\",\"inLanguage\":\"fr-FR\",\"@id\":\"https:\\\/\\\/www.docuteam.ch\\\/fr\\\/#\\\/schema\\\/logo\\\/image\\\/\",\"url\":\"https:\\\/\\\/www.docuteam.ch\\\/wp-content\\\/uploads\\\/2021\\\/03\\\/docuteam_big.png\",\"contentUrl\":\"https:\\\/\\\/www.docuteam.ch\\\/wp-content\\\/uploads\\\/2021\\\/03\\\/docuteam_big.png\",\"width\":200,\"height\":45,\"caption\":\"docuteam\"},\"image\":{\"@id\":\"https:\\\/\\\/www.docuteam.ch\\\/fr\\\/#\\\/schema\\\/logo\\\/image\\\/\"},\"sameAs\":[\"https:\\\/\\\/x.com\\\/DocuteamCH\",\"https:\\\/\\\/www.linkedin.com\\\/company\\\/docuteam-ag\\\/mycompany\\\/\"]},{\"@type\":\"Person\",\"@id\":\"https:\\\/\\\/www.docuteam.ch\\\/fr\\\/#\\\/schema\\\/person\\\/69ba3cba1dc89380ca20dc29a17f2b2d\",\"name\":\"Andreas Steigmeier\",\"image\":{\"@type\":\"ImageObject\",\"inLanguage\":\"fr-FR\",\"@id\":\"https:\\\/\\\/secure.gravatar.com\\\/avatar\\\/38cc08a5c7ced22dbfe6671ff7471a8aa49d407f539ec6ee1985fc0e36afc586?s=96&d=mm&r=g\",\"url\":\"https:\\\/\\\/secure.gravatar.com\\\/avatar\\\/38cc08a5c7ced22dbfe6671ff7471a8aa49d407f539ec6ee1985fc0e36afc586?s=96&d=mm&r=g\",\"contentUrl\":\"https:\\\/\\\/secure.gravatar.com\\\/avatar\\\/38cc08a5c7ced22dbfe6671ff7471a8aa49d407f539ec6ee1985fc0e36afc586?s=96&d=mm&r=g\",\"caption\":\"Andreas Steigmeier\"},\"url\":\"https:\\\/\\\/www.docuteam.ch\\\/fr\\\/author\\\/andreas\\\/\"}]}<\/script>\n<!-- \/ Yoast SEO plugin. -->","yoast_head_json":{"title":"docuteam - Chef\u00b7fe\u00b7x de projet ou informaticien\u00b7ne\u00b7x archivage num\u00e9rique","description":"Notre \u00e9quipe informatique est \u00e0 la recherche de renforts pour travailler sur les projets de nos clients et sur l\u2019exploitation, la maintenance et le d\u00e9veloppement de notre plateforme.","robots":{"index":"index","follow":"follow","max-snippet":"max-snippet:-1","max-image-preview":"max-image-preview:large","max-video-preview":"max-video-preview:-1"},"canonical":"https:\/\/www.docuteam.ch\/fr\/cheffex-projet-ou-informaticiennex-archivage-numerique\/","og_locale":"fr_FR","og_type":"article","og_title":"docuteam - Chef\u00b7fe\u00b7x de projet ou informaticien\u00b7ne\u00b7x archivage num\u00e9rique","og_description":"Notre \u00e9quipe informatique est \u00e0 la recherche de renforts pour travailler sur les projets de nos clients et sur l\u2019exploitation, la maintenance et le d\u00e9veloppement de notre plateforme.","og_url":"https:\/\/www.docuteam.ch\/fr\/cheffex-projet-ou-informaticiennex-archivage-numerique\/","og_site_name":"docuteam","article_published_time":"2023-08-22T07:09:57+00:00","article_modified_time":"2024-05-29T15:54:13+00:00","og_image":[{"width":2560,"height":1440,"url":"https:\/\/www.docuteam.ch\/wp-content\/uploads\/2021\/04\/docuteam_ueberuns_UltraHD-scaled.jpg","type":"image\/jpeg"}],"author":"Andreas Steigmeier","twitter_card":"summary_large_image","twitter_creator":"@DocuteamCH","twitter_site":"@DocuteamCH","schema":{"@context":"https:\/\/schema.org","@graph":[{"@type":"Article","@id":"https:\/\/www.docuteam.ch\/fr\/cheffex-projet-ou-informaticiennex-archivage-numerique\/#article","isPartOf":{"@id":"https:\/\/www.docuteam.ch\/fr\/cheffex-projet-ou-informaticiennex-archivage-numerique\/"},"author":{"name":"Andreas Steigmeier","@id":"https:\/\/www.docuteam.ch\/fr\/#\/schema\/person\/69ba3cba1dc89380ca20dc29a17f2b2d"},"headline":"Chef\u00b7fe\u00b7x de projet ou informaticien\u00b7ne\u00b7x archivage num\u00e9rique","datePublished":"2023-08-22T07:09:57+00:00","dateModified":"2024-05-29T15:54:13+00:00","mainEntityOfPage":{"@id":"https:\/\/www.docuteam.ch\/fr\/cheffex-projet-ou-informaticiennex-archivage-numerique\/"},"wordCount":94,"commentCount":0,"publisher":{"@id":"https:\/\/www.docuteam.ch\/fr\/#organization"},"articleSection":["Archivage \u00e9lectronique"],"inLanguage":"fr-FR","potentialAction":[{"@type":"CommentAction","name":"Comment","target":["https:\/\/www.docuteam.ch\/fr\/cheffex-projet-ou-informaticiennex-archivage-numerique\/#respond"]}]},{"@type":"WebPage","@id":"https:\/\/www.docuteam.ch\/fr\/cheffex-projet-ou-informaticiennex-archivage-numerique\/","url":"https:\/\/www.docuteam.ch\/fr\/cheffex-projet-ou-informaticiennex-archivage-numerique\/","name":"docuteam - Chef\u00b7fe\u00b7x de projet ou informaticien\u00b7ne\u00b7x archivage num\u00e9rique","isPartOf":{"@id":"https:\/\/www.docuteam.ch\/fr\/#website"},"datePublished":"2023-08-22T07:09:57+00:00","dateModified":"2024-05-29T15:54:13+00:00","description":"Notre \u00e9quipe informatique est \u00e0 la recherche de renforts pour travailler sur les projets de nos clients et sur l\u2019exploitation, la maintenance et le d\u00e9veloppement de notre plateforme.","breadcrumb":{"@id":"https:\/\/www.docuteam.ch\/fr\/cheffex-projet-ou-informaticiennex-archivage-numerique\/#breadcrumb"},"inLanguage":"fr-FR","potentialAction":[{"@type":"ReadAction","target":["https:\/\/www.docuteam.ch\/fr\/cheffex-projet-ou-informaticiennex-archivage-numerique\/"]}]},{"@type":"BreadcrumbList","@id":"https:\/\/www.docuteam.ch\/fr\/cheffex-projet-ou-informaticiennex-archivage-numerique\/#breadcrumb","itemListElement":[{"@type":"ListItem","position":1,"name":"Accueil","item":"https:\/\/www.docuteam.ch\/fr\/"},{"@type":"ListItem","position":2,"name":"Chef\u00b7fe\u00b7x de projet ou informaticien\u00b7ne\u00b7x archivage num\u00e9rique"}]},{"@type":"WebSite","@id":"https:\/\/www.docuteam.ch\/fr\/#website","url":"https:\/\/www.docuteam.ch\/fr\/","name":"docuteam","description":"Informationen sind Ihr langfristiges Kapital","publisher":{"@id":"https:\/\/www.docuteam.ch\/fr\/#organization"},"potentialAction":[{"@type":"SearchAction","target":{"@type":"EntryPoint","urlTemplate":"https:\/\/www.docuteam.ch\/fr\/?s={search_term_string}"},"query-input":{"@type":"PropertyValueSpecification","valueRequired":true,"valueName":"search_term_string"}}],"inLanguage":"fr-FR"},{"@type":"Organization","@id":"https:\/\/www.docuteam.ch\/fr\/#organization","name":"docuteam","url":"https:\/\/www.docuteam.ch\/fr\/","logo":{"@type":"ImageObject","inLanguage":"fr-FR","@id":"https:\/\/www.docuteam.ch\/fr\/#\/schema\/logo\/image\/","url":"https:\/\/www.docuteam.ch\/wp-content\/uploads\/2021\/03\/docuteam_big.png","contentUrl":"https:\/\/www.docuteam.ch\/wp-content\/uploads\/2021\/03\/docuteam_big.png","width":200,"height":45,"caption":"docuteam"},"image":{"@id":"https:\/\/www.docuteam.ch\/fr\/#\/schema\/logo\/image\/"},"sameAs":["https:\/\/x.com\/DocuteamCH","https:\/\/www.linkedin.com\/company\/docuteam-ag\/mycompany\/"]},{"@type":"Person","@id":"https:\/\/www.docuteam.ch\/fr\/#\/schema\/person\/69ba3cba1dc89380ca20dc29a17f2b2d","name":"Andreas Steigmeier","image":{"@type":"ImageObject","inLanguage":"fr-FR","@id":"https:\/\/secure.gravatar.com\/avatar\/38cc08a5c7ced22dbfe6671ff7471a8aa49d407f539ec6ee1985fc0e36afc586?s=96&d=mm&r=g","url":"https:\/\/secure.gravatar.com\/avatar\/38cc08a5c7ced22dbfe6671ff7471a8aa49d407f539ec6ee1985fc0e36afc586?s=96&d=mm&r=g","contentUrl":"https:\/\/secure.gravatar.com\/avatar\/38cc08a5c7ced22dbfe6671ff7471a8aa49d407f539ec6ee1985fc0e36afc586?s=96&d=mm&r=g","caption":"Andreas Steigmeier"},"url":"https:\/\/www.docuteam.ch\/fr\/author\/andreas\/"}]}},"_links":{"self":[{"href":"https:\/\/www.docuteam.ch\/fr\/wp-json\/wp\/v2\/posts\/53214","targetHints":{"allow":["GET"]}}],"collection":[{"href":"https:\/\/www.docuteam.ch\/fr\/wp-json\/wp\/v2\/posts"}],"about":[{"href":"https:\/\/www.docuteam.ch\/fr\/wp-json\/wp\/v2\/types\/post"}],"author":[{"embeddable":true,"href":"https:\/\/www.docuteam.ch\/fr\/wp-json\/wp\/v2\/users\/3"}],"replies":[{"embeddable":true,"href":"https:\/\/www.docuteam.ch\/fr\/wp-json\/wp\/v2\/comments?post=53214"}],"version-history":[{"count":1,"href":"https:\/\/www.docuteam.ch\/fr\/wp-json\/wp\/v2\/posts\/53214\/revisions"}],"predecessor-version":[{"id":53221,"href":"https:\/\/www.docuteam.ch\/fr\/wp-json\/wp\/v2\/posts\/53214\/revisions\/53221"}],"wp:attachment":[{"href":"https:\/\/www.docuteam.ch\/fr\/wp-json\/wp\/v2\/media?parent=53214"}],"wp:term":[{"taxonomy":"category","embeddable":true,"href":"https:\/\/www.docuteam.ch\/fr\/wp-json\/wp\/v2\/categories?post=53214"},{"taxonomy":"post_tag","embeddable":true,"href":"https:\/\/www.docuteam.ch\/fr\/wp-json\/wp\/v2\/tags?post=53214"},{"taxonomy":"post_series","embeddable":true,"href":"https:\/\/www.docuteam.ch\/fr\/wp-json\/wp\/v2\/post_series?post=53214"}],"curies":[{"name":"wp","href":"https:\/\/api.w.org\/{rel}","templated":true}]}}