{"id":53849,"date":"2024-06-11T13:34:11","date_gmt":"2024-06-11T11:34:11","guid":{"rendered":"https:\/\/www.docuteam.ch\/?p=53849"},"modified":"2025-02-18T16:11:49","modified_gmt":"2025-02-18T14:11:49","slug":"53849","status":"publish","type":"post","link":"https:\/\/www.docuteam.ch\/fr\/53849\/","title":{"rendered":"Le Service intercommunal d&rsquo;archivage (SIAr) \u00e0 la t\u00e9l\u00e9vision"},"content":{"rendered":"<p>\u00c0 l\u2019occasion des 15 ans du Service intercommunal d\u2019archivage (<a href=\"https:\/\/www.siar.ch\/\" target=\"_blank\" rel=\"noopener\">SIAr<\/a>) pour les communes neuch\u00e2teloises g\u00e9r\u00e9 par docuteam, la t\u00e9l\u00e9vision r\u00e9gionale Canal Alpha est venue filmer nos activit\u00e9s archivistiques \u00e0 la Commune de Saint-Blaise.<\/p>\n<p>Le r\u00e9sultat est \u00e0 voir\/\u00e9couter dans le journal du 9 juin 2024 : <a href=\"https:\/\/www.canalalpha.ch\/play\/le-journal\/topic\/34190\/un-systeme-darchivage-intercommunal-fete-ses-15-ans\">Un syst\u00e8me d\u2019archivage intercommunal f\u00eate ses 15 ans<\/a><\/p>\n<p><img loading=\"lazy\" decoding=\"async\" class=\"size-medium wp-image-53853 alignleft\" src=\"https:\/\/www.docuteam.ch\/wp-content\/uploads\/2024\/06\/IMG_CanalAlpha-Ke_20240607_Ke-225x300.jpg\" alt=\"\" width=\"225\" height=\"300\" srcset=\"https:\/\/www.docuteam.ch\/wp-content\/uploads\/2024\/06\/IMG_CanalAlpha-Ke_20240607_Ke-225x300.jpg 225w, https:\/\/www.docuteam.ch\/wp-content\/uploads\/2024\/06\/IMG_CanalAlpha-Ke_20240607_Ke.jpg 600w\" sizes=\"auto, (max-width: 225px) 100vw, 225px\" \/><img loading=\"lazy\" decoding=\"async\" class=\"alignnone size-medium wp-image-53850\" src=\"https:\/\/www.docuteam.ch\/wp-content\/uploads\/2024\/06\/IMG_CanalAlpha_20240607_Ke-300x225.jpg\" alt=\"\" width=\"300\" height=\"225\" srcset=\"https:\/\/www.docuteam.ch\/wp-content\/uploads\/2024\/06\/IMG_CanalAlpha_20240607_Ke-300x225.jpg 300w, https:\/\/www.docuteam.ch\/wp-content\/uploads\/2024\/06\/IMG_CanalAlpha_20240607_Ke-768x576.jpg 768w, https:\/\/www.docuteam.ch\/wp-content\/uploads\/2024\/06\/IMG_CanalAlpha_20240607_Ke.jpg 800w\" sizes=\"auto, (max-width: 300px) 100vw, 300px\" \/><\/p>\n","protected":false},"excerpt":{"rendered":"<p>\u00c0 l\u2019occasion des 15 ans du Service intercommunal d\u2019archivage (SIAr) pour les communes neuch\u00e2teloises g\u00e9r\u00e9 par docuteam, la t\u00e9l\u00e9vision r\u00e9gionale Canal Alpha est venue filmer nos activit\u00e9s archivistiques \u00e0 la Commune de Saint-Blaise. Le r\u00e9sultat est \u00e0 voir\/\u00e9couter dans le journal du 9 juin 2024 : Un syst\u00e8me d\u2019archivage intercommunal f\u00eate ses 15 ans<\/p>\n","protected":false},"author":3,"featured_media":0,"comment_status":"open","ping_status":"open","sticky":false,"template":"","format":"standard","meta":{"footnotes":""},"categories":[62,60],"tags":[],"post_series":[],"class_list":["post-53849","post","type-post","status-publish","format-standard","hentry","category-actualites","category-gestion-darchives","entry","no-media"],"yoast_head":"<!-- This site is optimized with the Yoast SEO plugin v27.5 - https:\/\/yoast.com\/product\/yoast-seo-wordpress\/ -->\n<title>docuteam - Le Service intercommunal d&#039;archivage (SIAr) \u00e0 la t\u00e9l\u00e9vision<\/title>\n<meta name=\"robots\" content=\"index, follow, max-snippet:-1, max-image-preview:large, max-video-preview:-1\" \/>\n<link rel=\"canonical\" href=\"https:\/\/www.docuteam.ch\/fr\/53849\/\" \/>\n<meta property=\"og:locale\" content=\"fr_FR\" \/>\n<meta property=\"og:type\" content=\"article\" \/>\n<meta property=\"og:title\" content=\"docuteam - Le Service intercommunal d&#039;archivage (SIAr) \u00e0 la t\u00e9l\u00e9vision\" \/>\n<meta property=\"og:description\" content=\"\u00c0 l\u2019occasion des 15 ans du Service intercommunal d\u2019archivage (SIAr) pour les communes neuch\u00e2teloises g\u00e9r\u00e9 par docuteam, la t\u00e9l\u00e9vision r\u00e9gionale Canal Alpha est venue filmer nos activit\u00e9s archivistiques \u00e0 la Commune de Saint-Blaise. Le r\u00e9sultat est \u00e0 voir\/\u00e9couter dans le journal du 9 juin 2024 : Un syst\u00e8me d\u2019archivage intercommunal f\u00eate ses 15 ans\" \/>\n<meta property=\"og:url\" content=\"https:\/\/www.docuteam.ch\/fr\/53849\/\" \/>\n<meta property=\"og:site_name\" content=\"docuteam\" \/>\n<meta property=\"article:published_time\" content=\"2024-06-11T11:34:11+00:00\" \/>\n<meta property=\"article:modified_time\" content=\"2025-02-18T14:11:49+00:00\" \/>\n<meta property=\"og:image\" content=\"https:\/\/www.docuteam.ch\/wp-content\/uploads\/2024\/06\/IMG_CanalAlpha-Ke_20240607_Ke.jpg\" \/>\n\t<meta property=\"og:image:width\" content=\"600\" \/>\n\t<meta property=\"og:image:height\" content=\"800\" \/>\n\t<meta property=\"og:image:type\" content=\"image\/jpeg\" \/>\n<meta name=\"author\" content=\"Andreas Steigmeier\" \/>\n<meta name=\"twitter:card\" content=\"summary_large_image\" \/>\n<meta name=\"twitter:creator\" content=\"@DocuteamCH\" \/>\n<meta name=\"twitter:site\" content=\"@DocuteamCH\" \/>\n<script type=\"application\/ld+json\" class=\"yoast-schema-graph\">{\"@context\":\"https:\\\/\\\/schema.org\",\"@graph\":[{\"@type\":\"Article\",\"@id\":\"https:\\\/\\\/www.docuteam.ch\\\/fr\\\/53849\\\/#article\",\"isPartOf\":{\"@id\":\"https:\\\/\\\/www.docuteam.ch\\\/fr\\\/53849\\\/\"},\"author\":{\"name\":\"Andreas Steigmeier\",\"@id\":\"https:\\\/\\\/www.docuteam.ch\\\/fr\\\/#\\\/schema\\\/person\\\/69ba3cba1dc89380ca20dc29a17f2b2d\"},\"headline\":\"Le Service intercommunal d&rsquo;archivage (SIAr) \u00e0 la t\u00e9l\u00e9vision\",\"datePublished\":\"2024-06-11T11:34:11+00:00\",\"dateModified\":\"2025-02-18T14:11:49+00:00\",\"mainEntityOfPage\":{\"@id\":\"https:\\\/\\\/www.docuteam.ch\\\/fr\\\/53849\\\/\"},\"wordCount\":69,\"commentCount\":0,\"publisher\":{\"@id\":\"https:\\\/\\\/www.docuteam.ch\\\/fr\\\/#organization\"},\"image\":{\"@id\":\"https:\\\/\\\/www.docuteam.ch\\\/fr\\\/53849\\\/#primaryimage\"},\"thumbnailUrl\":\"https:\\\/\\\/www.docuteam.ch\\\/wp-content\\\/uploads\\\/2024\\\/06\\\/IMG_CanalAlpha-Ke_20240607_Ke-225x300.jpg\",\"articleSection\":[\"Actualit\u00e9s\",\"Gestion d'archives\"],\"inLanguage\":\"fr-FR\",\"potentialAction\":[{\"@type\":\"CommentAction\",\"name\":\"Comment\",\"target\":[\"https:\\\/\\\/www.docuteam.ch\\\/fr\\\/53849\\\/#respond\"]}]},{\"@type\":\"WebPage\",\"@id\":\"https:\\\/\\\/www.docuteam.ch\\\/fr\\\/53849\\\/\",\"url\":\"https:\\\/\\\/www.docuteam.ch\\\/fr\\\/53849\\\/\",\"name\":\"docuteam - Le Service intercommunal d'archivage (SIAr) \u00e0 la t\u00e9l\u00e9vision\",\"isPartOf\":{\"@id\":\"https:\\\/\\\/www.docuteam.ch\\\/fr\\\/#website\"},\"primaryImageOfPage\":{\"@id\":\"https:\\\/\\\/www.docuteam.ch\\\/fr\\\/53849\\\/#primaryimage\"},\"image\":{\"@id\":\"https:\\\/\\\/www.docuteam.ch\\\/fr\\\/53849\\\/#primaryimage\"},\"thumbnailUrl\":\"https:\\\/\\\/www.docuteam.ch\\\/wp-content\\\/uploads\\\/2024\\\/06\\\/IMG_CanalAlpha-Ke_20240607_Ke-225x300.jpg\",\"datePublished\":\"2024-06-11T11:34:11+00:00\",\"dateModified\":\"2025-02-18T14:11:49+00:00\",\"breadcrumb\":{\"@id\":\"https:\\\/\\\/www.docuteam.ch\\\/fr\\\/53849\\\/#breadcrumb\"},\"inLanguage\":\"fr-FR\",\"potentialAction\":[{\"@type\":\"ReadAction\",\"target\":[\"https:\\\/\\\/www.docuteam.ch\\\/fr\\\/53849\\\/\"]}]},{\"@type\":\"ImageObject\",\"inLanguage\":\"fr-FR\",\"@id\":\"https:\\\/\\\/www.docuteam.ch\\\/fr\\\/53849\\\/#primaryimage\",\"url\":\"https:\\\/\\\/www.docuteam.ch\\\/wp-content\\\/uploads\\\/2024\\\/06\\\/IMG_CanalAlpha-Ke_20240607_Ke-225x300.jpg\",\"contentUrl\":\"https:\\\/\\\/www.docuteam.ch\\\/wp-content\\\/uploads\\\/2024\\\/06\\\/IMG_CanalAlpha-Ke_20240607_Ke-225x300.jpg\"},{\"@type\":\"BreadcrumbList\",\"@id\":\"https:\\\/\\\/www.docuteam.ch\\\/fr\\\/53849\\\/#breadcrumb\",\"itemListElement\":[{\"@type\":\"ListItem\",\"position\":1,\"name\":\"Accueil\",\"item\":\"https:\\\/\\\/www.docuteam.ch\\\/fr\\\/\"},{\"@type\":\"ListItem\",\"position\":2,\"name\":\"Le Service intercommunal d&#8217;archivage (SIAr) \u00e0 la t\u00e9l\u00e9vision\"}]},{\"@type\":\"WebSite\",\"@id\":\"https:\\\/\\\/www.docuteam.ch\\\/fr\\\/#website\",\"url\":\"https:\\\/\\\/www.docuteam.ch\\\/fr\\\/\",\"name\":\"docuteam\",\"description\":\"Informationen sind Ihr langfristiges Kapital\",\"publisher\":{\"@id\":\"https:\\\/\\\/www.docuteam.ch\\\/fr\\\/#organization\"},\"potentialAction\":[{\"@type\":\"SearchAction\",\"target\":{\"@type\":\"EntryPoint\",\"urlTemplate\":\"https:\\\/\\\/www.docuteam.ch\\\/fr\\\/?s={search_term_string}\"},\"query-input\":{\"@type\":\"PropertyValueSpecification\",\"valueRequired\":true,\"valueName\":\"search_term_string\"}}],\"inLanguage\":\"fr-FR\"},{\"@type\":\"Organization\",\"@id\":\"https:\\\/\\\/www.docuteam.ch\\\/fr\\\/#organization\",\"name\":\"docuteam\",\"url\":\"https:\\\/\\\/www.docuteam.ch\\\/fr\\\/\",\"logo\":{\"@type\":\"ImageObject\",\"inLanguage\":\"fr-FR\",\"@id\":\"https:\\\/\\\/www.docuteam.ch\\\/fr\\\/#\\\/schema\\\/logo\\\/image\\\/\",\"url\":\"https:\\\/\\\/www.docuteam.ch\\\/wp-content\\\/uploads\\\/2021\\\/03\\\/docuteam_big.png\",\"contentUrl\":\"https:\\\/\\\/www.docuteam.ch\\\/wp-content\\\/uploads\\\/2021\\\/03\\\/docuteam_big.png\",\"width\":200,\"height\":45,\"caption\":\"docuteam\"},\"image\":{\"@id\":\"https:\\\/\\\/www.docuteam.ch\\\/fr\\\/#\\\/schema\\\/logo\\\/image\\\/\"},\"sameAs\":[\"https:\\\/\\\/x.com\\\/DocuteamCH\",\"https:\\\/\\\/www.linkedin.com\\\/company\\\/docuteam-ag\\\/mycompany\\\/\"]},{\"@type\":\"Person\",\"@id\":\"https:\\\/\\\/www.docuteam.ch\\\/fr\\\/#\\\/schema\\\/person\\\/69ba3cba1dc89380ca20dc29a17f2b2d\",\"name\":\"Andreas Steigmeier\",\"image\":{\"@type\":\"ImageObject\",\"inLanguage\":\"fr-FR\",\"@id\":\"https:\\\/\\\/secure.gravatar.com\\\/avatar\\\/38cc08a5c7ced22dbfe6671ff7471a8aa49d407f539ec6ee1985fc0e36afc586?s=96&d=mm&r=g\",\"url\":\"https:\\\/\\\/secure.gravatar.com\\\/avatar\\\/38cc08a5c7ced22dbfe6671ff7471a8aa49d407f539ec6ee1985fc0e36afc586?s=96&d=mm&r=g\",\"contentUrl\":\"https:\\\/\\\/secure.gravatar.com\\\/avatar\\\/38cc08a5c7ced22dbfe6671ff7471a8aa49d407f539ec6ee1985fc0e36afc586?s=96&d=mm&r=g\",\"caption\":\"Andreas Steigmeier\"},\"url\":\"https:\\\/\\\/www.docuteam.ch\\\/fr\\\/author\\\/andreas\\\/\"}]}<\/script>\n<!-- \/ Yoast SEO plugin. -->","yoast_head_json":{"title":"docuteam - Le Service intercommunal d'archivage (SIAr) \u00e0 la t\u00e9l\u00e9vision","robots":{"index":"index","follow":"follow","max-snippet":"max-snippet:-1","max-image-preview":"max-image-preview:large","max-video-preview":"max-video-preview:-1"},"canonical":"https:\/\/www.docuteam.ch\/fr\/53849\/","og_locale":"fr_FR","og_type":"article","og_title":"docuteam - Le Service intercommunal d'archivage (SIAr) \u00e0 la t\u00e9l\u00e9vision","og_description":"\u00c0 l\u2019occasion des 15 ans du Service intercommunal d\u2019archivage (SIAr) pour les communes neuch\u00e2teloises g\u00e9r\u00e9 par docuteam, la t\u00e9l\u00e9vision r\u00e9gionale Canal Alpha est venue filmer nos activit\u00e9s archivistiques \u00e0 la Commune de Saint-Blaise. Le r\u00e9sultat est \u00e0 voir\/\u00e9couter dans le journal du 9 juin 2024 : Un syst\u00e8me d\u2019archivage intercommunal f\u00eate ses 15 ans","og_url":"https:\/\/www.docuteam.ch\/fr\/53849\/","og_site_name":"docuteam","article_published_time":"2024-06-11T11:34:11+00:00","article_modified_time":"2025-02-18T14:11:49+00:00","og_image":[{"width":600,"height":800,"url":"https:\/\/www.docuteam.ch\/wp-content\/uploads\/2024\/06\/IMG_CanalAlpha-Ke_20240607_Ke.jpg","type":"image\/jpeg"}],"author":"Andreas Steigmeier","twitter_card":"summary_large_image","twitter_creator":"@DocuteamCH","twitter_site":"@DocuteamCH","schema":{"@context":"https:\/\/schema.org","@graph":[{"@type":"Article","@id":"https:\/\/www.docuteam.ch\/fr\/53849\/#article","isPartOf":{"@id":"https:\/\/www.docuteam.ch\/fr\/53849\/"},"author":{"name":"Andreas Steigmeier","@id":"https:\/\/www.docuteam.ch\/fr\/#\/schema\/person\/69ba3cba1dc89380ca20dc29a17f2b2d"},"headline":"Le Service intercommunal d&rsquo;archivage (SIAr) \u00e0 la t\u00e9l\u00e9vision","datePublished":"2024-06-11T11:34:11+00:00","dateModified":"2025-02-18T14:11:49+00:00","mainEntityOfPage":{"@id":"https:\/\/www.docuteam.ch\/fr\/53849\/"},"wordCount":69,"commentCount":0,"publisher":{"@id":"https:\/\/www.docuteam.ch\/fr\/#organization"},"image":{"@id":"https:\/\/www.docuteam.ch\/fr\/53849\/#primaryimage"},"thumbnailUrl":"https:\/\/www.docuteam.ch\/wp-content\/uploads\/2024\/06\/IMG_CanalAlpha-Ke_20240607_Ke-225x300.jpg","articleSection":["Actualit\u00e9s","Gestion d'archives"],"inLanguage":"fr-FR","potentialAction":[{"@type":"CommentAction","name":"Comment","target":["https:\/\/www.docuteam.ch\/fr\/53849\/#respond"]}]},{"@type":"WebPage","@id":"https:\/\/www.docuteam.ch\/fr\/53849\/","url":"https:\/\/www.docuteam.ch\/fr\/53849\/","name":"docuteam - Le Service intercommunal d'archivage (SIAr) \u00e0 la t\u00e9l\u00e9vision","isPartOf":{"@id":"https:\/\/www.docuteam.ch\/fr\/#website"},"primaryImageOfPage":{"@id":"https:\/\/www.docuteam.ch\/fr\/53849\/#primaryimage"},"image":{"@id":"https:\/\/www.docuteam.ch\/fr\/53849\/#primaryimage"},"thumbnailUrl":"https:\/\/www.docuteam.ch\/wp-content\/uploads\/2024\/06\/IMG_CanalAlpha-Ke_20240607_Ke-225x300.jpg","datePublished":"2024-06-11T11:34:11+00:00","dateModified":"2025-02-18T14:11:49+00:00","breadcrumb":{"@id":"https:\/\/www.docuteam.ch\/fr\/53849\/#breadcrumb"},"inLanguage":"fr-FR","potentialAction":[{"@type":"ReadAction","target":["https:\/\/www.docuteam.ch\/fr\/53849\/"]}]},{"@type":"ImageObject","inLanguage":"fr-FR","@id":"https:\/\/www.docuteam.ch\/fr\/53849\/#primaryimage","url":"https:\/\/www.docuteam.ch\/wp-content\/uploads\/2024\/06\/IMG_CanalAlpha-Ke_20240607_Ke-225x300.jpg","contentUrl":"https:\/\/www.docuteam.ch\/wp-content\/uploads\/2024\/06\/IMG_CanalAlpha-Ke_20240607_Ke-225x300.jpg"},{"@type":"BreadcrumbList","@id":"https:\/\/www.docuteam.ch\/fr\/53849\/#breadcrumb","itemListElement":[{"@type":"ListItem","position":1,"name":"Accueil","item":"https:\/\/www.docuteam.ch\/fr\/"},{"@type":"ListItem","position":2,"name":"Le Service intercommunal d&#8217;archivage (SIAr) \u00e0 la t\u00e9l\u00e9vision"}]},{"@type":"WebSite","@id":"https:\/\/www.docuteam.ch\/fr\/#website","url":"https:\/\/www.docuteam.ch\/fr\/","name":"docuteam","description":"Informationen sind Ihr langfristiges Kapital","publisher":{"@id":"https:\/\/www.docuteam.ch\/fr\/#organization"},"potentialAction":[{"@type":"SearchAction","target":{"@type":"EntryPoint","urlTemplate":"https:\/\/www.docuteam.ch\/fr\/?s={search_term_string}"},"query-input":{"@type":"PropertyValueSpecification","valueRequired":true,"valueName":"search_term_string"}}],"inLanguage":"fr-FR"},{"@type":"Organization","@id":"https:\/\/www.docuteam.ch\/fr\/#organization","name":"docuteam","url":"https:\/\/www.docuteam.ch\/fr\/","logo":{"@type":"ImageObject","inLanguage":"fr-FR","@id":"https:\/\/www.docuteam.ch\/fr\/#\/schema\/logo\/image\/","url":"https:\/\/www.docuteam.ch\/wp-content\/uploads\/2021\/03\/docuteam_big.png","contentUrl":"https:\/\/www.docuteam.ch\/wp-content\/uploads\/2021\/03\/docuteam_big.png","width":200,"height":45,"caption":"docuteam"},"image":{"@id":"https:\/\/www.docuteam.ch\/fr\/#\/schema\/logo\/image\/"},"sameAs":["https:\/\/x.com\/DocuteamCH","https:\/\/www.linkedin.com\/company\/docuteam-ag\/mycompany\/"]},{"@type":"Person","@id":"https:\/\/www.docuteam.ch\/fr\/#\/schema\/person\/69ba3cba1dc89380ca20dc29a17f2b2d","name":"Andreas Steigmeier","image":{"@type":"ImageObject","inLanguage":"fr-FR","@id":"https:\/\/secure.gravatar.com\/avatar\/38cc08a5c7ced22dbfe6671ff7471a8aa49d407f539ec6ee1985fc0e36afc586?s=96&d=mm&r=g","url":"https:\/\/secure.gravatar.com\/avatar\/38cc08a5c7ced22dbfe6671ff7471a8aa49d407f539ec6ee1985fc0e36afc586?s=96&d=mm&r=g","contentUrl":"https:\/\/secure.gravatar.com\/avatar\/38cc08a5c7ced22dbfe6671ff7471a8aa49d407f539ec6ee1985fc0e36afc586?s=96&d=mm&r=g","caption":"Andreas Steigmeier"},"url":"https:\/\/www.docuteam.ch\/fr\/author\/andreas\/"}]}},"_links":{"self":[{"href":"https:\/\/www.docuteam.ch\/fr\/wp-json\/wp\/v2\/posts\/53849","targetHints":{"allow":["GET"]}}],"collection":[{"href":"https:\/\/www.docuteam.ch\/fr\/wp-json\/wp\/v2\/posts"}],"about":[{"href":"https:\/\/www.docuteam.ch\/fr\/wp-json\/wp\/v2\/types\/post"}],"author":[{"embeddable":true,"href":"https:\/\/www.docuteam.ch\/fr\/wp-json\/wp\/v2\/users\/3"}],"replies":[{"embeddable":true,"href":"https:\/\/www.docuteam.ch\/fr\/wp-json\/wp\/v2\/comments?post=53849"}],"version-history":[{"count":5,"href":"https:\/\/www.docuteam.ch\/fr\/wp-json\/wp\/v2\/posts\/53849\/revisions"}],"predecessor-version":[{"id":55633,"href":"https:\/\/www.docuteam.ch\/fr\/wp-json\/wp\/v2\/posts\/53849\/revisions\/55633"}],"wp:attachment":[{"href":"https:\/\/www.docuteam.ch\/fr\/wp-json\/wp\/v2\/media?parent=53849"}],"wp:term":[{"taxonomy":"category","embeddable":true,"href":"https:\/\/www.docuteam.ch\/fr\/wp-json\/wp\/v2\/categories?post=53849"},{"taxonomy":"post_tag","embeddable":true,"href":"https:\/\/www.docuteam.ch\/fr\/wp-json\/wp\/v2\/tags?post=53849"},{"taxonomy":"post_series","embeddable":true,"href":"https:\/\/www.docuteam.ch\/fr\/wp-json\/wp\/v2\/post_series?post=53849"}],"curies":[{"name":"wp","href":"https:\/\/api.w.org\/{rel}","templated":true}]}}