{"id":6750,"date":"2019-07-29T00:38:07","date_gmt":"2019-07-28T22:38:07","guid":{"rendered":"https:\/\/www.docuteam.ch\/?p=6750"},"modified":"2025-02-18T16:06:48","modified_gmt":"2025-02-18T14:06:48","slug":"was-folgt-nach-der-einfuehrung-von-gever","status":"publish","type":"post","link":"https:\/\/www.docuteam.ch\/fr\/was-folgt-nach-der-einfuehrung-von-gever\/","title":{"rendered":"Was folgt nach der Einf\u00fchrung von GEVER?"},"content":{"rendered":"<p>Dar\u00fcber hat sich docuteam k\u00fcrzlich mit Kunden der letzten zwei Jahre ausgetauscht. Deren Antwort: Es braucht ein bis zwei Jahre, bis sich eine neue Kultur der digitalen Gesch\u00e4ftsverwaltung gefestigt hat. Doch danach \u2013 oder schon w\u00e4hrend dieser Zeitspanne: Es gibt viel zu tun, nennen wir es \u00abGEVER 2\u00bb.<img decoding=\"async\" class=\"mce-hs-more\" src=\"data:image\/gif;base64,R0lGODlhAQABAIAAAAAAAP\/\/\/yH5BAEAAAAALAAAAAABAAEAAAIBRAA7\" data-mce-placeholder=\"\" \/><\/p>\n<p>Erste Priorit\u00e4t hat die volle Ausnutzung der M\u00f6glichkeiten, die das GEVER-System bietet: mehr Dossiervorlagen, mehr gespeicherte Suchen, angepasste Reports, die die alten Excel-Listen ersetzen. Gewisse GEVER-Systeme haben Zusatzmodule, die jetzt zum Einsatz kommen: f\u00fcr die Verwaltung von Vertr\u00e4gen, f\u00fcr ein Beh\u00f6rdenverzeichnis, f\u00fcr einen teilweise automatisierten Posteingang.<\/p>\n<p>Ein Potenzial schlummert im Postversand. Viele Unterlagen aus Verwaltungen, erst recht Entscheidungen von Exekutiven, k\u00f6nnen nicht mit ungesicherter E-Mail versandt werden. Mit dem Ziel, den Anteil des digitalen Versands zu steigern, kommen Angebote in den Fokus, die einen vertraulichen digitalen Versand erlauben.<\/p>\n<p>Gewisse GEVER-Systeme bieten M\u00f6glichkeiten, mit Workflows oder Aktivit\u00e4ten wiederkehrende Abl\u00e4ufe zu standardisieren und gleichzeitig nachvollziehbar zu halten. In \u00f6ffentlichen Verwaltungen ist das Prozessmanagement noch unterentwickelt. Die Anwendung Interner Kontrollsysteme ist ein Anfang, aber die Effizienz und die Qualit\u00e4t von Standardabl\u00e4ufen k\u00f6nnen noch wesentlich gesteigert werden.<\/p>\n<p>In Zukunft werden vermehrt Fachanwendungen mit dem GEVER-System und seinem DMS verbunden. Das DMS \u00fcbernimmt die Steuerung der Lebensphasen und die Weitergabe der Unterlagen ans digitale Langzeitarchiv. F\u00fcr den Benutzer gilt: Die Oberfl\u00e4che seines geliebten Fachsystems bleibt seine Arbeitsumgebung, aber dahinter liegen die Dokumente im DMS und k\u00f6nnen mit dem GEVER-System auch zur Entscheidung in verschiedenen Gremien gebracht werden.<\/p>\n<p>Formulare auf dem Internet, die das Ergebnis per E-Mail liefern, von wo es abgetippt werden muss, sind von gestern. Anbindungen an kantonale Online-Schalter werden f\u00fcr Gemeinden an Wichtigkeit gewinnen. Die GEVER-Systeme m\u00fcssen Metadaten und Nutzdaten aus Online-Anwendungen, eigenen und solchen von Dritten, automatisiert aufnehmen k\u00f6nnen.<\/p>\n<p>F\u00fcr all das sind \u00f6ffentliche Verwaltungen genauso auf Beratungsdienstleistungen organisatorischer Art angewiesen, wie sie es bei der Einf\u00fchrung eines GEVER-Systems sind.<\/p>\n","protected":false},"excerpt":{"rendered":"<p>Dar\u00fcber hat sich docuteam k\u00fcrzlich mit Kunden der letzten zwei Jahre ausgetauscht. Deren Antwort: Es braucht ein bis zwei Jahre, bis sich eine neue Kultur der digitalen Gesch\u00e4ftsverwaltung gefestigt hat. Doch danach \u2013 oder schon w\u00e4hrend dieser Zeitspanne: Es gibt viel zu tun, nennen wir es \u00abGEVER 2\u00bb. Erste Priorit\u00e4t hat die volle Ausnutzung der&hellip;<\/p>\n","protected":false},"author":2,"featured_media":0,"comment_status":"open","ping_status":"open","sticky":false,"template":"","format":"standard","meta":{"footnotes":""},"categories":[60],"tags":[],"post_series":[],"class_list":["post-6750","post","type-post","status-publish","format-standard","hentry","category-gestion-darchives","entry","no-media"],"yoast_head":"<!-- This site is optimized with the Yoast SEO plugin v27.5 - https:\/\/yoast.com\/product\/yoast-seo-wordpress\/ -->\n<title>docuteam - Was folgt nach der Einf\u00fchrung von GEVER?<\/title>\n<meta name=\"robots\" content=\"index, follow, max-snippet:-1, max-image-preview:large, max-video-preview:-1\" \/>\n<link rel=\"canonical\" href=\"https:\/\/www.docuteam.ch\/fr\/was-folgt-nach-der-einfuehrung-von-gever\/\" \/>\n<meta property=\"og:locale\" content=\"fr_FR\" \/>\n<meta property=\"og:type\" content=\"article\" \/>\n<meta property=\"og:title\" content=\"docuteam - Was folgt nach der Einf\u00fchrung von GEVER?\" \/>\n<meta property=\"og:description\" content=\"Dar\u00fcber hat sich docuteam k\u00fcrzlich mit Kunden der letzten zwei Jahre ausgetauscht. Deren Antwort: Es braucht ein bis zwei Jahre, bis sich eine neue Kultur der digitalen Gesch\u00e4ftsverwaltung gefestigt hat. Doch danach \u2013 oder schon w\u00e4hrend dieser Zeitspanne: Es gibt viel zu tun, nennen wir es \u00abGEVER 2\u00bb. Erste Priorit\u00e4t hat die volle Ausnutzung der&hellip;\" \/>\n<meta property=\"og:url\" content=\"https:\/\/www.docuteam.ch\/fr\/was-folgt-nach-der-einfuehrung-von-gever\/\" \/>\n<meta property=\"og:site_name\" content=\"docuteam\" \/>\n<meta property=\"article:published_time\" content=\"2019-07-28T22:38:07+00:00\" \/>\n<meta property=\"article:modified_time\" content=\"2025-02-18T14:06:48+00:00\" \/>\n<meta property=\"og:image\" content=\"https:\/\/www.docuteam.ch\/wp-content\/uploads\/2021\/04\/docuteam_ueberuns_UltraHD-scaled.jpg\" \/>\n\t<meta property=\"og:image:width\" content=\"2560\" \/>\n\t<meta property=\"og:image:height\" content=\"1440\" \/>\n\t<meta property=\"og:image:type\" content=\"image\/jpeg\" \/>\n<meta name=\"author\" content=\"Julie Baumberger\" \/>\n<meta name=\"twitter:card\" content=\"summary_large_image\" \/>\n<meta name=\"twitter:creator\" content=\"@DocuteamCH\" \/>\n<meta name=\"twitter:site\" content=\"@DocuteamCH\" \/>\n<script type=\"application\/ld+json\" class=\"yoast-schema-graph\">{\"@context\":\"https:\\\/\\\/schema.org\",\"@graph\":[{\"@type\":\"Article\",\"@id\":\"https:\\\/\\\/www.docuteam.ch\\\/fr\\\/was-folgt-nach-der-einfuehrung-von-gever\\\/#article\",\"isPartOf\":{\"@id\":\"https:\\\/\\\/www.docuteam.ch\\\/fr\\\/was-folgt-nach-der-einfuehrung-von-gever\\\/\"},\"author\":{\"name\":\"Julie Baumberger\",\"@id\":\"https:\\\/\\\/www.docuteam.ch\\\/fr\\\/#\\\/schema\\\/person\\\/d4f8bdbdf0c6af49ca07455bcf1b02ff\"},\"headline\":\"Was folgt nach der Einf\u00fchrung von GEVER?\",\"datePublished\":\"2019-07-28T22:38:07+00:00\",\"dateModified\":\"2025-02-18T14:06:48+00:00\",\"mainEntityOfPage\":{\"@id\":\"https:\\\/\\\/www.docuteam.ch\\\/fr\\\/was-folgt-nach-der-einfuehrung-von-gever\\\/\"},\"wordCount\":338,\"commentCount\":0,\"publisher\":{\"@id\":\"https:\\\/\\\/www.docuteam.ch\\\/fr\\\/#organization\"},\"articleSection\":[\"Gestion d'archives\"],\"inLanguage\":\"fr-FR\",\"potentialAction\":[{\"@type\":\"CommentAction\",\"name\":\"Comment\",\"target\":[\"https:\\\/\\\/www.docuteam.ch\\\/fr\\\/was-folgt-nach-der-einfuehrung-von-gever\\\/#respond\"]}]},{\"@type\":\"WebPage\",\"@id\":\"https:\\\/\\\/www.docuteam.ch\\\/fr\\\/was-folgt-nach-der-einfuehrung-von-gever\\\/\",\"url\":\"https:\\\/\\\/www.docuteam.ch\\\/fr\\\/was-folgt-nach-der-einfuehrung-von-gever\\\/\",\"name\":\"docuteam - Was folgt nach der Einf\u00fchrung von GEVER?\",\"isPartOf\":{\"@id\":\"https:\\\/\\\/www.docuteam.ch\\\/fr\\\/#website\"},\"datePublished\":\"2019-07-28T22:38:07+00:00\",\"dateModified\":\"2025-02-18T14:06:48+00:00\",\"breadcrumb\":{\"@id\":\"https:\\\/\\\/www.docuteam.ch\\\/fr\\\/was-folgt-nach-der-einfuehrung-von-gever\\\/#breadcrumb\"},\"inLanguage\":\"fr-FR\",\"potentialAction\":[{\"@type\":\"ReadAction\",\"target\":[\"https:\\\/\\\/www.docuteam.ch\\\/fr\\\/was-folgt-nach-der-einfuehrung-von-gever\\\/\"]}]},{\"@type\":\"BreadcrumbList\",\"@id\":\"https:\\\/\\\/www.docuteam.ch\\\/fr\\\/was-folgt-nach-der-einfuehrung-von-gever\\\/#breadcrumb\",\"itemListElement\":[{\"@type\":\"ListItem\",\"position\":1,\"name\":\"Accueil\",\"item\":\"https:\\\/\\\/www.docuteam.ch\\\/fr\\\/\"},{\"@type\":\"ListItem\",\"position\":2,\"name\":\"Was folgt nach der Einf\u00fchrung von GEVER?\"}]},{\"@type\":\"WebSite\",\"@id\":\"https:\\\/\\\/www.docuteam.ch\\\/fr\\\/#website\",\"url\":\"https:\\\/\\\/www.docuteam.ch\\\/fr\\\/\",\"name\":\"docuteam\",\"description\":\"Informationen sind Ihr langfristiges Kapital\",\"publisher\":{\"@id\":\"https:\\\/\\\/www.docuteam.ch\\\/fr\\\/#organization\"},\"potentialAction\":[{\"@type\":\"SearchAction\",\"target\":{\"@type\":\"EntryPoint\",\"urlTemplate\":\"https:\\\/\\\/www.docuteam.ch\\\/fr\\\/?s={search_term_string}\"},\"query-input\":{\"@type\":\"PropertyValueSpecification\",\"valueRequired\":true,\"valueName\":\"search_term_string\"}}],\"inLanguage\":\"fr-FR\"},{\"@type\":\"Organization\",\"@id\":\"https:\\\/\\\/www.docuteam.ch\\\/fr\\\/#organization\",\"name\":\"docuteam\",\"url\":\"https:\\\/\\\/www.docuteam.ch\\\/fr\\\/\",\"logo\":{\"@type\":\"ImageObject\",\"inLanguage\":\"fr-FR\",\"@id\":\"https:\\\/\\\/www.docuteam.ch\\\/fr\\\/#\\\/schema\\\/logo\\\/image\\\/\",\"url\":\"https:\\\/\\\/www.docuteam.ch\\\/wp-content\\\/uploads\\\/2021\\\/03\\\/docuteam_big.png\",\"contentUrl\":\"https:\\\/\\\/www.docuteam.ch\\\/wp-content\\\/uploads\\\/2021\\\/03\\\/docuteam_big.png\",\"width\":200,\"height\":45,\"caption\":\"docuteam\"},\"image\":{\"@id\":\"https:\\\/\\\/www.docuteam.ch\\\/fr\\\/#\\\/schema\\\/logo\\\/image\\\/\"},\"sameAs\":[\"https:\\\/\\\/x.com\\\/DocuteamCH\",\"https:\\\/\\\/www.linkedin.com\\\/company\\\/docuteam-ag\\\/mycompany\\\/\"]},{\"@type\":\"Person\",\"@id\":\"https:\\\/\\\/www.docuteam.ch\\\/fr\\\/#\\\/schema\\\/person\\\/d4f8bdbdf0c6af49ca07455bcf1b02ff\",\"name\":\"Julie Baumberger\",\"image\":{\"@type\":\"ImageObject\",\"inLanguage\":\"fr-FR\",\"@id\":\"https:\\\/\\\/secure.gravatar.com\\\/avatar\\\/dec439982d586cb460b3a04a83a48877770ea3fa74f35ef84475a5996eeb88e5?s=96&d=mm&r=g\",\"url\":\"https:\\\/\\\/secure.gravatar.com\\\/avatar\\\/dec439982d586cb460b3a04a83a48877770ea3fa74f35ef84475a5996eeb88e5?s=96&d=mm&r=g\",\"contentUrl\":\"https:\\\/\\\/secure.gravatar.com\\\/avatar\\\/dec439982d586cb460b3a04a83a48877770ea3fa74f35ef84475a5996eeb88e5?s=96&d=mm&r=g\",\"caption\":\"Julie Baumberger\"},\"url\":\"https:\\\/\\\/www.docuteam.ch\\\/fr\\\/author\\\/julie\\\/\"}]}<\/script>\n<!-- \/ Yoast SEO plugin. -->","yoast_head_json":{"title":"docuteam - Was folgt nach der Einf\u00fchrung von GEVER?","robots":{"index":"index","follow":"follow","max-snippet":"max-snippet:-1","max-image-preview":"max-image-preview:large","max-video-preview":"max-video-preview:-1"},"canonical":"https:\/\/www.docuteam.ch\/fr\/was-folgt-nach-der-einfuehrung-von-gever\/","og_locale":"fr_FR","og_type":"article","og_title":"docuteam - Was folgt nach der Einf\u00fchrung von GEVER?","og_description":"Dar\u00fcber hat sich docuteam k\u00fcrzlich mit Kunden der letzten zwei Jahre ausgetauscht. Deren Antwort: Es braucht ein bis zwei Jahre, bis sich eine neue Kultur der digitalen Gesch\u00e4ftsverwaltung gefestigt hat. Doch danach \u2013 oder schon w\u00e4hrend dieser Zeitspanne: Es gibt viel zu tun, nennen wir es \u00abGEVER 2\u00bb. Erste Priorit\u00e4t hat die volle Ausnutzung der&hellip;","og_url":"https:\/\/www.docuteam.ch\/fr\/was-folgt-nach-der-einfuehrung-von-gever\/","og_site_name":"docuteam","article_published_time":"2019-07-28T22:38:07+00:00","article_modified_time":"2025-02-18T14:06:48+00:00","og_image":[{"width":2560,"height":1440,"url":"https:\/\/www.docuteam.ch\/wp-content\/uploads\/2021\/04\/docuteam_ueberuns_UltraHD-scaled.jpg","type":"image\/jpeg"}],"author":"Julie Baumberger","twitter_card":"summary_large_image","twitter_creator":"@DocuteamCH","twitter_site":"@DocuteamCH","schema":{"@context":"https:\/\/schema.org","@graph":[{"@type":"Article","@id":"https:\/\/www.docuteam.ch\/fr\/was-folgt-nach-der-einfuehrung-von-gever\/#article","isPartOf":{"@id":"https:\/\/www.docuteam.ch\/fr\/was-folgt-nach-der-einfuehrung-von-gever\/"},"author":{"name":"Julie Baumberger","@id":"https:\/\/www.docuteam.ch\/fr\/#\/schema\/person\/d4f8bdbdf0c6af49ca07455bcf1b02ff"},"headline":"Was folgt nach der Einf\u00fchrung von GEVER?","datePublished":"2019-07-28T22:38:07+00:00","dateModified":"2025-02-18T14:06:48+00:00","mainEntityOfPage":{"@id":"https:\/\/www.docuteam.ch\/fr\/was-folgt-nach-der-einfuehrung-von-gever\/"},"wordCount":338,"commentCount":0,"publisher":{"@id":"https:\/\/www.docuteam.ch\/fr\/#organization"},"articleSection":["Gestion d'archives"],"inLanguage":"fr-FR","potentialAction":[{"@type":"CommentAction","name":"Comment","target":["https:\/\/www.docuteam.ch\/fr\/was-folgt-nach-der-einfuehrung-von-gever\/#respond"]}]},{"@type":"WebPage","@id":"https:\/\/www.docuteam.ch\/fr\/was-folgt-nach-der-einfuehrung-von-gever\/","url":"https:\/\/www.docuteam.ch\/fr\/was-folgt-nach-der-einfuehrung-von-gever\/","name":"docuteam - Was folgt nach der Einf\u00fchrung von GEVER?","isPartOf":{"@id":"https:\/\/www.docuteam.ch\/fr\/#website"},"datePublished":"2019-07-28T22:38:07+00:00","dateModified":"2025-02-18T14:06:48+00:00","breadcrumb":{"@id":"https:\/\/www.docuteam.ch\/fr\/was-folgt-nach-der-einfuehrung-von-gever\/#breadcrumb"},"inLanguage":"fr-FR","potentialAction":[{"@type":"ReadAction","target":["https:\/\/www.docuteam.ch\/fr\/was-folgt-nach-der-einfuehrung-von-gever\/"]}]},{"@type":"BreadcrumbList","@id":"https:\/\/www.docuteam.ch\/fr\/was-folgt-nach-der-einfuehrung-von-gever\/#breadcrumb","itemListElement":[{"@type":"ListItem","position":1,"name":"Accueil","item":"https:\/\/www.docuteam.ch\/fr\/"},{"@type":"ListItem","position":2,"name":"Was folgt nach der Einf\u00fchrung von GEVER?"}]},{"@type":"WebSite","@id":"https:\/\/www.docuteam.ch\/fr\/#website","url":"https:\/\/www.docuteam.ch\/fr\/","name":"docuteam","description":"Informationen sind Ihr langfristiges Kapital","publisher":{"@id":"https:\/\/www.docuteam.ch\/fr\/#organization"},"potentialAction":[{"@type":"SearchAction","target":{"@type":"EntryPoint","urlTemplate":"https:\/\/www.docuteam.ch\/fr\/?s={search_term_string}"},"query-input":{"@type":"PropertyValueSpecification","valueRequired":true,"valueName":"search_term_string"}}],"inLanguage":"fr-FR"},{"@type":"Organization","@id":"https:\/\/www.docuteam.ch\/fr\/#organization","name":"docuteam","url":"https:\/\/www.docuteam.ch\/fr\/","logo":{"@type":"ImageObject","inLanguage":"fr-FR","@id":"https:\/\/www.docuteam.ch\/fr\/#\/schema\/logo\/image\/","url":"https:\/\/www.docuteam.ch\/wp-content\/uploads\/2021\/03\/docuteam_big.png","contentUrl":"https:\/\/www.docuteam.ch\/wp-content\/uploads\/2021\/03\/docuteam_big.png","width":200,"height":45,"caption":"docuteam"},"image":{"@id":"https:\/\/www.docuteam.ch\/fr\/#\/schema\/logo\/image\/"},"sameAs":["https:\/\/x.com\/DocuteamCH","https:\/\/www.linkedin.com\/company\/docuteam-ag\/mycompany\/"]},{"@type":"Person","@id":"https:\/\/www.docuteam.ch\/fr\/#\/schema\/person\/d4f8bdbdf0c6af49ca07455bcf1b02ff","name":"Julie Baumberger","image":{"@type":"ImageObject","inLanguage":"fr-FR","@id":"https:\/\/secure.gravatar.com\/avatar\/dec439982d586cb460b3a04a83a48877770ea3fa74f35ef84475a5996eeb88e5?s=96&d=mm&r=g","url":"https:\/\/secure.gravatar.com\/avatar\/dec439982d586cb460b3a04a83a48877770ea3fa74f35ef84475a5996eeb88e5?s=96&d=mm&r=g","contentUrl":"https:\/\/secure.gravatar.com\/avatar\/dec439982d586cb460b3a04a83a48877770ea3fa74f35ef84475a5996eeb88e5?s=96&d=mm&r=g","caption":"Julie Baumberger"},"url":"https:\/\/www.docuteam.ch\/fr\/author\/julie\/"}]}},"_links":{"self":[{"href":"https:\/\/www.docuteam.ch\/fr\/wp-json\/wp\/v2\/posts\/6750","targetHints":{"allow":["GET"]}}],"collection":[{"href":"https:\/\/www.docuteam.ch\/fr\/wp-json\/wp\/v2\/posts"}],"about":[{"href":"https:\/\/www.docuteam.ch\/fr\/wp-json\/wp\/v2\/types\/post"}],"author":[{"embeddable":true,"href":"https:\/\/www.docuteam.ch\/fr\/wp-json\/wp\/v2\/users\/2"}],"replies":[{"embeddable":true,"href":"https:\/\/www.docuteam.ch\/fr\/wp-json\/wp\/v2\/comments?post=6750"}],"version-history":[{"count":1,"href":"https:\/\/www.docuteam.ch\/fr\/wp-json\/wp\/v2\/posts\/6750\/revisions"}],"predecessor-version":[{"id":6751,"href":"https:\/\/www.docuteam.ch\/fr\/wp-json\/wp\/v2\/posts\/6750\/revisions\/6751"}],"wp:attachment":[{"href":"https:\/\/www.docuteam.ch\/fr\/wp-json\/wp\/v2\/media?parent=6750"}],"wp:term":[{"taxonomy":"category","embeddable":true,"href":"https:\/\/www.docuteam.ch\/fr\/wp-json\/wp\/v2\/categories?post=6750"},{"taxonomy":"post_tag","embeddable":true,"href":"https:\/\/www.docuteam.ch\/fr\/wp-json\/wp\/v2\/tags?post=6750"},{"taxonomy":"post_series","embeddable":true,"href":"https:\/\/www.docuteam.ch\/fr\/wp-json\/wp\/v2\/post_series?post=6750"}],"curies":[{"name":"wp","href":"https:\/\/api.w.org\/{rel}","templated":true}]}}