{"id":8062,"date":"2021-05-18T10:59:44","date_gmt":"2021-05-18T08:59:44","guid":{"rendered":"https:\/\/www.docuteam.ch\/neue-memobase\/"},"modified":"2024-11-06T14:35:56","modified_gmt":"2024-11-06T12:35:56","slug":"neue-memobase","status":"publish","type":"post","link":"https:\/\/www.docuteam.ch\/fr\/neue-memobase\/","title":{"rendered":"Neue Memobase lanciert mit Unterst\u00fctzung von docuteam"},"content":{"rendered":"<div class=\"wpb-content-wrapper\">[vc_row][vc_column][vc_column_text]Memoriav bietet unter <a href=\"https:\/\/memobase.ch\/\">https:\/\/memobase.ch<\/a> einen neu lancierten zentralen Zugang zum audiovisuellen Erbe der Schweiz an. Die Arbeiten zur Umsetzung der neuen Memobase wurden koordiniert durch die Universit\u00e4tsbibliothek Basel, unter Beteiligung von docuteam und <a href=\"https:\/\/www.outermedia.de\/\">Outermedia.<\/a><\/p>\n<p>Eine wichtige Errungenschaft der neuen Memobase ist nicht direkt sichtbar, sondern spielt sich im Hintergrund ab. Es handelt sich um ein komplett neues, auf der <a href=\"https:\/\/github.com\/ICA-EGAD\/RiC-O\">Records in Contexts-Ontologie (RiC-O)<\/a> basierendes Datenmodell. Weltweit geh\u00f6rt Memobase damit zu einem der ersten Projekte oder Zugangsportale, die mit diesem neuen Linked Data-Standard arbeiten. Die technischen Metadaten wurden im bew\u00e4hrten EBUcore-Standard gespeichert. Hier ein \u00dcberblick \u00fcber das Datenmodell:<\/p>\n<p>&nbsp;<\/p>\n<p>Neben der Arbeit am Datenmodell hat docuteam auch an der Infrastruktur der neuen Memobase mitgewirkt. So haben wir daf\u00fcr gesorgt, dass die Fedora 5-Server mit Ansible automatisiert aufgesetzt werden k\u00f6nnen. Wir waren verantwortlich f\u00fcr den Datenexport aus dem alten Fedora3 und die \u00dcberf\u00fchrung in die neue Memobase, dabei machten wir Erfahrungen, die wichtig sein werden, wenn wir zuk\u00fcnftig die docuteam cosmos-Repositories in die neue Fedora-Generation \u00fcberf\u00fchren. Ein \u00dcberblick \u00fcber das technische System hinter der Memobase ist <a href=\"https:\/\/memobase.atlassian.net\/wiki\/spaces\/MD\/pages\/667123845\/Memobase+als+System\">hier zu finden.<\/a> S\u00e4mtlicher Source Code der neuen Memobase ist \u00fcbrigens frei zug\u00e4nglich unter <a href=\"https:\/\/gitlab.switch.ch\/memoriav\/memobase-2020\">https:\/\/gitlab.switch.ch\/memoriav\/memobase-2020.<\/a><\/p>\n<p>Insgesamt war es f\u00fcr uns ein herausforderungsreiches und innovatives Projekt, Memoriav hat eine Pioniertat gewagt und gewonnen. Wir hoffen, auch bei der Weiterentwicklung dabei zu sein![\/vc_column_text][\/vc_column][\/vc_row]\n<\/div>","protected":false},"excerpt":{"rendered":"<p>[vc_row][vc_column][vc_column_text]Memoriav bietet unter https:\/\/memobase.ch einen neu lancierten zentralen Zugang zum audiovisuellen Erbe der Schweiz an. Die Arbeiten zur Umsetzung der neuen Memobase wurden koordiniert durch die Universit\u00e4tsbibliothek Basel, unter Beteiligung von docuteam und Outermedia. Eine wichtige Errungenschaft der neuen Memobase ist nicht direkt sichtbar, sondern spielt sich im Hintergrund ab. Es handelt sich um ein&hellip;<\/p>\n","protected":false},"author":4,"featured_media":0,"comment_status":"open","ping_status":"open","sticky":false,"template":"","format":"standard","meta":{"footnotes":""},"categories":[62,61,60,73],"tags":[],"post_series":[],"class_list":["post-8062","post","type-post","status-publish","format-standard","hentry","category-actualites","category-archivage-electronique","category-gestion-darchives","category-reseau","entry","no-media"],"yoast_head":"<!-- This site is optimized with the Yoast SEO plugin v27.5 - https:\/\/yoast.com\/product\/yoast-seo-wordpress\/ -->\n<title>docuteam - Neue Memobase lanciert mit Unterst\u00fctzung von docuteam<\/title>\n<meta name=\"description\" content=\"Memoriav bietet unter https:\/\/memobase.ch einen neu lancierten zentralen Zugang zum audiovisuellen Erbe der Schweiz an.\" \/>\n<meta name=\"robots\" content=\"index, follow, max-snippet:-1, max-image-preview:large, max-video-preview:-1\" \/>\n<link rel=\"canonical\" href=\"https:\/\/www.docuteam.ch\/fr\/neue-memobase\/\" \/>\n<meta property=\"og:locale\" content=\"fr_FR\" \/>\n<meta property=\"og:type\" content=\"article\" \/>\n<meta property=\"og:title\" content=\"docuteam - Neue Memobase lanciert mit Unterst\u00fctzung von docuteam\" \/>\n<meta property=\"og:description\" content=\"Memoriav bietet unter https:\/\/memobase.ch einen neu lancierten zentralen Zugang zum audiovisuellen Erbe der Schweiz an.\" \/>\n<meta property=\"og:url\" content=\"https:\/\/www.docuteam.ch\/fr\/neue-memobase\/\" \/>\n<meta property=\"og:site_name\" content=\"docuteam\" \/>\n<meta property=\"article:published_time\" content=\"2021-05-18T08:59:44+00:00\" \/>\n<meta property=\"article:modified_time\" content=\"2024-11-06T12:35:56+00:00\" \/>\n<meta property=\"og:image\" content=\"https:\/\/www.docuteam.ch\/wp-content\/uploads\/2021\/05\/Memobase-Datenmodell.png\" \/>\n<meta name=\"author\" content=\"Tobias Wildi\" \/>\n<meta name=\"twitter:card\" content=\"summary_large_image\" \/>\n<meta name=\"twitter:title\" content=\"docuteam - Neue Memobase lanciert mit Unterst\u00fctzung von docuteam\" \/>\n<meta name=\"twitter:description\" content=\"Memoriav bietet unter https:\/\/memobase.ch einen neu lancierten zentralen Zugang zum audiovisuellen Erbe der Schweiz an.\" \/>\n<meta name=\"twitter:image\" content=\"https:\/\/www.docuteam.ch\/wp-content\/uploads\/2021\/05\/Memobase-Datenmodell.png\" \/>\n<meta name=\"twitter:creator\" content=\"@DocuteamCH\" \/>\n<meta name=\"twitter:site\" content=\"@DocuteamCH\" \/>\n<script type=\"application\/ld+json\" class=\"yoast-schema-graph\">{\"@context\":\"https:\\\/\\\/schema.org\",\"@graph\":[{\"@type\":\"Article\",\"@id\":\"https:\\\/\\\/www.docuteam.ch\\\/fr\\\/neue-memobase\\\/#article\",\"isPartOf\":{\"@id\":\"https:\\\/\\\/www.docuteam.ch\\\/fr\\\/neue-memobase\\\/\"},\"author\":{\"name\":\"Tobias Wildi\",\"@id\":\"https:\\\/\\\/www.docuteam.ch\\\/fr\\\/#\\\/schema\\\/person\\\/a05929ac8000bd76743e54a486f7d14d\"},\"headline\":\"Neue Memobase lanciert mit Unterst\u00fctzung von docuteam\",\"datePublished\":\"2021-05-18T08:59:44+00:00\",\"dateModified\":\"2024-11-06T12:35:56+00:00\",\"mainEntityOfPage\":{\"@id\":\"https:\\\/\\\/www.docuteam.ch\\\/fr\\\/neue-memobase\\\/\"},\"wordCount\":256,\"commentCount\":0,\"publisher\":{\"@id\":\"https:\\\/\\\/www.docuteam.ch\\\/fr\\\/#organization\"},\"articleSection\":[\"Actualit\u00e9s\",\"Archivage \u00e9lectronique\",\"Gestion d'archives\",\"R\u00e9seau\"],\"inLanguage\":\"fr-FR\",\"potentialAction\":[{\"@type\":\"CommentAction\",\"name\":\"Comment\",\"target\":[\"https:\\\/\\\/www.docuteam.ch\\\/fr\\\/neue-memobase\\\/#respond\"]}]},{\"@type\":\"WebPage\",\"@id\":\"https:\\\/\\\/www.docuteam.ch\\\/fr\\\/neue-memobase\\\/\",\"url\":\"https:\\\/\\\/www.docuteam.ch\\\/fr\\\/neue-memobase\\\/\",\"name\":\"docuteam - Neue Memobase lanciert mit Unterst\u00fctzung von docuteam\",\"isPartOf\":{\"@id\":\"https:\\\/\\\/www.docuteam.ch\\\/fr\\\/#website\"},\"datePublished\":\"2021-05-18T08:59:44+00:00\",\"dateModified\":\"2024-11-06T12:35:56+00:00\",\"description\":\"Memoriav bietet unter https:\\\/\\\/memobase.ch einen neu lancierten zentralen Zugang zum audiovisuellen Erbe der Schweiz an.\",\"breadcrumb\":{\"@id\":\"https:\\\/\\\/www.docuteam.ch\\\/fr\\\/neue-memobase\\\/#breadcrumb\"},\"inLanguage\":\"fr-FR\",\"potentialAction\":[{\"@type\":\"ReadAction\",\"target\":[\"https:\\\/\\\/www.docuteam.ch\\\/fr\\\/neue-memobase\\\/\"]}]},{\"@type\":\"BreadcrumbList\",\"@id\":\"https:\\\/\\\/www.docuteam.ch\\\/fr\\\/neue-memobase\\\/#breadcrumb\",\"itemListElement\":[{\"@type\":\"ListItem\",\"position\":1,\"name\":\"Accueil\",\"item\":\"https:\\\/\\\/www.docuteam.ch\\\/fr\\\/\"},{\"@type\":\"ListItem\",\"position\":2,\"name\":\"Neue Memobase lanciert mit Unterst\u00fctzung von docuteam\"}]},{\"@type\":\"WebSite\",\"@id\":\"https:\\\/\\\/www.docuteam.ch\\\/fr\\\/#website\",\"url\":\"https:\\\/\\\/www.docuteam.ch\\\/fr\\\/\",\"name\":\"docuteam\",\"description\":\"Informationen sind Ihr langfristiges Kapital\",\"publisher\":{\"@id\":\"https:\\\/\\\/www.docuteam.ch\\\/fr\\\/#organization\"},\"potentialAction\":[{\"@type\":\"SearchAction\",\"target\":{\"@type\":\"EntryPoint\",\"urlTemplate\":\"https:\\\/\\\/www.docuteam.ch\\\/fr\\\/?s={search_term_string}\"},\"query-input\":{\"@type\":\"PropertyValueSpecification\",\"valueRequired\":true,\"valueName\":\"search_term_string\"}}],\"inLanguage\":\"fr-FR\"},{\"@type\":\"Organization\",\"@id\":\"https:\\\/\\\/www.docuteam.ch\\\/fr\\\/#organization\",\"name\":\"docuteam\",\"url\":\"https:\\\/\\\/www.docuteam.ch\\\/fr\\\/\",\"logo\":{\"@type\":\"ImageObject\",\"inLanguage\":\"fr-FR\",\"@id\":\"https:\\\/\\\/www.docuteam.ch\\\/fr\\\/#\\\/schema\\\/logo\\\/image\\\/\",\"url\":\"https:\\\/\\\/www.docuteam.ch\\\/wp-content\\\/uploads\\\/2021\\\/03\\\/docuteam_big.png\",\"contentUrl\":\"https:\\\/\\\/www.docuteam.ch\\\/wp-content\\\/uploads\\\/2021\\\/03\\\/docuteam_big.png\",\"width\":200,\"height\":45,\"caption\":\"docuteam\"},\"image\":{\"@id\":\"https:\\\/\\\/www.docuteam.ch\\\/fr\\\/#\\\/schema\\\/logo\\\/image\\\/\"},\"sameAs\":[\"https:\\\/\\\/x.com\\\/DocuteamCH\",\"https:\\\/\\\/www.linkedin.com\\\/company\\\/docuteam-ag\\\/mycompany\\\/\"]},{\"@type\":\"Person\",\"@id\":\"https:\\\/\\\/www.docuteam.ch\\\/fr\\\/#\\\/schema\\\/person\\\/a05929ac8000bd76743e54a486f7d14d\",\"name\":\"Tobias Wildi\",\"image\":{\"@type\":\"ImageObject\",\"inLanguage\":\"fr-FR\",\"@id\":\"https:\\\/\\\/secure.gravatar.com\\\/avatar\\\/62f3c8e49807546cdfb2db779e8aa778486fd4a70ccbcdf7fc17879face44388?s=96&d=mm&r=g\",\"url\":\"https:\\\/\\\/secure.gravatar.com\\\/avatar\\\/62f3c8e49807546cdfb2db779e8aa778486fd4a70ccbcdf7fc17879face44388?s=96&d=mm&r=g\",\"contentUrl\":\"https:\\\/\\\/secure.gravatar.com\\\/avatar\\\/62f3c8e49807546cdfb2db779e8aa778486fd4a70ccbcdf7fc17879face44388?s=96&d=mm&r=g\",\"caption\":\"Tobias Wildi\"},\"sameAs\":[\"http:\\\/\\\/wildi.se\"],\"url\":\"https:\\\/\\\/www.docuteam.ch\\\/fr\\\/author\\\/tobias\\\/\"}]}<\/script>\n<!-- \/ Yoast SEO plugin. -->","yoast_head_json":{"title":"docuteam - Neue Memobase lanciert mit Unterst\u00fctzung von docuteam","description":"Memoriav bietet unter https:\/\/memobase.ch einen neu lancierten zentralen Zugang zum audiovisuellen Erbe der Schweiz an.","robots":{"index":"index","follow":"follow","max-snippet":"max-snippet:-1","max-image-preview":"max-image-preview:large","max-video-preview":"max-video-preview:-1"},"canonical":"https:\/\/www.docuteam.ch\/fr\/neue-memobase\/","og_locale":"fr_FR","og_type":"article","og_title":"docuteam - Neue Memobase lanciert mit Unterst\u00fctzung von docuteam","og_description":"Memoriav bietet unter https:\/\/memobase.ch einen neu lancierten zentralen Zugang zum audiovisuellen Erbe der Schweiz an.","og_url":"https:\/\/www.docuteam.ch\/fr\/neue-memobase\/","og_site_name":"docuteam","article_published_time":"2021-05-18T08:59:44+00:00","article_modified_time":"2024-11-06T12:35:56+00:00","og_image":[{"url":"https:\/\/www.docuteam.ch\/wp-content\/uploads\/2021\/05\/Memobase-Datenmodell.png","type":"","width":"","height":""}],"author":"Tobias Wildi","twitter_card":"summary_large_image","twitter_title":"docuteam - Neue Memobase lanciert mit Unterst\u00fctzung von docuteam","twitter_description":"Memoriav bietet unter https:\/\/memobase.ch einen neu lancierten zentralen Zugang zum audiovisuellen Erbe der Schweiz an.","twitter_image":"https:\/\/www.docuteam.ch\/wp-content\/uploads\/2021\/05\/Memobase-Datenmodell.png","twitter_creator":"@DocuteamCH","twitter_site":"@DocuteamCH","schema":{"@context":"https:\/\/schema.org","@graph":[{"@type":"Article","@id":"https:\/\/www.docuteam.ch\/fr\/neue-memobase\/#article","isPartOf":{"@id":"https:\/\/www.docuteam.ch\/fr\/neue-memobase\/"},"author":{"name":"Tobias Wildi","@id":"https:\/\/www.docuteam.ch\/fr\/#\/schema\/person\/a05929ac8000bd76743e54a486f7d14d"},"headline":"Neue Memobase lanciert mit Unterst\u00fctzung von docuteam","datePublished":"2021-05-18T08:59:44+00:00","dateModified":"2024-11-06T12:35:56+00:00","mainEntityOfPage":{"@id":"https:\/\/www.docuteam.ch\/fr\/neue-memobase\/"},"wordCount":256,"commentCount":0,"publisher":{"@id":"https:\/\/www.docuteam.ch\/fr\/#organization"},"articleSection":["Actualit\u00e9s","Archivage \u00e9lectronique","Gestion d'archives","R\u00e9seau"],"inLanguage":"fr-FR","potentialAction":[{"@type":"CommentAction","name":"Comment","target":["https:\/\/www.docuteam.ch\/fr\/neue-memobase\/#respond"]}]},{"@type":"WebPage","@id":"https:\/\/www.docuteam.ch\/fr\/neue-memobase\/","url":"https:\/\/www.docuteam.ch\/fr\/neue-memobase\/","name":"docuteam - Neue Memobase lanciert mit Unterst\u00fctzung von docuteam","isPartOf":{"@id":"https:\/\/www.docuteam.ch\/fr\/#website"},"datePublished":"2021-05-18T08:59:44+00:00","dateModified":"2024-11-06T12:35:56+00:00","description":"Memoriav bietet unter https:\/\/memobase.ch einen neu lancierten zentralen Zugang zum audiovisuellen Erbe der Schweiz an.","breadcrumb":{"@id":"https:\/\/www.docuteam.ch\/fr\/neue-memobase\/#breadcrumb"},"inLanguage":"fr-FR","potentialAction":[{"@type":"ReadAction","target":["https:\/\/www.docuteam.ch\/fr\/neue-memobase\/"]}]},{"@type":"BreadcrumbList","@id":"https:\/\/www.docuteam.ch\/fr\/neue-memobase\/#breadcrumb","itemListElement":[{"@type":"ListItem","position":1,"name":"Accueil","item":"https:\/\/www.docuteam.ch\/fr\/"},{"@type":"ListItem","position":2,"name":"Neue Memobase lanciert mit Unterst\u00fctzung von docuteam"}]},{"@type":"WebSite","@id":"https:\/\/www.docuteam.ch\/fr\/#website","url":"https:\/\/www.docuteam.ch\/fr\/","name":"docuteam","description":"Informationen sind Ihr langfristiges Kapital","publisher":{"@id":"https:\/\/www.docuteam.ch\/fr\/#organization"},"potentialAction":[{"@type":"SearchAction","target":{"@type":"EntryPoint","urlTemplate":"https:\/\/www.docuteam.ch\/fr\/?s={search_term_string}"},"query-input":{"@type":"PropertyValueSpecification","valueRequired":true,"valueName":"search_term_string"}}],"inLanguage":"fr-FR"},{"@type":"Organization","@id":"https:\/\/www.docuteam.ch\/fr\/#organization","name":"docuteam","url":"https:\/\/www.docuteam.ch\/fr\/","logo":{"@type":"ImageObject","inLanguage":"fr-FR","@id":"https:\/\/www.docuteam.ch\/fr\/#\/schema\/logo\/image\/","url":"https:\/\/www.docuteam.ch\/wp-content\/uploads\/2021\/03\/docuteam_big.png","contentUrl":"https:\/\/www.docuteam.ch\/wp-content\/uploads\/2021\/03\/docuteam_big.png","width":200,"height":45,"caption":"docuteam"},"image":{"@id":"https:\/\/www.docuteam.ch\/fr\/#\/schema\/logo\/image\/"},"sameAs":["https:\/\/x.com\/DocuteamCH","https:\/\/www.linkedin.com\/company\/docuteam-ag\/mycompany\/"]},{"@type":"Person","@id":"https:\/\/www.docuteam.ch\/fr\/#\/schema\/person\/a05929ac8000bd76743e54a486f7d14d","name":"Tobias Wildi","image":{"@type":"ImageObject","inLanguage":"fr-FR","@id":"https:\/\/secure.gravatar.com\/avatar\/62f3c8e49807546cdfb2db779e8aa778486fd4a70ccbcdf7fc17879face44388?s=96&d=mm&r=g","url":"https:\/\/secure.gravatar.com\/avatar\/62f3c8e49807546cdfb2db779e8aa778486fd4a70ccbcdf7fc17879face44388?s=96&d=mm&r=g","contentUrl":"https:\/\/secure.gravatar.com\/avatar\/62f3c8e49807546cdfb2db779e8aa778486fd4a70ccbcdf7fc17879face44388?s=96&d=mm&r=g","caption":"Tobias Wildi"},"sameAs":["http:\/\/wildi.se"],"url":"https:\/\/www.docuteam.ch\/fr\/author\/tobias\/"}]}},"_links":{"self":[{"href":"https:\/\/www.docuteam.ch\/fr\/wp-json\/wp\/v2\/posts\/8062","targetHints":{"allow":["GET"]}}],"collection":[{"href":"https:\/\/www.docuteam.ch\/fr\/wp-json\/wp\/v2\/posts"}],"about":[{"href":"https:\/\/www.docuteam.ch\/fr\/wp-json\/wp\/v2\/types\/post"}],"author":[{"embeddable":true,"href":"https:\/\/www.docuteam.ch\/fr\/wp-json\/wp\/v2\/users\/4"}],"replies":[{"embeddable":true,"href":"https:\/\/www.docuteam.ch\/fr\/wp-json\/wp\/v2\/comments?post=8062"}],"version-history":[{"count":4,"href":"https:\/\/www.docuteam.ch\/fr\/wp-json\/wp\/v2\/posts\/8062\/revisions"}],"predecessor-version":[{"id":55276,"href":"https:\/\/www.docuteam.ch\/fr\/wp-json\/wp\/v2\/posts\/8062\/revisions\/55276"}],"wp:attachment":[{"href":"https:\/\/www.docuteam.ch\/fr\/wp-json\/wp\/v2\/media?parent=8062"}],"wp:term":[{"taxonomy":"category","embeddable":true,"href":"https:\/\/www.docuteam.ch\/fr\/wp-json\/wp\/v2\/categories?post=8062"},{"taxonomy":"post_tag","embeddable":true,"href":"https:\/\/www.docuteam.ch\/fr\/wp-json\/wp\/v2\/tags?post=8062"},{"taxonomy":"post_series","embeddable":true,"href":"https:\/\/www.docuteam.ch\/fr\/wp-json\/wp\/v2\/post_series?post=8062"}],"curies":[{"name":"wp","href":"https:\/\/api.w.org\/{rel}","templated":true}]}}