{"id":8460,"date":"2021-09-29T15:19:57","date_gmt":"2021-09-29T13:19:57","guid":{"rendered":"https:\/\/www.docuteam.ch\/docuteam-community-day-20-oktober-2021\/"},"modified":"2025-02-18T16:10:25","modified_gmt":"2025-02-18T14:10:25","slug":"docuteam-community-day-20-oktober-2021","status":"publish","type":"post","link":"https:\/\/www.docuteam.ch\/fr\/docuteam-community-day-20-oktober-2021\/","title":{"rendered":"docuteam Community Day, 20 octobre 2021"},"content":{"rendered":"<div class=\"wpb-content-wrapper\">[vc_row][vc_column][vc_column_text]Cette ann\u00e9e encore, la journ\u00e9e communautaire s&rsquo;est d\u00e9roul\u00e9e en ligne.\u00a0 Veuillez trouver ci-dessous les PDF des pr\u00e9sentations qui ont \u00e9t\u00e9 donn\u00e9es le 20 octobre 2021.<\/p>\n<h2>Programme<\/h2>\n<h3>Archivage num\u00e9rique : tendances, aper\u00e7us et perspectives (allemand\/fran\u00e7ais)<\/h3>\n<ul>\n<li>Introduction<\/li>\n<li>Pr\u00e9sentation du programme<\/li>\n<li>Nouveaux produits de docuteam<\/li>\n<li>Archivage num\u00e9rique : tendances, aper\u00e7us et perspectives<\/li>\n<\/ul>\n<p>Nous sommes revenus sur les tendances de l&rsquo;archivage num\u00e9rique \u00e0 long terme annonc\u00e9es l&rsquo;ann\u00e9e derni\u00e8re. Nous les avons \u00e9valu\u00e9es dans la perspective actuelle, sur la base de notre exp\u00e9rience acquise l&rsquo;ann\u00e9e derni\u00e8re.<\/p>\n<p>R\u00e9f\u00e9rent-e-s :<br \/>\n&#8211; <a href=\"https:\/\/www.docuteam.ch\/fr\/staff-member\/andreas-steigmeier\/\" target=\"_blank\" rel=\"noopener\">Andreas Steigmeier<\/a>, Directeur, docuteam<br \/>\n&#8211; <a href=\"https:\/\/www.docuteam.ch\/fr\/staff-member\/gilliane-kern\/\" target=\"_blank\" rel=\"noopener\">Gilliane Kern<\/a>, Membre de la direction, docuteam<br \/>\n&#8211; <a href=\"https:\/\/www.docuteam.ch\/fr\/staff-member\/christian-moser\/\" target=\"_blank\" rel=\"noopener\">Christian Moser<\/a>, Membre de la direction, docuteam[\/vc_column_text][vc_btn title=\u00a0\u00bbPr\u00e9sentation PDF\u00a0\u00bb style=\u00a0\u00bbcustom\u00a0\u00bb custom_background=\u00a0\u00bb#cc0000&Prime; custom_text=\u00a0\u00bb#ffffff\u00a0\u00bb link=\u00a0\u00bburl:https%3A%2F%2Fwww.docuteam.ch%2Fwp-content%2Fuploads%2F2021%2F10%2FPraes_DLZA_Trends_20211007_Mos-1.pdf|target:_blank|rel:nofollow\u00a0\u00bb css=\u00a0\u00bb.vc_custom_1635233487708{padding-top: 20px !important;}\u00a0\u00bb][vc_column_text]\n<h3>Migration vers Fedora 6 (allemand)<\/h3>\n<p>Nous avons montr\u00e9 ce que nous avons d\u00e9velopp\u00e9 pour la migration vers Fedora 6 et pr\u00e9sent\u00e9 la proc\u00e9dure pratique de cette migration.<\/p>\n<p>R\u00e9f\u00e9rents :<br \/>\n&#8211; Andreas Nef, Technical Lead, docuteam<br \/>\n&#8211; <a href=\"https:\/\/www.docuteam.ch\/fr\/staff-member\/thomas-bernhart\/\" target=\"_blank\" rel=\"noopener\">Thomas Bernhart<\/a>, Chef de projet archivage \u00e9lectronique, docuteam[\/vc_column_text][vc_btn title=\u00a0\u00bbPr\u00e9sentation PDF\u00a0\u00bb style=\u00a0\u00bbcustom\u00a0\u00bb custom_background=\u00a0\u00bb#cc0000&Prime; custom_text=\u00a0\u00bb#ffffff\u00a0\u00bb link=\u00a0\u00bburl:https%3A%2F%2Fwww.docuteam.ch%2Fwp-content%2Fuploads%2F2021%2F10%2FMigration-F6_20211017_Nf.pdf|target:_blank|rel:nofollow\u00a0\u00bb css=\u00a0\u00bb.vc_custom_1635173679152{padding-top: 20px !important;}\u00a0\u00bb][vc_column_text]\n<h3>Adoption des paquets eCH-0160 et marquage automatis\u00e9 des dossiers dans AtoM (allemand)<\/h3>\n<p>Nous avons fait une d\u00e9monstration du transfert, de la conversion et du versement de paquets conformes \u00e0 la norme eCH-0160. Dans cette d\u00e9monstration, les m\u00e9tadonn\u00e9es descriptives des dossiers sont automatiquement import\u00e9es dans le syst\u00e8me de gestion d&rsquo;archives, directement au bon endroit de la structure de classement.<\/p>\n<p>R\u00e9f\u00e9rent :<br \/>\n&#8211; <a href=\"https:\/\/www.docuteam.ch\/fr\/staff-member\/basil\/\" target=\"_blank\" rel=\"noopener\">Basil Marti<\/a>, Chef de projet pour l&rsquo;archivage \u00e9lectronique, docuteam[\/vc_column_text][vc_btn title=\u00a0\u00bbPr\u00e9sentation PDF\u00a0\u00bb style=\u00a0\u00bbcustom\u00a0\u00bb custom_background=\u00a0\u00bb#cc0000&Prime; custom_text=\u00a0\u00bb#ffffff\u00a0\u00bb link=\u00a0\u00bburl:https%3A%2F%2Fwww.docuteam.ch%2Fwp-content%2Fuploads%2F2021%2F10%2FPraes_docuteam-Uebernahme-von-eCH-0160-Paketen_20211020_Mar.pdf|target:_blank|rel:nofollow\u00a0\u00bb css=\u00a0\u00bb.vc_custom_1635173693335{padding-top: 20px !important;}\u00a0\u00bb][vc_column_text]\n<h3>Archivage num\u00e9rique avec docuteam cosmos (fran\u00e7ais)<\/h3>\n<p>Une introduction \u00e0 l&rsquo;archivage num\u00e9rique avec docuteam cosmos et une d\u00e9monstration pratique.<\/p>\n<p>R\u00e9f\u00e9rent-e-s :<br \/>\n&#8211; <a href=\"https:\/\/www.docuteam.ch\/fr\/staff-member\/gilliane-kern\/\" target=\"_blank\" rel=\"noopener\">Gilliane Kern<\/a>, conseill\u00e8re en gestion documentaire, docuteam<br \/>\n&#8211; <a href=\"https:\/\/www.docuteam.ch\/fr\/staff-member\/raphael-barman\/\" target=\"_blank\" rel=\"noopener\">Rapha\u00ebl Barman<\/a>, Chef de projet archivage \u00e9lectronique, docuteam[\/vc_column_text][vc_btn title=\u00a0\u00bbPr\u00e9sentation PDF\u00a0\u00bb style=\u00a0\u00bbcustom\u00a0\u00bb custom_background=\u00a0\u00bb#cc0000&Prime; custom_text=\u00a0\u00bb#ffffff\u00a0\u00bb link=\u00a0\u00bburl:https%3A%2F%2Fwww.docuteam.ch%2Fwp-content%2Fuploads%2F2021%2F10%2FPres_ArchivageNumerique_20211020_Ke-Bar-2.pdf|target:_blank|rel:nofollow\u00a0\u00bb css=\u00a0\u00bb.vc_custom_1635233087980{padding-top: 20px !important;}\u00a0\u00bb][vc_column_text]<iframe loading=\"lazy\" title=\"YouTube video player\" src=\"https:\/\/www.youtube.com\/embed\/pKuD9diI3k8\" width=\"560\" height=\"315\" frameborder=\"0\" allowfullscreen=\"allowfullscreen\"><\/iframe><\/p>\n<h3>The Oxford Common File Layout (OCFL) (anglais)<\/h3>\n<p>Fedora 6 stocke ses objets num\u00e9riques conform\u00e9ment \u00e0 la sp\u00e9cification Oxford Common File Layout (OCFL). Qu&rsquo;est-ce que l&rsquo;OCFL et quels sont ses avantages ?<\/p>\n<p>R\u00e9f\u00e9rents :<br \/>\n&#8211; Daniel Bernstein, Tech Lead, Lyrasis<br \/>\n&#8211; Arran Griffith, Program Coordinator, Lyrasis[\/vc_column_text][\/vc_column][\/vc_row]\n<\/div>","protected":false},"excerpt":{"rendered":"<p>[vc_row][vc_column][vc_column_text]Cette ann\u00e9e encore, la journ\u00e9e communautaire s&rsquo;est d\u00e9roul\u00e9e en ligne.\u00a0 Veuillez trouver ci-dessous les PDF des pr\u00e9sentations qui ont \u00e9t\u00e9 donn\u00e9es le 20 octobre 2021. Programme Archivage num\u00e9rique : tendances, aper\u00e7us et perspectives (allemand\/fran\u00e7ais) Introduction Pr\u00e9sentation du programme Nouveaux produits de docuteam Archivage num\u00e9rique : tendances, aper\u00e7us et perspectives Nous sommes revenus sur les tendances&hellip;<\/p>\n","protected":false},"author":2,"featured_media":0,"comment_status":"open","ping_status":"open","sticky":false,"template":"","format":"standard","meta":{"footnotes":""},"categories":[63],"tags":[],"post_series":[],"class_list":["post-8460","post","type-post","status-publish","format-standard","hentry","category-formations-et-evenements","entry","no-media"],"yoast_head":"<!-- This site is optimized with the Yoast SEO plugin v27.5 - https:\/\/yoast.com\/product\/yoast-seo-wordpress\/ -->\n<title>docuteam - docuteam Community Day, 20 octobre 2021<\/title>\n<meta name=\"description\" content=\"Archivage num\u00e9rique : tendances ; Fedora 6 ; adoption de paquets eCH-0160 (AtoM) ; docuteam cosmos ; The Oxford Common File Layout\" \/>\n<meta name=\"robots\" content=\"index, follow, max-snippet:-1, max-image-preview:large, max-video-preview:-1\" \/>\n<link rel=\"canonical\" href=\"https:\/\/www.docuteam.ch\/fr\/docuteam-community-day-20-oktober-2021\/\" \/>\n<meta property=\"og:locale\" content=\"fr_FR\" \/>\n<meta property=\"og:type\" content=\"article\" \/>\n<meta property=\"og:title\" content=\"docuteam Community Day, 20 octobre 2021\" \/>\n<meta property=\"og:description\" content=\"Archivage num\u00e9rique : tendances ; Fedora 6 ; adoption de paquets eCH-0160 (AtoM) ; docuteam cosmos ; The Oxford Common File Layout\" \/>\n<meta property=\"og:url\" content=\"https:\/\/www.docuteam.ch\/fr\/docuteam-community-day-20-oktober-2021\/\" \/>\n<meta property=\"og:site_name\" content=\"docuteam\" \/>\n<meta property=\"article:published_time\" content=\"2021-09-29T13:19:57+00:00\" \/>\n<meta property=\"article:modified_time\" content=\"2025-02-18T14:10:25+00:00\" \/>\n<meta property=\"og:image\" content=\"https:\/\/www.docuteam.ch\/wp-content\/uploads\/2021\/04\/docuteam_archivinformatik_UltraHD-scaled.jpg\" \/>\n\t<meta property=\"og:image:width\" content=\"2560\" \/>\n\t<meta property=\"og:image:height\" content=\"1440\" \/>\n\t<meta property=\"og:image:type\" content=\"image\/jpeg\" \/>\n<meta name=\"author\" content=\"Julie Baumberger\" \/>\n<meta name=\"twitter:card\" content=\"summary_large_image\" \/>\n<meta name=\"twitter:title\" content=\"docuteam Community Day, 20 octobre 2021\" \/>\n<meta name=\"twitter:description\" content=\"Archivage num\u00e9rique : tendances ; Fedora 6 ; adoption de paquets eCH-0160 (AtoM) ; docuteam cosmos ; The Oxford Common File Layout\" \/>\n<meta name=\"twitter:image\" content=\"https:\/\/www.docuteam.ch\/wp-content\/uploads\/2021\/04\/docuteam_archivinformatik_UltraHD-scaled.jpg\" \/>\n<meta name=\"twitter:creator\" content=\"@DocuteamCH\" \/>\n<meta name=\"twitter:site\" content=\"@DocuteamCH\" \/>\n<script type=\"application\/ld+json\" class=\"yoast-schema-graph\">{\"@context\":\"https:\\\/\\\/schema.org\",\"@graph\":[{\"@type\":\"Article\",\"@id\":\"https:\\\/\\\/www.docuteam.ch\\\/fr\\\/docuteam-community-day-20-oktober-2021\\\/#article\",\"isPartOf\":{\"@id\":\"https:\\\/\\\/www.docuteam.ch\\\/fr\\\/docuteam-community-day-20-oktober-2021\\\/\"},\"author\":{\"name\":\"Julie Baumberger\",\"@id\":\"https:\\\/\\\/www.docuteam.ch\\\/fr\\\/#\\\/schema\\\/person\\\/d4f8bdbdf0c6af49ca07455bcf1b02ff\"},\"headline\":\"docuteam Community Day, 20 octobre 2021\",\"datePublished\":\"2021-09-29T13:19:57+00:00\",\"dateModified\":\"2025-02-18T14:10:25+00:00\",\"mainEntityOfPage\":{\"@id\":\"https:\\\/\\\/www.docuteam.ch\\\/fr\\\/docuteam-community-day-20-oktober-2021\\\/\"},\"wordCount\":544,\"commentCount\":0,\"publisher\":{\"@id\":\"https:\\\/\\\/www.docuteam.ch\\\/fr\\\/#organization\"},\"articleSection\":[\"Formations et \u00e9v\u00e9nements\"],\"inLanguage\":\"fr-FR\",\"potentialAction\":[{\"@type\":\"CommentAction\",\"name\":\"Comment\",\"target\":[\"https:\\\/\\\/www.docuteam.ch\\\/fr\\\/docuteam-community-day-20-oktober-2021\\\/#respond\"]}]},{\"@type\":\"WebPage\",\"@id\":\"https:\\\/\\\/www.docuteam.ch\\\/fr\\\/docuteam-community-day-20-oktober-2021\\\/\",\"url\":\"https:\\\/\\\/www.docuteam.ch\\\/fr\\\/docuteam-community-day-20-oktober-2021\\\/\",\"name\":\"docuteam - docuteam Community Day, 20 octobre 2021\",\"isPartOf\":{\"@id\":\"https:\\\/\\\/www.docuteam.ch\\\/fr\\\/#website\"},\"datePublished\":\"2021-09-29T13:19:57+00:00\",\"dateModified\":\"2025-02-18T14:10:25+00:00\",\"description\":\"Archivage num\u00e9rique : tendances ; Fedora 6 ; adoption de paquets eCH-0160 (AtoM) ; docuteam cosmos ; The Oxford Common File Layout\",\"breadcrumb\":{\"@id\":\"https:\\\/\\\/www.docuteam.ch\\\/fr\\\/docuteam-community-day-20-oktober-2021\\\/#breadcrumb\"},\"inLanguage\":\"fr-FR\",\"potentialAction\":[{\"@type\":\"ReadAction\",\"target\":[\"https:\\\/\\\/www.docuteam.ch\\\/fr\\\/docuteam-community-day-20-oktober-2021\\\/\"]}]},{\"@type\":\"BreadcrumbList\",\"@id\":\"https:\\\/\\\/www.docuteam.ch\\\/fr\\\/docuteam-community-day-20-oktober-2021\\\/#breadcrumb\",\"itemListElement\":[{\"@type\":\"ListItem\",\"position\":1,\"name\":\"Accueil\",\"item\":\"https:\\\/\\\/www.docuteam.ch\\\/fr\\\/\"},{\"@type\":\"ListItem\",\"position\":2,\"name\":\"docuteam Community Day, 20 octobre 2021\"}]},{\"@type\":\"WebSite\",\"@id\":\"https:\\\/\\\/www.docuteam.ch\\\/fr\\\/#website\",\"url\":\"https:\\\/\\\/www.docuteam.ch\\\/fr\\\/\",\"name\":\"docuteam\",\"description\":\"Informationen sind Ihr langfristiges Kapital\",\"publisher\":{\"@id\":\"https:\\\/\\\/www.docuteam.ch\\\/fr\\\/#organization\"},\"potentialAction\":[{\"@type\":\"SearchAction\",\"target\":{\"@type\":\"EntryPoint\",\"urlTemplate\":\"https:\\\/\\\/www.docuteam.ch\\\/fr\\\/?s={search_term_string}\"},\"query-input\":{\"@type\":\"PropertyValueSpecification\",\"valueRequired\":true,\"valueName\":\"search_term_string\"}}],\"inLanguage\":\"fr-FR\"},{\"@type\":\"Organization\",\"@id\":\"https:\\\/\\\/www.docuteam.ch\\\/fr\\\/#organization\",\"name\":\"docuteam\",\"url\":\"https:\\\/\\\/www.docuteam.ch\\\/fr\\\/\",\"logo\":{\"@type\":\"ImageObject\",\"inLanguage\":\"fr-FR\",\"@id\":\"https:\\\/\\\/www.docuteam.ch\\\/fr\\\/#\\\/schema\\\/logo\\\/image\\\/\",\"url\":\"https:\\\/\\\/www.docuteam.ch\\\/wp-content\\\/uploads\\\/2021\\\/03\\\/docuteam_big.png\",\"contentUrl\":\"https:\\\/\\\/www.docuteam.ch\\\/wp-content\\\/uploads\\\/2021\\\/03\\\/docuteam_big.png\",\"width\":200,\"height\":45,\"caption\":\"docuteam\"},\"image\":{\"@id\":\"https:\\\/\\\/www.docuteam.ch\\\/fr\\\/#\\\/schema\\\/logo\\\/image\\\/\"},\"sameAs\":[\"https:\\\/\\\/x.com\\\/DocuteamCH\",\"https:\\\/\\\/www.linkedin.com\\\/company\\\/docuteam-ag\\\/mycompany\\\/\"]},{\"@type\":\"Person\",\"@id\":\"https:\\\/\\\/www.docuteam.ch\\\/fr\\\/#\\\/schema\\\/person\\\/d4f8bdbdf0c6af49ca07455bcf1b02ff\",\"name\":\"Julie Baumberger\",\"image\":{\"@type\":\"ImageObject\",\"inLanguage\":\"fr-FR\",\"@id\":\"https:\\\/\\\/secure.gravatar.com\\\/avatar\\\/dec439982d586cb460b3a04a83a48877770ea3fa74f35ef84475a5996eeb88e5?s=96&d=mm&r=g\",\"url\":\"https:\\\/\\\/secure.gravatar.com\\\/avatar\\\/dec439982d586cb460b3a04a83a48877770ea3fa74f35ef84475a5996eeb88e5?s=96&d=mm&r=g\",\"contentUrl\":\"https:\\\/\\\/secure.gravatar.com\\\/avatar\\\/dec439982d586cb460b3a04a83a48877770ea3fa74f35ef84475a5996eeb88e5?s=96&d=mm&r=g\",\"caption\":\"Julie Baumberger\"},\"url\":\"https:\\\/\\\/www.docuteam.ch\\\/fr\\\/author\\\/julie\\\/\"}]}<\/script>\n<!-- \/ Yoast SEO plugin. -->","yoast_head_json":{"title":"docuteam - docuteam Community Day, 20 octobre 2021","description":"Archivage num\u00e9rique : tendances ; Fedora 6 ; adoption de paquets eCH-0160 (AtoM) ; docuteam cosmos ; The Oxford Common File Layout","robots":{"index":"index","follow":"follow","max-snippet":"max-snippet:-1","max-image-preview":"max-image-preview:large","max-video-preview":"max-video-preview:-1"},"canonical":"https:\/\/www.docuteam.ch\/fr\/docuteam-community-day-20-oktober-2021\/","og_locale":"fr_FR","og_type":"article","og_title":"docuteam Community Day, 20 octobre 2021","og_description":"Archivage num\u00e9rique : tendances ; Fedora 6 ; adoption de paquets eCH-0160 (AtoM) ; docuteam cosmos ; The Oxford Common File Layout","og_url":"https:\/\/www.docuteam.ch\/fr\/docuteam-community-day-20-oktober-2021\/","og_site_name":"docuteam","article_published_time":"2021-09-29T13:19:57+00:00","article_modified_time":"2025-02-18T14:10:25+00:00","og_image":[{"width":2560,"height":1440,"url":"https:\/\/www.docuteam.ch\/wp-content\/uploads\/2021\/04\/docuteam_archivinformatik_UltraHD-scaled.jpg","type":"image\/jpeg"}],"author":"Julie Baumberger","twitter_card":"summary_large_image","twitter_title":"docuteam Community Day, 20 octobre 2021","twitter_description":"Archivage num\u00e9rique : tendances ; Fedora 6 ; adoption de paquets eCH-0160 (AtoM) ; docuteam cosmos ; The Oxford Common File Layout","twitter_image":"https:\/\/www.docuteam.ch\/wp-content\/uploads\/2021\/04\/docuteam_archivinformatik_UltraHD-scaled.jpg","twitter_creator":"@DocuteamCH","twitter_site":"@DocuteamCH","schema":{"@context":"https:\/\/schema.org","@graph":[{"@type":"Article","@id":"https:\/\/www.docuteam.ch\/fr\/docuteam-community-day-20-oktober-2021\/#article","isPartOf":{"@id":"https:\/\/www.docuteam.ch\/fr\/docuteam-community-day-20-oktober-2021\/"},"author":{"name":"Julie Baumberger","@id":"https:\/\/www.docuteam.ch\/fr\/#\/schema\/person\/d4f8bdbdf0c6af49ca07455bcf1b02ff"},"headline":"docuteam Community Day, 20 octobre 2021","datePublished":"2021-09-29T13:19:57+00:00","dateModified":"2025-02-18T14:10:25+00:00","mainEntityOfPage":{"@id":"https:\/\/www.docuteam.ch\/fr\/docuteam-community-day-20-oktober-2021\/"},"wordCount":544,"commentCount":0,"publisher":{"@id":"https:\/\/www.docuteam.ch\/fr\/#organization"},"articleSection":["Formations et \u00e9v\u00e9nements"],"inLanguage":"fr-FR","potentialAction":[{"@type":"CommentAction","name":"Comment","target":["https:\/\/www.docuteam.ch\/fr\/docuteam-community-day-20-oktober-2021\/#respond"]}]},{"@type":"WebPage","@id":"https:\/\/www.docuteam.ch\/fr\/docuteam-community-day-20-oktober-2021\/","url":"https:\/\/www.docuteam.ch\/fr\/docuteam-community-day-20-oktober-2021\/","name":"docuteam - docuteam Community Day, 20 octobre 2021","isPartOf":{"@id":"https:\/\/www.docuteam.ch\/fr\/#website"},"datePublished":"2021-09-29T13:19:57+00:00","dateModified":"2025-02-18T14:10:25+00:00","description":"Archivage num\u00e9rique : tendances ; Fedora 6 ; adoption de paquets eCH-0160 (AtoM) ; docuteam cosmos ; The Oxford Common File Layout","breadcrumb":{"@id":"https:\/\/www.docuteam.ch\/fr\/docuteam-community-day-20-oktober-2021\/#breadcrumb"},"inLanguage":"fr-FR","potentialAction":[{"@type":"ReadAction","target":["https:\/\/www.docuteam.ch\/fr\/docuteam-community-day-20-oktober-2021\/"]}]},{"@type":"BreadcrumbList","@id":"https:\/\/www.docuteam.ch\/fr\/docuteam-community-day-20-oktober-2021\/#breadcrumb","itemListElement":[{"@type":"ListItem","position":1,"name":"Accueil","item":"https:\/\/www.docuteam.ch\/fr\/"},{"@type":"ListItem","position":2,"name":"docuteam Community Day, 20 octobre 2021"}]},{"@type":"WebSite","@id":"https:\/\/www.docuteam.ch\/fr\/#website","url":"https:\/\/www.docuteam.ch\/fr\/","name":"docuteam","description":"Informationen sind Ihr langfristiges Kapital","publisher":{"@id":"https:\/\/www.docuteam.ch\/fr\/#organization"},"potentialAction":[{"@type":"SearchAction","target":{"@type":"EntryPoint","urlTemplate":"https:\/\/www.docuteam.ch\/fr\/?s={search_term_string}"},"query-input":{"@type":"PropertyValueSpecification","valueRequired":true,"valueName":"search_term_string"}}],"inLanguage":"fr-FR"},{"@type":"Organization","@id":"https:\/\/www.docuteam.ch\/fr\/#organization","name":"docuteam","url":"https:\/\/www.docuteam.ch\/fr\/","logo":{"@type":"ImageObject","inLanguage":"fr-FR","@id":"https:\/\/www.docuteam.ch\/fr\/#\/schema\/logo\/image\/","url":"https:\/\/www.docuteam.ch\/wp-content\/uploads\/2021\/03\/docuteam_big.png","contentUrl":"https:\/\/www.docuteam.ch\/wp-content\/uploads\/2021\/03\/docuteam_big.png","width":200,"height":45,"caption":"docuteam"},"image":{"@id":"https:\/\/www.docuteam.ch\/fr\/#\/schema\/logo\/image\/"},"sameAs":["https:\/\/x.com\/DocuteamCH","https:\/\/www.linkedin.com\/company\/docuteam-ag\/mycompany\/"]},{"@type":"Person","@id":"https:\/\/www.docuteam.ch\/fr\/#\/schema\/person\/d4f8bdbdf0c6af49ca07455bcf1b02ff","name":"Julie Baumberger","image":{"@type":"ImageObject","inLanguage":"fr-FR","@id":"https:\/\/secure.gravatar.com\/avatar\/dec439982d586cb460b3a04a83a48877770ea3fa74f35ef84475a5996eeb88e5?s=96&d=mm&r=g","url":"https:\/\/secure.gravatar.com\/avatar\/dec439982d586cb460b3a04a83a48877770ea3fa74f35ef84475a5996eeb88e5?s=96&d=mm&r=g","contentUrl":"https:\/\/secure.gravatar.com\/avatar\/dec439982d586cb460b3a04a83a48877770ea3fa74f35ef84475a5996eeb88e5?s=96&d=mm&r=g","caption":"Julie Baumberger"},"url":"https:\/\/www.docuteam.ch\/fr\/author\/julie\/"}]}},"_links":{"self":[{"href":"https:\/\/www.docuteam.ch\/fr\/wp-json\/wp\/v2\/posts\/8460","targetHints":{"allow":["GET"]}}],"collection":[{"href":"https:\/\/www.docuteam.ch\/fr\/wp-json\/wp\/v2\/posts"}],"about":[{"href":"https:\/\/www.docuteam.ch\/fr\/wp-json\/wp\/v2\/types\/post"}],"author":[{"embeddable":true,"href":"https:\/\/www.docuteam.ch\/fr\/wp-json\/wp\/v2\/users\/2"}],"replies":[{"embeddable":true,"href":"https:\/\/www.docuteam.ch\/fr\/wp-json\/wp\/v2\/comments?post=8460"}],"version-history":[{"count":41,"href":"https:\/\/www.docuteam.ch\/fr\/wp-json\/wp\/v2\/posts\/8460\/revisions"}],"predecessor-version":[{"id":55698,"href":"https:\/\/www.docuteam.ch\/fr\/wp-json\/wp\/v2\/posts\/8460\/revisions\/55698"}],"wp:attachment":[{"href":"https:\/\/www.docuteam.ch\/fr\/wp-json\/wp\/v2\/media?parent=8460"}],"wp:term":[{"taxonomy":"category","embeddable":true,"href":"https:\/\/www.docuteam.ch\/fr\/wp-json\/wp\/v2\/categories?post=8460"},{"taxonomy":"post_tag","embeddable":true,"href":"https:\/\/www.docuteam.ch\/fr\/wp-json\/wp\/v2\/tags?post=8460"},{"taxonomy":"post_series","embeddable":true,"href":"https:\/\/www.docuteam.ch\/fr\/wp-json\/wp\/v2\/post_series?post=8460"}],"curies":[{"name":"wp","href":"https:\/\/api.w.org\/{rel}","templated":true}]}}