{"id":8608,"date":"2021-11-02T15:59:48","date_gmt":"2021-11-02T13:59:48","guid":{"rendered":"https:\/\/www.docuteam.ch\/?p=8608"},"modified":"2025-02-18T16:17:59","modified_gmt":"2025-02-18T14:17:59","slug":"de-larchivage-des-applications-metier-reflexions-au-sein-du-siar-a-neuchatel","status":"publish","type":"post","link":"https:\/\/www.docuteam.ch\/fr\/de-larchivage-des-applications-metier-reflexions-au-sein-du-siar-a-neuchatel\/","title":{"rendered":"De l\u2019archivage des applications m\u00e9tier \u2013 R\u00e9flexions au sein du SIAr \u00e0 Neuch\u00e2tel"},"content":{"rendered":"<div class=\"wpb-content-wrapper\">[vc_row][vc_column][vc_column_text font_size=\u00a0\u00bbd:20|tl:20|tp:20|pl:17|pp:17&Prime; line_height=\u00a0\u00bb2&Prime;]Le 29 octobre 2021 a eu lieu \u00e0 Zoug une table ronde sur \u00abLes donn\u00e9es communales dans les applications sp\u00e9cialis\u00e9es cantonales et nationales\u00bb dans le cadre du groupe de travail \u00abArchives communales\u00bb de l&rsquo;Association des archivistes suisses.<\/p>\n<p>Dans ce cadre nous avons pr\u00e9sent\u00e9 les r\u00e9flexions que nous menons au sein du Service intercommunal d&rsquo;archivage (<a href=\"http:\/\/www.siar.ch\" target=\"_blank\" rel=\"noopener\">SIAr<\/a>) dans le canton de Neuch\u00e2tel :<\/p>\n<ul>\n<li>Les applications sont mises \u00e0 disposition par diff\u00e9rents organismes qui ne sont pas g\u00e9r\u00e9s par les communes (Conf\u00e9d\u00e9ration, Canton, service informatique des communes, autre) : Qui est responsable de la bonne conservation de ces donn\u00e9es et qui est charg\u00e9 de leur archivage\u00a0?<\/li>\n<li>Les archivistes doivent identifier quelles sont les applications utilis\u00e9es dans les communes : Lesquels de ces programmes ont des donn\u00e9es \u00e0 conserver de mani\u00e8re probante et\/ou p\u00e9renne ? Comment extraire ces donn\u00e9es pour les d\u00e9truire ou les archiver conform\u00e9ment au cadre l\u00e9gal\u00a0?<\/li>\n<li>Que faire concr\u00e8tement lorsqu&rsquo;une application comptable qui contient des donn\u00e9es \u00e0 valeur archivistique est arr\u00eat\u00e9e par le service informatique des communes (retour d&rsquo;exp\u00e9rience avec l&rsquo;application SAINet qui produisait les grands livres d&rsquo;une commune) ?<\/li>\n<\/ul>\n<p>Cette th\u00e9matique \u00e9troitement li\u00e9e \u00e0 l&rsquo;\u00e9valuation archivistique et \u00e0 l&rsquo;archivage \u00e9lectronique n&rsquo;en n&rsquo;a pas fini d&rsquo;\u00eatre d\u00e9battue au sein des institutions suisses.[\/vc_column_text][\/vc_column][\/vc_row][vc_row css=\u00a0\u00bb.vc_custom_1643029578411{padding-top: 40px !important;}\u00a0\u00bb][vc_column][vc_column_text font_size=\u00a0\u00bbd:20|tl:20|tp:20|pl:17|pp:17&Prime; line_height=\u00a0\u00bb2&Prime;]<strong><a title=\"De l\u2019archivage des applications m\u00e9tier \u2013 R\u00e9flexions au sein du Service intercommunal d\u2019archivage (SIAr) \u00e0 Neuch\u00e2tel\" href=\"\/\/www.slideshare.net\/GillianeKern\/de-larchivage-des-applications-mtier-rflexions-au-sein-du-service-intercommunal-darchivage-siar-neuchtel\" target=\"_blank\" rel=\"noopener\">De l\u2019archivage des applications m\u00e9tier \u2013 R\u00e9flexions au sein du Service intercommunal d\u2019archivage (SIAr) \u00e0 Neuch\u00e2tel<\/a> <\/strong> from <strong><a href=\"https:\/\/www.slideshare.net\/GillianeKern\" target=\"_blank\" rel=\"noopener\">Gilliane Kern<\/a><\/strong><\/p>\n<p><iframe loading=\"lazy\" src=\"\/\/www.slideshare.net\/slideshow\/embed_code\/key\/o7cmAmVQp9OMv\" width=\"595\" height=\"485\" frameborder=\"0\" marginwidth=\"0\" marginheight=\"0\" scrolling=\"no\" allowfullscreen=\"allowfullscreen\"> <\/iframe>[\/vc_column_text][\/vc_column][\/vc_row]\n<\/div>","protected":false},"excerpt":{"rendered":"<p>[vc_row][vc_column][vc_column_text font_size=\u00a0\u00bbd:20|tl:20|tp:20|pl:17|pp:17&Prime; line_height=\u00a0\u00bb2&Prime;]Le 29 octobre 2021 a eu lieu \u00e0 Zoug une table ronde sur \u00abLes donn\u00e9es communales dans les applications sp\u00e9cialis\u00e9es cantonales et nationales\u00bb dans le cadre du groupe de travail \u00abArchives communales\u00bb de l&rsquo;Association des archivistes suisses. Dans ce cadre nous avons pr\u00e9sent\u00e9 les r\u00e9flexions que nous menons au sein du Service intercommunal&hellip;<\/p>\n","protected":false},"author":3,"featured_media":0,"comment_status":"open","ping_status":"open","sticky":false,"template":"","format":"standard","meta":{"footnotes":""},"categories":[61],"tags":[],"post_series":[],"class_list":["post-8608","post","type-post","status-publish","format-standard","hentry","category-archivage-electronique","entry","no-media"],"yoast_head":"<!-- This site is optimized with the Yoast SEO plugin v27.5 - https:\/\/yoast.com\/product\/yoast-seo-wordpress\/ -->\n<title>docuteam - Archivage des applications m\u00e9tier<\/title>\n<meta name=\"description\" content=\"R\u00e9flexions au sein Service intercommunal d&#039;archivage du canton de Neuch\u00e2tel : conservation et gestion des donn\u00e9es d&#039;applications m\u00e9tiers.\" \/>\n<meta name=\"robots\" content=\"index, follow, max-snippet:-1, max-image-preview:large, max-video-preview:-1\" \/>\n<link rel=\"canonical\" href=\"https:\/\/www.docuteam.ch\/fr\/de-larchivage-des-applications-metier-reflexions-au-sein-du-siar-a-neuchatel\/\" \/>\n<meta property=\"og:locale\" content=\"fr_FR\" \/>\n<meta property=\"og:type\" content=\"article\" \/>\n<meta property=\"og:title\" content=\"docuteam - Archivage des applications m\u00e9tier\" \/>\n<meta property=\"og:description\" content=\"R\u00e9flexions au sein Service intercommunal d&#039;archivage du canton de Neuch\u00e2tel : conservation et gestion des donn\u00e9es d&#039;applications m\u00e9tiers.\" \/>\n<meta property=\"og:url\" content=\"https:\/\/www.docuteam.ch\/fr\/de-larchivage-des-applications-metier-reflexions-au-sein-du-siar-a-neuchatel\/\" \/>\n<meta property=\"og:site_name\" content=\"docuteam\" \/>\n<meta property=\"article:published_time\" content=\"2021-11-02T13:59:48+00:00\" \/>\n<meta property=\"article:modified_time\" content=\"2025-02-18T14:17:59+00:00\" \/>\n<meta property=\"og:image\" content=\"https:\/\/www.docuteam.ch\/wp-content\/uploads\/2021\/04\/docuteam_archivinformatik_UltraHD-scaled.jpg\" \/>\n\t<meta property=\"og:image:width\" content=\"2560\" \/>\n\t<meta property=\"og:image:height\" content=\"1440\" \/>\n\t<meta property=\"og:image:type\" content=\"image\/jpeg\" \/>\n<meta name=\"author\" content=\"Andreas Steigmeier\" \/>\n<meta name=\"twitter:card\" content=\"summary_large_image\" \/>\n<meta name=\"twitter:title\" content=\"docuteam - Archivage des applications m\u00e9tier\" \/>\n<meta name=\"twitter:description\" content=\"R\u00e9flexions au sein Service intercommunal d&#039;archivage du canton de Neuch\u00e2tel : conservation et gestion des donn\u00e9es d&#039;applications m\u00e9tiers.\" \/>\n<meta name=\"twitter:image\" content=\"https:\/\/www.docuteam.ch\/wp-content\/uploads\/2021\/04\/docuteam_archivinformatik_UltraHD-scaled.jpg\" \/>\n<meta name=\"twitter:creator\" content=\"@DocuteamCH\" \/>\n<meta name=\"twitter:site\" content=\"@DocuteamCH\" \/>\n<script type=\"application\/ld+json\" class=\"yoast-schema-graph\">{\"@context\":\"https:\\\/\\\/schema.org\",\"@graph\":[{\"@type\":\"Article\",\"@id\":\"https:\\\/\\\/www.docuteam.ch\\\/fr\\\/de-larchivage-des-applications-metier-reflexions-au-sein-du-siar-a-neuchatel\\\/#article\",\"isPartOf\":{\"@id\":\"https:\\\/\\\/www.docuteam.ch\\\/fr\\\/de-larchivage-des-applications-metier-reflexions-au-sein-du-siar-a-neuchatel\\\/\"},\"author\":{\"name\":\"Andreas Steigmeier\",\"@id\":\"https:\\\/\\\/www.docuteam.ch\\\/fr\\\/#\\\/schema\\\/person\\\/69ba3cba1dc89380ca20dc29a17f2b2d\"},\"headline\":\"De l\u2019archivage des applications m\u00e9tier \u2013 R\u00e9flexions au sein du SIAr \u00e0 Neuch\u00e2tel\",\"datePublished\":\"2021-11-02T13:59:48+00:00\",\"dateModified\":\"2025-02-18T14:17:59+00:00\",\"mainEntityOfPage\":{\"@id\":\"https:\\\/\\\/www.docuteam.ch\\\/fr\\\/de-larchivage-des-applications-metier-reflexions-au-sein-du-siar-a-neuchatel\\\/\"},\"wordCount\":308,\"commentCount\":0,\"publisher\":{\"@id\":\"https:\\\/\\\/www.docuteam.ch\\\/fr\\\/#organization\"},\"articleSection\":[\"Archivage \u00e9lectronique\"],\"inLanguage\":\"fr-FR\",\"potentialAction\":[{\"@type\":\"CommentAction\",\"name\":\"Comment\",\"target\":[\"https:\\\/\\\/www.docuteam.ch\\\/fr\\\/de-larchivage-des-applications-metier-reflexions-au-sein-du-siar-a-neuchatel\\\/#respond\"]}]},{\"@type\":\"WebPage\",\"@id\":\"https:\\\/\\\/www.docuteam.ch\\\/fr\\\/de-larchivage-des-applications-metier-reflexions-au-sein-du-siar-a-neuchatel\\\/\",\"url\":\"https:\\\/\\\/www.docuteam.ch\\\/fr\\\/de-larchivage-des-applications-metier-reflexions-au-sein-du-siar-a-neuchatel\\\/\",\"name\":\"docuteam - Archivage des applications m\u00e9tier\",\"isPartOf\":{\"@id\":\"https:\\\/\\\/www.docuteam.ch\\\/fr\\\/#website\"},\"datePublished\":\"2021-11-02T13:59:48+00:00\",\"dateModified\":\"2025-02-18T14:17:59+00:00\",\"description\":\"R\u00e9flexions au sein Service intercommunal d'archivage du canton de Neuch\u00e2tel : conservation et gestion des donn\u00e9es d'applications m\u00e9tiers.\",\"breadcrumb\":{\"@id\":\"https:\\\/\\\/www.docuteam.ch\\\/fr\\\/de-larchivage-des-applications-metier-reflexions-au-sein-du-siar-a-neuchatel\\\/#breadcrumb\"},\"inLanguage\":\"fr-FR\",\"potentialAction\":[{\"@type\":\"ReadAction\",\"target\":[\"https:\\\/\\\/www.docuteam.ch\\\/fr\\\/de-larchivage-des-applications-metier-reflexions-au-sein-du-siar-a-neuchatel\\\/\"]}]},{\"@type\":\"BreadcrumbList\",\"@id\":\"https:\\\/\\\/www.docuteam.ch\\\/fr\\\/de-larchivage-des-applications-metier-reflexions-au-sein-du-siar-a-neuchatel\\\/#breadcrumb\",\"itemListElement\":[{\"@type\":\"ListItem\",\"position\":1,\"name\":\"Accueil\",\"item\":\"https:\\\/\\\/www.docuteam.ch\\\/fr\\\/\"},{\"@type\":\"ListItem\",\"position\":2,\"name\":\"De l\u2019archivage des applications m\u00e9tier \u2013 R\u00e9flexions au sein du SIAr \u00e0 Neuch\u00e2tel\"}]},{\"@type\":\"WebSite\",\"@id\":\"https:\\\/\\\/www.docuteam.ch\\\/fr\\\/#website\",\"url\":\"https:\\\/\\\/www.docuteam.ch\\\/fr\\\/\",\"name\":\"docuteam\",\"description\":\"Informationen sind Ihr langfristiges Kapital\",\"publisher\":{\"@id\":\"https:\\\/\\\/www.docuteam.ch\\\/fr\\\/#organization\"},\"potentialAction\":[{\"@type\":\"SearchAction\",\"target\":{\"@type\":\"EntryPoint\",\"urlTemplate\":\"https:\\\/\\\/www.docuteam.ch\\\/fr\\\/?s={search_term_string}\"},\"query-input\":{\"@type\":\"PropertyValueSpecification\",\"valueRequired\":true,\"valueName\":\"search_term_string\"}}],\"inLanguage\":\"fr-FR\"},{\"@type\":\"Organization\",\"@id\":\"https:\\\/\\\/www.docuteam.ch\\\/fr\\\/#organization\",\"name\":\"docuteam\",\"url\":\"https:\\\/\\\/www.docuteam.ch\\\/fr\\\/\",\"logo\":{\"@type\":\"ImageObject\",\"inLanguage\":\"fr-FR\",\"@id\":\"https:\\\/\\\/www.docuteam.ch\\\/fr\\\/#\\\/schema\\\/logo\\\/image\\\/\",\"url\":\"https:\\\/\\\/www.docuteam.ch\\\/wp-content\\\/uploads\\\/2021\\\/03\\\/docuteam_big.png\",\"contentUrl\":\"https:\\\/\\\/www.docuteam.ch\\\/wp-content\\\/uploads\\\/2021\\\/03\\\/docuteam_big.png\",\"width\":200,\"height\":45,\"caption\":\"docuteam\"},\"image\":{\"@id\":\"https:\\\/\\\/www.docuteam.ch\\\/fr\\\/#\\\/schema\\\/logo\\\/image\\\/\"},\"sameAs\":[\"https:\\\/\\\/x.com\\\/DocuteamCH\",\"https:\\\/\\\/www.linkedin.com\\\/company\\\/docuteam-ag\\\/mycompany\\\/\"]},{\"@type\":\"Person\",\"@id\":\"https:\\\/\\\/www.docuteam.ch\\\/fr\\\/#\\\/schema\\\/person\\\/69ba3cba1dc89380ca20dc29a17f2b2d\",\"name\":\"Andreas Steigmeier\",\"image\":{\"@type\":\"ImageObject\",\"inLanguage\":\"fr-FR\",\"@id\":\"https:\\\/\\\/secure.gravatar.com\\\/avatar\\\/38cc08a5c7ced22dbfe6671ff7471a8aa49d407f539ec6ee1985fc0e36afc586?s=96&d=mm&r=g\",\"url\":\"https:\\\/\\\/secure.gravatar.com\\\/avatar\\\/38cc08a5c7ced22dbfe6671ff7471a8aa49d407f539ec6ee1985fc0e36afc586?s=96&d=mm&r=g\",\"contentUrl\":\"https:\\\/\\\/secure.gravatar.com\\\/avatar\\\/38cc08a5c7ced22dbfe6671ff7471a8aa49d407f539ec6ee1985fc0e36afc586?s=96&d=mm&r=g\",\"caption\":\"Andreas Steigmeier\"},\"url\":\"https:\\\/\\\/www.docuteam.ch\\\/fr\\\/author\\\/andreas\\\/\"}]}<\/script>\n<!-- \/ Yoast SEO plugin. -->","yoast_head_json":{"title":"docuteam - Archivage des applications m\u00e9tier","description":"R\u00e9flexions au sein Service intercommunal d'archivage du canton de Neuch\u00e2tel : conservation et gestion des donn\u00e9es d'applications m\u00e9tiers.","robots":{"index":"index","follow":"follow","max-snippet":"max-snippet:-1","max-image-preview":"max-image-preview:large","max-video-preview":"max-video-preview:-1"},"canonical":"https:\/\/www.docuteam.ch\/fr\/de-larchivage-des-applications-metier-reflexions-au-sein-du-siar-a-neuchatel\/","og_locale":"fr_FR","og_type":"article","og_title":"docuteam - Archivage des applications m\u00e9tier","og_description":"R\u00e9flexions au sein Service intercommunal d'archivage du canton de Neuch\u00e2tel : conservation et gestion des donn\u00e9es d'applications m\u00e9tiers.","og_url":"https:\/\/www.docuteam.ch\/fr\/de-larchivage-des-applications-metier-reflexions-au-sein-du-siar-a-neuchatel\/","og_site_name":"docuteam","article_published_time":"2021-11-02T13:59:48+00:00","article_modified_time":"2025-02-18T14:17:59+00:00","og_image":[{"width":2560,"height":1440,"url":"https:\/\/www.docuteam.ch\/wp-content\/uploads\/2021\/04\/docuteam_archivinformatik_UltraHD-scaled.jpg","type":"image\/jpeg"}],"author":"Andreas Steigmeier","twitter_card":"summary_large_image","twitter_title":"docuteam - Archivage des applications m\u00e9tier","twitter_description":"R\u00e9flexions au sein Service intercommunal d'archivage du canton de Neuch\u00e2tel : conservation et gestion des donn\u00e9es d'applications m\u00e9tiers.","twitter_image":"https:\/\/www.docuteam.ch\/wp-content\/uploads\/2021\/04\/docuteam_archivinformatik_UltraHD-scaled.jpg","twitter_creator":"@DocuteamCH","twitter_site":"@DocuteamCH","schema":{"@context":"https:\/\/schema.org","@graph":[{"@type":"Article","@id":"https:\/\/www.docuteam.ch\/fr\/de-larchivage-des-applications-metier-reflexions-au-sein-du-siar-a-neuchatel\/#article","isPartOf":{"@id":"https:\/\/www.docuteam.ch\/fr\/de-larchivage-des-applications-metier-reflexions-au-sein-du-siar-a-neuchatel\/"},"author":{"name":"Andreas Steigmeier","@id":"https:\/\/www.docuteam.ch\/fr\/#\/schema\/person\/69ba3cba1dc89380ca20dc29a17f2b2d"},"headline":"De l\u2019archivage des applications m\u00e9tier \u2013 R\u00e9flexions au sein du SIAr \u00e0 Neuch\u00e2tel","datePublished":"2021-11-02T13:59:48+00:00","dateModified":"2025-02-18T14:17:59+00:00","mainEntityOfPage":{"@id":"https:\/\/www.docuteam.ch\/fr\/de-larchivage-des-applications-metier-reflexions-au-sein-du-siar-a-neuchatel\/"},"wordCount":308,"commentCount":0,"publisher":{"@id":"https:\/\/www.docuteam.ch\/fr\/#organization"},"articleSection":["Archivage \u00e9lectronique"],"inLanguage":"fr-FR","potentialAction":[{"@type":"CommentAction","name":"Comment","target":["https:\/\/www.docuteam.ch\/fr\/de-larchivage-des-applications-metier-reflexions-au-sein-du-siar-a-neuchatel\/#respond"]}]},{"@type":"WebPage","@id":"https:\/\/www.docuteam.ch\/fr\/de-larchivage-des-applications-metier-reflexions-au-sein-du-siar-a-neuchatel\/","url":"https:\/\/www.docuteam.ch\/fr\/de-larchivage-des-applications-metier-reflexions-au-sein-du-siar-a-neuchatel\/","name":"docuteam - Archivage des applications m\u00e9tier","isPartOf":{"@id":"https:\/\/www.docuteam.ch\/fr\/#website"},"datePublished":"2021-11-02T13:59:48+00:00","dateModified":"2025-02-18T14:17:59+00:00","description":"R\u00e9flexions au sein Service intercommunal d'archivage du canton de Neuch\u00e2tel : conservation et gestion des donn\u00e9es d'applications m\u00e9tiers.","breadcrumb":{"@id":"https:\/\/www.docuteam.ch\/fr\/de-larchivage-des-applications-metier-reflexions-au-sein-du-siar-a-neuchatel\/#breadcrumb"},"inLanguage":"fr-FR","potentialAction":[{"@type":"ReadAction","target":["https:\/\/www.docuteam.ch\/fr\/de-larchivage-des-applications-metier-reflexions-au-sein-du-siar-a-neuchatel\/"]}]},{"@type":"BreadcrumbList","@id":"https:\/\/www.docuteam.ch\/fr\/de-larchivage-des-applications-metier-reflexions-au-sein-du-siar-a-neuchatel\/#breadcrumb","itemListElement":[{"@type":"ListItem","position":1,"name":"Accueil","item":"https:\/\/www.docuteam.ch\/fr\/"},{"@type":"ListItem","position":2,"name":"De l\u2019archivage des applications m\u00e9tier \u2013 R\u00e9flexions au sein du SIAr \u00e0 Neuch\u00e2tel"}]},{"@type":"WebSite","@id":"https:\/\/www.docuteam.ch\/fr\/#website","url":"https:\/\/www.docuteam.ch\/fr\/","name":"docuteam","description":"Informationen sind Ihr langfristiges Kapital","publisher":{"@id":"https:\/\/www.docuteam.ch\/fr\/#organization"},"potentialAction":[{"@type":"SearchAction","target":{"@type":"EntryPoint","urlTemplate":"https:\/\/www.docuteam.ch\/fr\/?s={search_term_string}"},"query-input":{"@type":"PropertyValueSpecification","valueRequired":true,"valueName":"search_term_string"}}],"inLanguage":"fr-FR"},{"@type":"Organization","@id":"https:\/\/www.docuteam.ch\/fr\/#organization","name":"docuteam","url":"https:\/\/www.docuteam.ch\/fr\/","logo":{"@type":"ImageObject","inLanguage":"fr-FR","@id":"https:\/\/www.docuteam.ch\/fr\/#\/schema\/logo\/image\/","url":"https:\/\/www.docuteam.ch\/wp-content\/uploads\/2021\/03\/docuteam_big.png","contentUrl":"https:\/\/www.docuteam.ch\/wp-content\/uploads\/2021\/03\/docuteam_big.png","width":200,"height":45,"caption":"docuteam"},"image":{"@id":"https:\/\/www.docuteam.ch\/fr\/#\/schema\/logo\/image\/"},"sameAs":["https:\/\/x.com\/DocuteamCH","https:\/\/www.linkedin.com\/company\/docuteam-ag\/mycompany\/"]},{"@type":"Person","@id":"https:\/\/www.docuteam.ch\/fr\/#\/schema\/person\/69ba3cba1dc89380ca20dc29a17f2b2d","name":"Andreas Steigmeier","image":{"@type":"ImageObject","inLanguage":"fr-FR","@id":"https:\/\/secure.gravatar.com\/avatar\/38cc08a5c7ced22dbfe6671ff7471a8aa49d407f539ec6ee1985fc0e36afc586?s=96&d=mm&r=g","url":"https:\/\/secure.gravatar.com\/avatar\/38cc08a5c7ced22dbfe6671ff7471a8aa49d407f539ec6ee1985fc0e36afc586?s=96&d=mm&r=g","contentUrl":"https:\/\/secure.gravatar.com\/avatar\/38cc08a5c7ced22dbfe6671ff7471a8aa49d407f539ec6ee1985fc0e36afc586?s=96&d=mm&r=g","caption":"Andreas Steigmeier"},"url":"https:\/\/www.docuteam.ch\/fr\/author\/andreas\/"}]}},"_links":{"self":[{"href":"https:\/\/www.docuteam.ch\/fr\/wp-json\/wp\/v2\/posts\/8608","targetHints":{"allow":["GET"]}}],"collection":[{"href":"https:\/\/www.docuteam.ch\/fr\/wp-json\/wp\/v2\/posts"}],"about":[{"href":"https:\/\/www.docuteam.ch\/fr\/wp-json\/wp\/v2\/types\/post"}],"author":[{"embeddable":true,"href":"https:\/\/www.docuteam.ch\/fr\/wp-json\/wp\/v2\/users\/3"}],"replies":[{"embeddable":true,"href":"https:\/\/www.docuteam.ch\/fr\/wp-json\/wp\/v2\/comments?post=8608"}],"version-history":[{"count":10,"href":"https:\/\/www.docuteam.ch\/fr\/wp-json\/wp\/v2\/posts\/8608\/revisions"}],"predecessor-version":[{"id":55740,"href":"https:\/\/www.docuteam.ch\/fr\/wp-json\/wp\/v2\/posts\/8608\/revisions\/55740"}],"wp:attachment":[{"href":"https:\/\/www.docuteam.ch\/fr\/wp-json\/wp\/v2\/media?parent=8608"}],"wp:term":[{"taxonomy":"category","embeddable":true,"href":"https:\/\/www.docuteam.ch\/fr\/wp-json\/wp\/v2\/categories?post=8608"},{"taxonomy":"post_tag","embeddable":true,"href":"https:\/\/www.docuteam.ch\/fr\/wp-json\/wp\/v2\/tags?post=8608"},{"taxonomy":"post_series","embeddable":true,"href":"https:\/\/www.docuteam.ch\/fr\/wp-json\/wp\/v2\/post_series?post=8608"}],"curies":[{"name":"wp","href":"https:\/\/api.w.org\/{rel}","templated":true}]}}