{"id":9575,"date":"2022-02-25T16:00:18","date_gmt":"2022-02-25T14:00:18","guid":{"rendered":"https:\/\/www.docuteam.ch\/?p=9575"},"modified":"2025-02-18T16:17:13","modified_gmt":"2025-02-18T14:17:13","slug":"la-boite-darchive-on-tour-a-lecoute-de-conseils-documentaires","status":"publish","type":"post","link":"https:\/\/www.docuteam.ch\/fr\/la-boite-darchive-on-tour-a-lecoute-de-conseils-documentaires\/","title":{"rendered":"La bo\u00eete d&rsquo;Archive on tour \u00e0 l&rsquo;\u00e9coute de conseils documentaires"},"content":{"rendered":"<p>\u00c0 l&rsquo;occasion des 100 ans de l&rsquo;Association des archivistes suisses (VSA-AAS), une bo\u00eete d\u2019archives part en tourn\u00e9e \u00e0 la d\u00e9couverte du riche paysage archivistique de la Suisse et de la Principaut\u00e9 du Liechtenstein.<\/p>\n<p>Lors de son passage dans la commune genevoise de Collonge-Bellerive, \u00abArchie\u00bb (comme nous avons surnomm\u00e9 cette bo\u00eete entre nous) en a profit\u00e9 pour participer avec grand plaisir \u00e0 une s\u00e9ance de conception du plan d&rsquo;archivage dans le cadre de la mise en \u0153uvre d&rsquo;un syst\u00e8me de gestion \u00e9lectronique des documents (GED) dans la commune.<\/p>\n<p><img loading=\"lazy\" decoding=\"async\" class=\"aligncenter wp-image-9578 size-large\" src=\"https:\/\/www.docuteam.ch\/wp-content\/uploads\/2022\/02\/Archive-on-tour_Collonge-Bellerive-1024x724.jpg\" alt=\"Archive on tour \u00e0 Collonge-Bellerive\" width=\"980\" height=\"693\" srcset=\"https:\/\/www.docuteam.ch\/wp-content\/uploads\/2022\/02\/Archive-on-tour_Collonge-Bellerive-1024x724.jpg 1024w, https:\/\/www.docuteam.ch\/wp-content\/uploads\/2022\/02\/Archive-on-tour_Collonge-Bellerive-300x212.jpg 300w, https:\/\/www.docuteam.ch\/wp-content\/uploads\/2022\/02\/Archive-on-tour_Collonge-Bellerive-768x543.jpg 768w, https:\/\/www.docuteam.ch\/wp-content\/uploads\/2022\/02\/Archive-on-tour_Collonge-Bellerive-1536x1086.jpg 1536w, https:\/\/www.docuteam.ch\/wp-content\/uploads\/2022\/02\/Archive-on-tour_Collonge-Bellerive-2048x1448.jpg 2048w\" sizes=\"auto, (max-width: 980px) 100vw, 980px\" \/><\/p>\n<p>C&rsquo;est l&rsquo;occasion de rappeler que docuteam collabore de mani\u00e8re enrichissante depuis 2019 avec des archivistes communaux genevois et avec le Service intercommunal d\u2019informatique des communes genevoises (<a href=\"https:\/\/www.acg.ch\/SIACG\" target=\"_blank\" rel=\"noopener\">SIACG<\/a>) pour soutenir les administrations communales (grandes, moyennes et petites) dans la d\u00e9mat\u00e9rialisation de leurs processus tout en respectant le cadre l\u00e9gal et les contraintes archivistiques.<\/p>\n<p>Bonne suite de voyage petite bo\u00eete, nous esp\u00e9rons que tes rencontres seront enrichissantes et que nous aurons d&rsquo;autres occasions de te revoir !<\/p>\n","protected":false},"excerpt":{"rendered":"<p>\u00c0 l&rsquo;occasion des 100 ans de l&rsquo;Association des archivistes suisses (VSA-AAS), une bo\u00eete d\u2019archives part en tourn\u00e9e \u00e0 la d\u00e9couverte du riche paysage archivistique de la Suisse et de la Principaut\u00e9 du Liechtenstein. Lors de son passage dans la commune genevoise de Collonge-Bellerive, \u00abArchie\u00bb (comme nous avons surnomm\u00e9 cette bo\u00eete entre nous) en a profit\u00e9&hellip;<\/p>\n","protected":false},"author":3,"featured_media":0,"comment_status":"open","ping_status":"open","sticky":false,"template":"","format":"standard","meta":{"footnotes":""},"categories":[62,63,73],"tags":[],"post_series":[],"class_list":["post-9575","post","type-post","status-publish","format-standard","hentry","category-actualites","category-formations-et-evenements","category-reseau","entry","no-media"],"yoast_head":"<!-- This site is optimized with the Yoast SEO plugin v27.5 - https:\/\/yoast.com\/product\/yoast-seo-wordpress\/ -->\n<title>docuteam - La bo\u00eete d&#039;Archive on tour \u00e0 l&#039;\u00e9coute de conseils documentaires<\/title>\n<meta name=\"description\" content=\"La bo\u00eete de l&#039;AAS participe \u00e0 un projet de gestion documentaire dans une commune genevoise en collaboration avec le service informatique SIACG.\" \/>\n<meta name=\"robots\" content=\"index, follow, max-snippet:-1, max-image-preview:large, max-video-preview:-1\" \/>\n<link rel=\"canonical\" href=\"https:\/\/www.docuteam.ch\/fr\/la-boite-darchive-on-tour-a-lecoute-de-conseils-documentaires\/\" \/>\n<meta property=\"og:locale\" content=\"fr_FR\" \/>\n<meta property=\"og:type\" content=\"article\" \/>\n<meta property=\"og:title\" content=\"La bo\u00eete d&#039;Archive on tour \u00e0 Collonge-Bellerive\" \/>\n<meta property=\"og:description\" content=\"La bo\u00eete des 100 ans de l&#039;AAS participe \u00e0 un projet de gestion documentaire dans une commune genevoise en collaboration avec le service informatique SIACG.La bo\u00eete d&#039;Archive on tour profite d&#039;une \u00e9tape dans la commune genevoise de Collonge-Bellerive pour participer \u00e0 un projet de gestion documentaire en collaboration avec le service informatique SIACG.Merci \u00e0 Mathieu Saboureau (archiviste de Collonge-Bellerive) de nous avoir accueilli et de mener le projet, \u00e0 Genevi\u00e8ve Pagani (SIACG) pour ses conseils informatiques avec le syst\u00e8me de GED et \u00e0 Gilliane Kern pour ses retours d&#039;exp\u00e9riences documentaires d&#039;autres communes. #archivCH #archiveontour\" \/>\n<meta property=\"og:url\" content=\"https:\/\/www.docuteam.ch\/fr\/la-boite-darchive-on-tour-a-lecoute-de-conseils-documentaires\/\" \/>\n<meta property=\"og:site_name\" content=\"docuteam\" \/>\n<meta property=\"article:published_time\" content=\"2022-02-25T14:00:18+00:00\" \/>\n<meta property=\"article:modified_time\" content=\"2025-02-18T14:17:13+00:00\" \/>\n<meta property=\"og:image\" content=\"https:\/\/www.docuteam.ch\/wp-content\/uploads\/2022\/02\/Archive-on-tour_Collonge-Bellerive-scaled.jpg\" \/>\n\t<meta property=\"og:image:width\" content=\"2560\" \/>\n\t<meta property=\"og:image:height\" content=\"1810\" \/>\n\t<meta property=\"og:image:type\" content=\"image\/jpeg\" \/>\n<meta name=\"author\" content=\"Andreas Steigmeier\" \/>\n<meta name=\"twitter:card\" content=\"summary_large_image\" \/>\n<meta name=\"twitter:title\" content=\"La bo\u00eete d&#039;Archive on tour \u00e0 Collonge-Bellerive\" \/>\n<meta name=\"twitter:description\" content=\"La bo\u00eete des 100 ans de l&#039;AAS participe \u00e0 un projet de gestion documentaire dans une commune genevoise en collaboration avec le service informatique SIACG. #archivCH #archiveontour\" \/>\n<meta name=\"twitter:image\" content=\"https:\/\/www.docuteam.ch\/wp-content\/uploads\/2022\/02\/Archive-on-tour_Collonge-Bellerive-scaled.jpg\" \/>\n<meta name=\"twitter:creator\" content=\"@DocuteamCH\" \/>\n<meta name=\"twitter:site\" content=\"@DocuteamCH\" \/>\n<script type=\"application\/ld+json\" class=\"yoast-schema-graph\">{\"@context\":\"https:\\\/\\\/schema.org\",\"@graph\":[{\"@type\":\"Article\",\"@id\":\"https:\\\/\\\/www.docuteam.ch\\\/fr\\\/la-boite-darchive-on-tour-a-lecoute-de-conseils-documentaires\\\/#article\",\"isPartOf\":{\"@id\":\"https:\\\/\\\/www.docuteam.ch\\\/fr\\\/la-boite-darchive-on-tour-a-lecoute-de-conseils-documentaires\\\/\"},\"author\":{\"name\":\"Andreas Steigmeier\",\"@id\":\"https:\\\/\\\/www.docuteam.ch\\\/fr\\\/#\\\/schema\\\/person\\\/69ba3cba1dc89380ca20dc29a17f2b2d\"},\"headline\":\"La bo\u00eete d&rsquo;Archive on tour \u00e0 l&rsquo;\u00e9coute de conseils documentaires\",\"datePublished\":\"2022-02-25T14:00:18+00:00\",\"dateModified\":\"2025-02-18T14:17:13+00:00\",\"mainEntityOfPage\":{\"@id\":\"https:\\\/\\\/www.docuteam.ch\\\/fr\\\/la-boite-darchive-on-tour-a-lecoute-de-conseils-documentaires\\\/\"},\"wordCount\":189,\"commentCount\":0,\"publisher\":{\"@id\":\"https:\\\/\\\/www.docuteam.ch\\\/fr\\\/#organization\"},\"image\":{\"@id\":\"https:\\\/\\\/www.docuteam.ch\\\/fr\\\/la-boite-darchive-on-tour-a-lecoute-de-conseils-documentaires\\\/#primaryimage\"},\"thumbnailUrl\":\"https:\\\/\\\/www.docuteam.ch\\\/wp-content\\\/uploads\\\/2022\\\/02\\\/Archive-on-tour_Collonge-Bellerive-1024x724.jpg\",\"articleSection\":[\"Actualit\u00e9s\",\"Formations et \u00e9v\u00e9nements\",\"R\u00e9seau\"],\"inLanguage\":\"fr-FR\",\"potentialAction\":[{\"@type\":\"CommentAction\",\"name\":\"Comment\",\"target\":[\"https:\\\/\\\/www.docuteam.ch\\\/fr\\\/la-boite-darchive-on-tour-a-lecoute-de-conseils-documentaires\\\/#respond\"]}]},{\"@type\":\"WebPage\",\"@id\":\"https:\\\/\\\/www.docuteam.ch\\\/fr\\\/la-boite-darchive-on-tour-a-lecoute-de-conseils-documentaires\\\/\",\"url\":\"https:\\\/\\\/www.docuteam.ch\\\/fr\\\/la-boite-darchive-on-tour-a-lecoute-de-conseils-documentaires\\\/\",\"name\":\"docuteam - La bo\u00eete d'Archive on tour \u00e0 l'\u00e9coute de conseils documentaires\",\"isPartOf\":{\"@id\":\"https:\\\/\\\/www.docuteam.ch\\\/fr\\\/#website\"},\"primaryImageOfPage\":{\"@id\":\"https:\\\/\\\/www.docuteam.ch\\\/fr\\\/la-boite-darchive-on-tour-a-lecoute-de-conseils-documentaires\\\/#primaryimage\"},\"image\":{\"@id\":\"https:\\\/\\\/www.docuteam.ch\\\/fr\\\/la-boite-darchive-on-tour-a-lecoute-de-conseils-documentaires\\\/#primaryimage\"},\"thumbnailUrl\":\"https:\\\/\\\/www.docuteam.ch\\\/wp-content\\\/uploads\\\/2022\\\/02\\\/Archive-on-tour_Collonge-Bellerive-1024x724.jpg\",\"datePublished\":\"2022-02-25T14:00:18+00:00\",\"dateModified\":\"2025-02-18T14:17:13+00:00\",\"description\":\"La bo\u00eete de l'AAS participe \u00e0 un projet de gestion documentaire dans une commune genevoise en collaboration avec le service informatique SIACG.\",\"breadcrumb\":{\"@id\":\"https:\\\/\\\/www.docuteam.ch\\\/fr\\\/la-boite-darchive-on-tour-a-lecoute-de-conseils-documentaires\\\/#breadcrumb\"},\"inLanguage\":\"fr-FR\",\"potentialAction\":[{\"@type\":\"ReadAction\",\"target\":[\"https:\\\/\\\/www.docuteam.ch\\\/fr\\\/la-boite-darchive-on-tour-a-lecoute-de-conseils-documentaires\\\/\"]}]},{\"@type\":\"ImageObject\",\"inLanguage\":\"fr-FR\",\"@id\":\"https:\\\/\\\/www.docuteam.ch\\\/fr\\\/la-boite-darchive-on-tour-a-lecoute-de-conseils-documentaires\\\/#primaryimage\",\"url\":\"https:\\\/\\\/www.docuteam.ch\\\/wp-content\\\/uploads\\\/2022\\\/02\\\/Archive-on-tour_Collonge-Bellerive-1024x724.jpg\",\"contentUrl\":\"https:\\\/\\\/www.docuteam.ch\\\/wp-content\\\/uploads\\\/2022\\\/02\\\/Archive-on-tour_Collonge-Bellerive-1024x724.jpg\"},{\"@type\":\"BreadcrumbList\",\"@id\":\"https:\\\/\\\/www.docuteam.ch\\\/fr\\\/la-boite-darchive-on-tour-a-lecoute-de-conseils-documentaires\\\/#breadcrumb\",\"itemListElement\":[{\"@type\":\"ListItem\",\"position\":1,\"name\":\"Accueil\",\"item\":\"https:\\\/\\\/www.docuteam.ch\\\/fr\\\/\"},{\"@type\":\"ListItem\",\"position\":2,\"name\":\"La bo\u00eete d&#8217;Archive on tour \u00e0 l&#8217;\u00e9coute de conseils documentaires\"}]},{\"@type\":\"WebSite\",\"@id\":\"https:\\\/\\\/www.docuteam.ch\\\/fr\\\/#website\",\"url\":\"https:\\\/\\\/www.docuteam.ch\\\/fr\\\/\",\"name\":\"docuteam\",\"description\":\"Informationen sind Ihr langfristiges Kapital\",\"publisher\":{\"@id\":\"https:\\\/\\\/www.docuteam.ch\\\/fr\\\/#organization\"},\"potentialAction\":[{\"@type\":\"SearchAction\",\"target\":{\"@type\":\"EntryPoint\",\"urlTemplate\":\"https:\\\/\\\/www.docuteam.ch\\\/fr\\\/?s={search_term_string}\"},\"query-input\":{\"@type\":\"PropertyValueSpecification\",\"valueRequired\":true,\"valueName\":\"search_term_string\"}}],\"inLanguage\":\"fr-FR\"},{\"@type\":\"Organization\",\"@id\":\"https:\\\/\\\/www.docuteam.ch\\\/fr\\\/#organization\",\"name\":\"docuteam\",\"url\":\"https:\\\/\\\/www.docuteam.ch\\\/fr\\\/\",\"logo\":{\"@type\":\"ImageObject\",\"inLanguage\":\"fr-FR\",\"@id\":\"https:\\\/\\\/www.docuteam.ch\\\/fr\\\/#\\\/schema\\\/logo\\\/image\\\/\",\"url\":\"https:\\\/\\\/www.docuteam.ch\\\/wp-content\\\/uploads\\\/2021\\\/03\\\/docuteam_big.png\",\"contentUrl\":\"https:\\\/\\\/www.docuteam.ch\\\/wp-content\\\/uploads\\\/2021\\\/03\\\/docuteam_big.png\",\"width\":200,\"height\":45,\"caption\":\"docuteam\"},\"image\":{\"@id\":\"https:\\\/\\\/www.docuteam.ch\\\/fr\\\/#\\\/schema\\\/logo\\\/image\\\/\"},\"sameAs\":[\"https:\\\/\\\/x.com\\\/DocuteamCH\",\"https:\\\/\\\/www.linkedin.com\\\/company\\\/docuteam-ag\\\/mycompany\\\/\"]},{\"@type\":\"Person\",\"@id\":\"https:\\\/\\\/www.docuteam.ch\\\/fr\\\/#\\\/schema\\\/person\\\/69ba3cba1dc89380ca20dc29a17f2b2d\",\"name\":\"Andreas Steigmeier\",\"image\":{\"@type\":\"ImageObject\",\"inLanguage\":\"fr-FR\",\"@id\":\"https:\\\/\\\/secure.gravatar.com\\\/avatar\\\/38cc08a5c7ced22dbfe6671ff7471a8aa49d407f539ec6ee1985fc0e36afc586?s=96&d=mm&r=g\",\"url\":\"https:\\\/\\\/secure.gravatar.com\\\/avatar\\\/38cc08a5c7ced22dbfe6671ff7471a8aa49d407f539ec6ee1985fc0e36afc586?s=96&d=mm&r=g\",\"contentUrl\":\"https:\\\/\\\/secure.gravatar.com\\\/avatar\\\/38cc08a5c7ced22dbfe6671ff7471a8aa49d407f539ec6ee1985fc0e36afc586?s=96&d=mm&r=g\",\"caption\":\"Andreas Steigmeier\"},\"url\":\"https:\\\/\\\/www.docuteam.ch\\\/fr\\\/author\\\/andreas\\\/\"}]}<\/script>\n<!-- \/ Yoast SEO plugin. -->","yoast_head_json":{"title":"docuteam - La bo\u00eete d'Archive on tour \u00e0 l'\u00e9coute de conseils documentaires","description":"La bo\u00eete de l'AAS participe \u00e0 un projet de gestion documentaire dans une commune genevoise en collaboration avec le service informatique SIACG.","robots":{"index":"index","follow":"follow","max-snippet":"max-snippet:-1","max-image-preview":"max-image-preview:large","max-video-preview":"max-video-preview:-1"},"canonical":"https:\/\/www.docuteam.ch\/fr\/la-boite-darchive-on-tour-a-lecoute-de-conseils-documentaires\/","og_locale":"fr_FR","og_type":"article","og_title":"La bo\u00eete d'Archive on tour \u00e0 Collonge-Bellerive","og_description":"La bo\u00eete des 100 ans de l'AAS participe \u00e0 un projet de gestion documentaire dans une commune genevoise en collaboration avec le service informatique SIACG.La bo\u00eete d'Archive on tour profite d'une \u00e9tape dans la commune genevoise de Collonge-Bellerive pour participer \u00e0 un projet de gestion documentaire en collaboration avec le service informatique SIACG.Merci \u00e0 Mathieu Saboureau (archiviste de Collonge-Bellerive) de nous avoir accueilli et de mener le projet, \u00e0 Genevi\u00e8ve Pagani (SIACG) pour ses conseils informatiques avec le syst\u00e8me de GED et \u00e0 Gilliane Kern pour ses retours d'exp\u00e9riences documentaires d'autres communes. #archivCH #archiveontour","og_url":"https:\/\/www.docuteam.ch\/fr\/la-boite-darchive-on-tour-a-lecoute-de-conseils-documentaires\/","og_site_name":"docuteam","article_published_time":"2022-02-25T14:00:18+00:00","article_modified_time":"2025-02-18T14:17:13+00:00","og_image":[{"width":2560,"height":1810,"url":"https:\/\/www.docuteam.ch\/wp-content\/uploads\/2022\/02\/Archive-on-tour_Collonge-Bellerive-scaled.jpg","type":"image\/jpeg"}],"author":"Andreas Steigmeier","twitter_card":"summary_large_image","twitter_title":"La bo\u00eete d'Archive on tour \u00e0 Collonge-Bellerive","twitter_description":"La bo\u00eete des 100 ans de l'AAS participe \u00e0 un projet de gestion documentaire dans une commune genevoise en collaboration avec le service informatique SIACG. #archivCH #archiveontour","twitter_image":"https:\/\/www.docuteam.ch\/wp-content\/uploads\/2022\/02\/Archive-on-tour_Collonge-Bellerive-scaled.jpg","twitter_creator":"@DocuteamCH","twitter_site":"@DocuteamCH","schema":{"@context":"https:\/\/schema.org","@graph":[{"@type":"Article","@id":"https:\/\/www.docuteam.ch\/fr\/la-boite-darchive-on-tour-a-lecoute-de-conseils-documentaires\/#article","isPartOf":{"@id":"https:\/\/www.docuteam.ch\/fr\/la-boite-darchive-on-tour-a-lecoute-de-conseils-documentaires\/"},"author":{"name":"Andreas Steigmeier","@id":"https:\/\/www.docuteam.ch\/fr\/#\/schema\/person\/69ba3cba1dc89380ca20dc29a17f2b2d"},"headline":"La bo\u00eete d&rsquo;Archive on tour \u00e0 l&rsquo;\u00e9coute de conseils documentaires","datePublished":"2022-02-25T14:00:18+00:00","dateModified":"2025-02-18T14:17:13+00:00","mainEntityOfPage":{"@id":"https:\/\/www.docuteam.ch\/fr\/la-boite-darchive-on-tour-a-lecoute-de-conseils-documentaires\/"},"wordCount":189,"commentCount":0,"publisher":{"@id":"https:\/\/www.docuteam.ch\/fr\/#organization"},"image":{"@id":"https:\/\/www.docuteam.ch\/fr\/la-boite-darchive-on-tour-a-lecoute-de-conseils-documentaires\/#primaryimage"},"thumbnailUrl":"https:\/\/www.docuteam.ch\/wp-content\/uploads\/2022\/02\/Archive-on-tour_Collonge-Bellerive-1024x724.jpg","articleSection":["Actualit\u00e9s","Formations et \u00e9v\u00e9nements","R\u00e9seau"],"inLanguage":"fr-FR","potentialAction":[{"@type":"CommentAction","name":"Comment","target":["https:\/\/www.docuteam.ch\/fr\/la-boite-darchive-on-tour-a-lecoute-de-conseils-documentaires\/#respond"]}]},{"@type":"WebPage","@id":"https:\/\/www.docuteam.ch\/fr\/la-boite-darchive-on-tour-a-lecoute-de-conseils-documentaires\/","url":"https:\/\/www.docuteam.ch\/fr\/la-boite-darchive-on-tour-a-lecoute-de-conseils-documentaires\/","name":"docuteam - La bo\u00eete d'Archive on tour \u00e0 l'\u00e9coute de conseils documentaires","isPartOf":{"@id":"https:\/\/www.docuteam.ch\/fr\/#website"},"primaryImageOfPage":{"@id":"https:\/\/www.docuteam.ch\/fr\/la-boite-darchive-on-tour-a-lecoute-de-conseils-documentaires\/#primaryimage"},"image":{"@id":"https:\/\/www.docuteam.ch\/fr\/la-boite-darchive-on-tour-a-lecoute-de-conseils-documentaires\/#primaryimage"},"thumbnailUrl":"https:\/\/www.docuteam.ch\/wp-content\/uploads\/2022\/02\/Archive-on-tour_Collonge-Bellerive-1024x724.jpg","datePublished":"2022-02-25T14:00:18+00:00","dateModified":"2025-02-18T14:17:13+00:00","description":"La bo\u00eete de l'AAS participe \u00e0 un projet de gestion documentaire dans une commune genevoise en collaboration avec le service informatique SIACG.","breadcrumb":{"@id":"https:\/\/www.docuteam.ch\/fr\/la-boite-darchive-on-tour-a-lecoute-de-conseils-documentaires\/#breadcrumb"},"inLanguage":"fr-FR","potentialAction":[{"@type":"ReadAction","target":["https:\/\/www.docuteam.ch\/fr\/la-boite-darchive-on-tour-a-lecoute-de-conseils-documentaires\/"]}]},{"@type":"ImageObject","inLanguage":"fr-FR","@id":"https:\/\/www.docuteam.ch\/fr\/la-boite-darchive-on-tour-a-lecoute-de-conseils-documentaires\/#primaryimage","url":"https:\/\/www.docuteam.ch\/wp-content\/uploads\/2022\/02\/Archive-on-tour_Collonge-Bellerive-1024x724.jpg","contentUrl":"https:\/\/www.docuteam.ch\/wp-content\/uploads\/2022\/02\/Archive-on-tour_Collonge-Bellerive-1024x724.jpg"},{"@type":"BreadcrumbList","@id":"https:\/\/www.docuteam.ch\/fr\/la-boite-darchive-on-tour-a-lecoute-de-conseils-documentaires\/#breadcrumb","itemListElement":[{"@type":"ListItem","position":1,"name":"Accueil","item":"https:\/\/www.docuteam.ch\/fr\/"},{"@type":"ListItem","position":2,"name":"La bo\u00eete d&#8217;Archive on tour \u00e0 l&#8217;\u00e9coute de conseils documentaires"}]},{"@type":"WebSite","@id":"https:\/\/www.docuteam.ch\/fr\/#website","url":"https:\/\/www.docuteam.ch\/fr\/","name":"docuteam","description":"Informationen sind Ihr langfristiges Kapital","publisher":{"@id":"https:\/\/www.docuteam.ch\/fr\/#organization"},"potentialAction":[{"@type":"SearchAction","target":{"@type":"EntryPoint","urlTemplate":"https:\/\/www.docuteam.ch\/fr\/?s={search_term_string}"},"query-input":{"@type":"PropertyValueSpecification","valueRequired":true,"valueName":"search_term_string"}}],"inLanguage":"fr-FR"},{"@type":"Organization","@id":"https:\/\/www.docuteam.ch\/fr\/#organization","name":"docuteam","url":"https:\/\/www.docuteam.ch\/fr\/","logo":{"@type":"ImageObject","inLanguage":"fr-FR","@id":"https:\/\/www.docuteam.ch\/fr\/#\/schema\/logo\/image\/","url":"https:\/\/www.docuteam.ch\/wp-content\/uploads\/2021\/03\/docuteam_big.png","contentUrl":"https:\/\/www.docuteam.ch\/wp-content\/uploads\/2021\/03\/docuteam_big.png","width":200,"height":45,"caption":"docuteam"},"image":{"@id":"https:\/\/www.docuteam.ch\/fr\/#\/schema\/logo\/image\/"},"sameAs":["https:\/\/x.com\/DocuteamCH","https:\/\/www.linkedin.com\/company\/docuteam-ag\/mycompany\/"]},{"@type":"Person","@id":"https:\/\/www.docuteam.ch\/fr\/#\/schema\/person\/69ba3cba1dc89380ca20dc29a17f2b2d","name":"Andreas Steigmeier","image":{"@type":"ImageObject","inLanguage":"fr-FR","@id":"https:\/\/secure.gravatar.com\/avatar\/38cc08a5c7ced22dbfe6671ff7471a8aa49d407f539ec6ee1985fc0e36afc586?s=96&d=mm&r=g","url":"https:\/\/secure.gravatar.com\/avatar\/38cc08a5c7ced22dbfe6671ff7471a8aa49d407f539ec6ee1985fc0e36afc586?s=96&d=mm&r=g","contentUrl":"https:\/\/secure.gravatar.com\/avatar\/38cc08a5c7ced22dbfe6671ff7471a8aa49d407f539ec6ee1985fc0e36afc586?s=96&d=mm&r=g","caption":"Andreas Steigmeier"},"url":"https:\/\/www.docuteam.ch\/fr\/author\/andreas\/"}]}},"_links":{"self":[{"href":"https:\/\/www.docuteam.ch\/fr\/wp-json\/wp\/v2\/posts\/9575","targetHints":{"allow":["GET"]}}],"collection":[{"href":"https:\/\/www.docuteam.ch\/fr\/wp-json\/wp\/v2\/posts"}],"about":[{"href":"https:\/\/www.docuteam.ch\/fr\/wp-json\/wp\/v2\/types\/post"}],"author":[{"embeddable":true,"href":"https:\/\/www.docuteam.ch\/fr\/wp-json\/wp\/v2\/users\/3"}],"replies":[{"embeddable":true,"href":"https:\/\/www.docuteam.ch\/fr\/wp-json\/wp\/v2\/comments?post=9575"}],"version-history":[{"count":5,"href":"https:\/\/www.docuteam.ch\/fr\/wp-json\/wp\/v2\/posts\/9575\/revisions"}],"predecessor-version":[{"id":55619,"href":"https:\/\/www.docuteam.ch\/fr\/wp-json\/wp\/v2\/posts\/9575\/revisions\/55619"}],"wp:attachment":[{"href":"https:\/\/www.docuteam.ch\/fr\/wp-json\/wp\/v2\/media?parent=9575"}],"wp:term":[{"taxonomy":"category","embeddable":true,"href":"https:\/\/www.docuteam.ch\/fr\/wp-json\/wp\/v2\/categories?post=9575"},{"taxonomy":"post_tag","embeddable":true,"href":"https:\/\/www.docuteam.ch\/fr\/wp-json\/wp\/v2\/tags?post=9575"},{"taxonomy":"post_series","embeddable":true,"href":"https:\/\/www.docuteam.ch\/fr\/wp-json\/wp\/v2\/post_series?post=9575"}],"curies":[{"name":"wp","href":"https:\/\/api.w.org\/{rel}","templated":true}]}}