{"id":9802,"date":"2022-06-07T14:11:01","date_gmt":"2022-06-07T12:11:01","guid":{"rendered":"https:\/\/www.docuteam.ch\/?p=9802"},"modified":"2025-02-18T16:15:43","modified_gmt":"2025-02-18T14:15:43","slug":"archivage-electronique-pour-communes-2022","status":"publish","type":"post","link":"https:\/\/www.docuteam.ch\/fr\/archivage-electronique-pour-communes-2022\/","title":{"rendered":"Solution d&rsquo;archivage \u00e9lectronique pour les communes (webinaire 2022)"},"content":{"rendered":"<div class=\"wpb-content-wrapper\">[vc_row][vc_column][vc_column_text]Les 31 mai et 2 juin 2022 nous avons pr\u00e9sent\u00e9 aux communes romandes qui le d\u00e9siraient un webinaire sur l&rsquo;archivage \u00e9lectronique comprenant les aspects suivants :<\/p>\n<ul>\n<li>L\u2019archivage \u00e9lectronique<\/li>\n<li>La solution docuteam cosmos<\/li>\n<li>Concr\u00e8tement<\/li>\n<li>Processus et d\u00e9cisions de la commune : Que dois-je archiver ? (quelques exemples pratiques de vrac num\u00e9rique, syst\u00e8me de GED\/GEVER et applications m\u00e9tier)<\/li>\n<li>Service d\u2019archivage int\u00e9gr\u00e9 (archives papier vs archives num\u00e9riques)<\/li>\n<li>Introduire docuteam cosmos dans une commune (pour quels co\u00fbts)<\/li>\n<\/ul>\n[\/vc_column_text][vc_btn title=\u00a0\u00bbPr\u00e9sentation PDF\u00a0\u00bb style=\u00a0\u00bbcustom\u00a0\u00bb custom_background=\u00a0\u00bb#cc0000&Prime; custom_text=\u00a0\u00bb#ffffff\u00a0\u00bb link=\u00a0\u00bburl:https%3A%2F%2Fwww.docuteam.ch%2Fwp-content%2Fuploads%2F2022%2F06%2FPres_docuteamcosmos_20220607_Ke.pdf|target:_blank|rel:nofollow\u00a0\u00bb css=\u00a0\u00bb.vc_custom_1635233087980{padding-top: 20px !important;}\u00a0\u00bb][vc_column_text][\/vc_column_text][\/vc_column][\/vc_row][vc_row][vc_column][vc_video link=\u00a0\u00bbhttps:\/\/www.youtube.com\/watch?v=9et-Xs9ffvA\u00a0\u00bb title=\u00a0\u00bbSolution d&rsquo;archivage \u00e9lectronique pour les communes (enregistrement)\u00a0\u00bb][\/vc_column][\/vc_row]\n<\/div>","protected":false},"excerpt":{"rendered":"<p>[vc_row][vc_column][vc_column_text]Les 31 mai et 2 juin 2022 nous avons pr\u00e9sent\u00e9 aux communes romandes qui le d\u00e9siraient un webinaire sur l&rsquo;archivage \u00e9lectronique comprenant les aspects suivants : L\u2019archivage \u00e9lectronique La solution docuteam cosmos Concr\u00e8tement Processus et d\u00e9cisions de la commune : Que dois-je archiver ? (quelques exemples pratiques de vrac num\u00e9rique, syst\u00e8me de GED\/GEVER et applications&hellip;<\/p>\n","protected":false},"author":3,"featured_media":0,"comment_status":"open","ping_status":"open","sticky":false,"template":"","format":"standard","meta":{"footnotes":""},"categories":[61,63],"tags":[],"post_series":[],"class_list":["post-9802","post","type-post","status-publish","format-standard","hentry","category-archivage-electronique","category-formations-et-evenements","entry","no-media"],"yoast_head":"<!-- This site is optimized with the Yoast SEO plugin v27.5 - https:\/\/yoast.com\/product\/yoast-seo-wordpress\/ -->\n<title>docuteam - Archivage \u00e9lectronique pour les communes (webinaire 2022)<\/title>\n<meta name=\"description\" content=\"Archivage \u00e9lectronique, que dois-je archiver ?, service d\u2019archivage int\u00e9gr\u00e9 (archives papier vs archives num\u00e9riques), introduire docuteam cosmos dans une commune (pour quels co\u00fbts)\" \/>\n<meta name=\"robots\" content=\"index, follow, max-snippet:-1, max-image-preview:large, max-video-preview:-1\" \/>\n<link rel=\"canonical\" href=\"https:\/\/www.docuteam.ch\/fr\/archivage-electronique-pour-communes-2022\/\" \/>\n<meta property=\"og:locale\" content=\"fr_FR\" \/>\n<meta property=\"og:type\" content=\"article\" \/>\n<meta property=\"og:title\" content=\"docuteam - Archivage \u00e9lectronique pour les communes (webinaire 2022)\" \/>\n<meta property=\"og:description\" content=\"Archivage \u00e9lectronique, que dois-je archiver ?, service d\u2019archivage int\u00e9gr\u00e9 (archives papier vs archives num\u00e9riques), introduire docuteam cosmos dans une commune (pour quels co\u00fbts)\" \/>\n<meta property=\"og:url\" content=\"https:\/\/www.docuteam.ch\/fr\/archivage-electronique-pour-communes-2022\/\" \/>\n<meta property=\"og:site_name\" content=\"docuteam\" \/>\n<meta property=\"article:published_time\" content=\"2022-06-07T12:11:01+00:00\" \/>\n<meta property=\"article:modified_time\" content=\"2025-02-18T14:15:43+00:00\" \/>\n<meta property=\"og:image\" content=\"https:\/\/www.docuteam.ch\/wp-content\/uploads\/2021\/04\/docuteam_ueberuns_UltraHD-scaled.jpg\" \/>\n\t<meta property=\"og:image:width\" content=\"2560\" \/>\n\t<meta property=\"og:image:height\" content=\"1440\" \/>\n\t<meta property=\"og:image:type\" content=\"image\/jpeg\" \/>\n<meta name=\"author\" content=\"Andreas Steigmeier\" \/>\n<meta name=\"twitter:card\" content=\"summary_large_image\" \/>\n<meta name=\"twitter:creator\" content=\"@DocuteamCH\" \/>\n<meta name=\"twitter:site\" content=\"@DocuteamCH\" \/>\n<script type=\"application\/ld+json\" class=\"yoast-schema-graph\">{\"@context\":\"https:\\\/\\\/schema.org\",\"@graph\":[{\"@type\":\"Article\",\"@id\":\"https:\\\/\\\/www.docuteam.ch\\\/fr\\\/archivage-electronique-pour-communes-2022\\\/#article\",\"isPartOf\":{\"@id\":\"https:\\\/\\\/www.docuteam.ch\\\/fr\\\/archivage-electronique-pour-communes-2022\\\/\"},\"author\":{\"name\":\"Andreas Steigmeier\",\"@id\":\"https:\\\/\\\/www.docuteam.ch\\\/fr\\\/#\\\/schema\\\/person\\\/69ba3cba1dc89380ca20dc29a17f2b2d\"},\"headline\":\"Solution d&rsquo;archivage \u00e9lectronique pour les communes (webinaire 2022)\",\"datePublished\":\"2022-06-07T12:11:01+00:00\",\"dateModified\":\"2025-02-18T14:15:43+00:00\",\"mainEntityOfPage\":{\"@id\":\"https:\\\/\\\/www.docuteam.ch\\\/fr\\\/archivage-electronique-pour-communes-2022\\\/\"},\"wordCount\":177,\"commentCount\":0,\"publisher\":{\"@id\":\"https:\\\/\\\/www.docuteam.ch\\\/fr\\\/#organization\"},\"articleSection\":[\"Archivage \u00e9lectronique\",\"Formations et \u00e9v\u00e9nements\"],\"inLanguage\":\"fr-FR\",\"potentialAction\":[{\"@type\":\"CommentAction\",\"name\":\"Comment\",\"target\":[\"https:\\\/\\\/www.docuteam.ch\\\/fr\\\/archivage-electronique-pour-communes-2022\\\/#respond\"]}]},{\"@type\":\"WebPage\",\"@id\":\"https:\\\/\\\/www.docuteam.ch\\\/fr\\\/archivage-electronique-pour-communes-2022\\\/\",\"url\":\"https:\\\/\\\/www.docuteam.ch\\\/fr\\\/archivage-electronique-pour-communes-2022\\\/\",\"name\":\"docuteam - Archivage \u00e9lectronique pour les communes (webinaire 2022)\",\"isPartOf\":{\"@id\":\"https:\\\/\\\/www.docuteam.ch\\\/fr\\\/#website\"},\"datePublished\":\"2022-06-07T12:11:01+00:00\",\"dateModified\":\"2025-02-18T14:15:43+00:00\",\"description\":\"Archivage \u00e9lectronique, que dois-je archiver ?, service d\u2019archivage int\u00e9gr\u00e9 (archives papier vs archives num\u00e9riques), introduire docuteam cosmos dans une commune (pour quels co\u00fbts)\",\"breadcrumb\":{\"@id\":\"https:\\\/\\\/www.docuteam.ch\\\/fr\\\/archivage-electronique-pour-communes-2022\\\/#breadcrumb\"},\"inLanguage\":\"fr-FR\",\"potentialAction\":[{\"@type\":\"ReadAction\",\"target\":[\"https:\\\/\\\/www.docuteam.ch\\\/fr\\\/archivage-electronique-pour-communes-2022\\\/\"]}]},{\"@type\":\"BreadcrumbList\",\"@id\":\"https:\\\/\\\/www.docuteam.ch\\\/fr\\\/archivage-electronique-pour-communes-2022\\\/#breadcrumb\",\"itemListElement\":[{\"@type\":\"ListItem\",\"position\":1,\"name\":\"Accueil\",\"item\":\"https:\\\/\\\/www.docuteam.ch\\\/fr\\\/\"},{\"@type\":\"ListItem\",\"position\":2,\"name\":\"Solution d&#8217;archivage \u00e9lectronique pour les communes (webinaire 2022)\"}]},{\"@type\":\"WebSite\",\"@id\":\"https:\\\/\\\/www.docuteam.ch\\\/fr\\\/#website\",\"url\":\"https:\\\/\\\/www.docuteam.ch\\\/fr\\\/\",\"name\":\"docuteam\",\"description\":\"Informationen sind Ihr langfristiges Kapital\",\"publisher\":{\"@id\":\"https:\\\/\\\/www.docuteam.ch\\\/fr\\\/#organization\"},\"potentialAction\":[{\"@type\":\"SearchAction\",\"target\":{\"@type\":\"EntryPoint\",\"urlTemplate\":\"https:\\\/\\\/www.docuteam.ch\\\/fr\\\/?s={search_term_string}\"},\"query-input\":{\"@type\":\"PropertyValueSpecification\",\"valueRequired\":true,\"valueName\":\"search_term_string\"}}],\"inLanguage\":\"fr-FR\"},{\"@type\":\"Organization\",\"@id\":\"https:\\\/\\\/www.docuteam.ch\\\/fr\\\/#organization\",\"name\":\"docuteam\",\"url\":\"https:\\\/\\\/www.docuteam.ch\\\/fr\\\/\",\"logo\":{\"@type\":\"ImageObject\",\"inLanguage\":\"fr-FR\",\"@id\":\"https:\\\/\\\/www.docuteam.ch\\\/fr\\\/#\\\/schema\\\/logo\\\/image\\\/\",\"url\":\"https:\\\/\\\/www.docuteam.ch\\\/wp-content\\\/uploads\\\/2021\\\/03\\\/docuteam_big.png\",\"contentUrl\":\"https:\\\/\\\/www.docuteam.ch\\\/wp-content\\\/uploads\\\/2021\\\/03\\\/docuteam_big.png\",\"width\":200,\"height\":45,\"caption\":\"docuteam\"},\"image\":{\"@id\":\"https:\\\/\\\/www.docuteam.ch\\\/fr\\\/#\\\/schema\\\/logo\\\/image\\\/\"},\"sameAs\":[\"https:\\\/\\\/x.com\\\/DocuteamCH\",\"https:\\\/\\\/www.linkedin.com\\\/company\\\/docuteam-ag\\\/mycompany\\\/\"]},{\"@type\":\"Person\",\"@id\":\"https:\\\/\\\/www.docuteam.ch\\\/fr\\\/#\\\/schema\\\/person\\\/69ba3cba1dc89380ca20dc29a17f2b2d\",\"name\":\"Andreas Steigmeier\",\"image\":{\"@type\":\"ImageObject\",\"inLanguage\":\"fr-FR\",\"@id\":\"https:\\\/\\\/secure.gravatar.com\\\/avatar\\\/38cc08a5c7ced22dbfe6671ff7471a8aa49d407f539ec6ee1985fc0e36afc586?s=96&d=mm&r=g\",\"url\":\"https:\\\/\\\/secure.gravatar.com\\\/avatar\\\/38cc08a5c7ced22dbfe6671ff7471a8aa49d407f539ec6ee1985fc0e36afc586?s=96&d=mm&r=g\",\"contentUrl\":\"https:\\\/\\\/secure.gravatar.com\\\/avatar\\\/38cc08a5c7ced22dbfe6671ff7471a8aa49d407f539ec6ee1985fc0e36afc586?s=96&d=mm&r=g\",\"caption\":\"Andreas Steigmeier\"},\"url\":\"https:\\\/\\\/www.docuteam.ch\\\/fr\\\/author\\\/andreas\\\/\"}]}<\/script>\n<!-- \/ Yoast SEO plugin. -->","yoast_head_json":{"title":"docuteam - Archivage \u00e9lectronique pour les communes (webinaire 2022)","description":"Archivage \u00e9lectronique, que dois-je archiver ?, service d\u2019archivage int\u00e9gr\u00e9 (archives papier vs archives num\u00e9riques), introduire docuteam cosmos dans une commune (pour quels co\u00fbts)","robots":{"index":"index","follow":"follow","max-snippet":"max-snippet:-1","max-image-preview":"max-image-preview:large","max-video-preview":"max-video-preview:-1"},"canonical":"https:\/\/www.docuteam.ch\/fr\/archivage-electronique-pour-communes-2022\/","og_locale":"fr_FR","og_type":"article","og_title":"docuteam - Archivage \u00e9lectronique pour les communes (webinaire 2022)","og_description":"Archivage \u00e9lectronique, que dois-je archiver ?, service d\u2019archivage int\u00e9gr\u00e9 (archives papier vs archives num\u00e9riques), introduire docuteam cosmos dans une commune (pour quels co\u00fbts)","og_url":"https:\/\/www.docuteam.ch\/fr\/archivage-electronique-pour-communes-2022\/","og_site_name":"docuteam","article_published_time":"2022-06-07T12:11:01+00:00","article_modified_time":"2025-02-18T14:15:43+00:00","og_image":[{"width":2560,"height":1440,"url":"https:\/\/www.docuteam.ch\/wp-content\/uploads\/2021\/04\/docuteam_ueberuns_UltraHD-scaled.jpg","type":"image\/jpeg"}],"author":"Andreas Steigmeier","twitter_card":"summary_large_image","twitter_creator":"@DocuteamCH","twitter_site":"@DocuteamCH","schema":{"@context":"https:\/\/schema.org","@graph":[{"@type":"Article","@id":"https:\/\/www.docuteam.ch\/fr\/archivage-electronique-pour-communes-2022\/#article","isPartOf":{"@id":"https:\/\/www.docuteam.ch\/fr\/archivage-electronique-pour-communes-2022\/"},"author":{"name":"Andreas Steigmeier","@id":"https:\/\/www.docuteam.ch\/fr\/#\/schema\/person\/69ba3cba1dc89380ca20dc29a17f2b2d"},"headline":"Solution d&rsquo;archivage \u00e9lectronique pour les communes (webinaire 2022)","datePublished":"2022-06-07T12:11:01+00:00","dateModified":"2025-02-18T14:15:43+00:00","mainEntityOfPage":{"@id":"https:\/\/www.docuteam.ch\/fr\/archivage-electronique-pour-communes-2022\/"},"wordCount":177,"commentCount":0,"publisher":{"@id":"https:\/\/www.docuteam.ch\/fr\/#organization"},"articleSection":["Archivage \u00e9lectronique","Formations et \u00e9v\u00e9nements"],"inLanguage":"fr-FR","potentialAction":[{"@type":"CommentAction","name":"Comment","target":["https:\/\/www.docuteam.ch\/fr\/archivage-electronique-pour-communes-2022\/#respond"]}]},{"@type":"WebPage","@id":"https:\/\/www.docuteam.ch\/fr\/archivage-electronique-pour-communes-2022\/","url":"https:\/\/www.docuteam.ch\/fr\/archivage-electronique-pour-communes-2022\/","name":"docuteam - Archivage \u00e9lectronique pour les communes (webinaire 2022)","isPartOf":{"@id":"https:\/\/www.docuteam.ch\/fr\/#website"},"datePublished":"2022-06-07T12:11:01+00:00","dateModified":"2025-02-18T14:15:43+00:00","description":"Archivage \u00e9lectronique, que dois-je archiver ?, service d\u2019archivage int\u00e9gr\u00e9 (archives papier vs archives num\u00e9riques), introduire docuteam cosmos dans une commune (pour quels co\u00fbts)","breadcrumb":{"@id":"https:\/\/www.docuteam.ch\/fr\/archivage-electronique-pour-communes-2022\/#breadcrumb"},"inLanguage":"fr-FR","potentialAction":[{"@type":"ReadAction","target":["https:\/\/www.docuteam.ch\/fr\/archivage-electronique-pour-communes-2022\/"]}]},{"@type":"BreadcrumbList","@id":"https:\/\/www.docuteam.ch\/fr\/archivage-electronique-pour-communes-2022\/#breadcrumb","itemListElement":[{"@type":"ListItem","position":1,"name":"Accueil","item":"https:\/\/www.docuteam.ch\/fr\/"},{"@type":"ListItem","position":2,"name":"Solution d&#8217;archivage \u00e9lectronique pour les communes (webinaire 2022)"}]},{"@type":"WebSite","@id":"https:\/\/www.docuteam.ch\/fr\/#website","url":"https:\/\/www.docuteam.ch\/fr\/","name":"docuteam","description":"Informationen sind Ihr langfristiges Kapital","publisher":{"@id":"https:\/\/www.docuteam.ch\/fr\/#organization"},"potentialAction":[{"@type":"SearchAction","target":{"@type":"EntryPoint","urlTemplate":"https:\/\/www.docuteam.ch\/fr\/?s={search_term_string}"},"query-input":{"@type":"PropertyValueSpecification","valueRequired":true,"valueName":"search_term_string"}}],"inLanguage":"fr-FR"},{"@type":"Organization","@id":"https:\/\/www.docuteam.ch\/fr\/#organization","name":"docuteam","url":"https:\/\/www.docuteam.ch\/fr\/","logo":{"@type":"ImageObject","inLanguage":"fr-FR","@id":"https:\/\/www.docuteam.ch\/fr\/#\/schema\/logo\/image\/","url":"https:\/\/www.docuteam.ch\/wp-content\/uploads\/2021\/03\/docuteam_big.png","contentUrl":"https:\/\/www.docuteam.ch\/wp-content\/uploads\/2021\/03\/docuteam_big.png","width":200,"height":45,"caption":"docuteam"},"image":{"@id":"https:\/\/www.docuteam.ch\/fr\/#\/schema\/logo\/image\/"},"sameAs":["https:\/\/x.com\/DocuteamCH","https:\/\/www.linkedin.com\/company\/docuteam-ag\/mycompany\/"]},{"@type":"Person","@id":"https:\/\/www.docuteam.ch\/fr\/#\/schema\/person\/69ba3cba1dc89380ca20dc29a17f2b2d","name":"Andreas Steigmeier","image":{"@type":"ImageObject","inLanguage":"fr-FR","@id":"https:\/\/secure.gravatar.com\/avatar\/38cc08a5c7ced22dbfe6671ff7471a8aa49d407f539ec6ee1985fc0e36afc586?s=96&d=mm&r=g","url":"https:\/\/secure.gravatar.com\/avatar\/38cc08a5c7ced22dbfe6671ff7471a8aa49d407f539ec6ee1985fc0e36afc586?s=96&d=mm&r=g","contentUrl":"https:\/\/secure.gravatar.com\/avatar\/38cc08a5c7ced22dbfe6671ff7471a8aa49d407f539ec6ee1985fc0e36afc586?s=96&d=mm&r=g","caption":"Andreas Steigmeier"},"url":"https:\/\/www.docuteam.ch\/fr\/author\/andreas\/"}]}},"_links":{"self":[{"href":"https:\/\/www.docuteam.ch\/fr\/wp-json\/wp\/v2\/posts\/9802","targetHints":{"allow":["GET"]}}],"collection":[{"href":"https:\/\/www.docuteam.ch\/fr\/wp-json\/wp\/v2\/posts"}],"about":[{"href":"https:\/\/www.docuteam.ch\/fr\/wp-json\/wp\/v2\/types\/post"}],"author":[{"embeddable":true,"href":"https:\/\/www.docuteam.ch\/fr\/wp-json\/wp\/v2\/users\/3"}],"replies":[{"embeddable":true,"href":"https:\/\/www.docuteam.ch\/fr\/wp-json\/wp\/v2\/comments?post=9802"}],"version-history":[{"count":10,"href":"https:\/\/www.docuteam.ch\/fr\/wp-json\/wp\/v2\/posts\/9802\/revisions"}],"predecessor-version":[{"id":10077,"href":"https:\/\/www.docuteam.ch\/fr\/wp-json\/wp\/v2\/posts\/9802\/revisions\/10077"}],"wp:attachment":[{"href":"https:\/\/www.docuteam.ch\/fr\/wp-json\/wp\/v2\/media?parent=9802"}],"wp:term":[{"taxonomy":"category","embeddable":true,"href":"https:\/\/www.docuteam.ch\/fr\/wp-json\/wp\/v2\/categories?post=9802"},{"taxonomy":"post_tag","embeddable":true,"href":"https:\/\/www.docuteam.ch\/fr\/wp-json\/wp\/v2\/tags?post=9802"},{"taxonomy":"post_series","embeddable":true,"href":"https:\/\/www.docuteam.ch\/fr\/wp-json\/wp\/v2\/post_series?post=9802"}],"curies":[{"name":"wp","href":"https:\/\/api.w.org\/{rel}","templated":true}]}}